{"id":90601,"date":"2020-03-26T20:45:55","date_gmt":"2020-03-26T23:45:55","guid":{"rendered":"http:\/\/blitzconquista.com.br\/?p=90601"},"modified":"2020-03-26T20:46:42","modified_gmt":"2020-03-26T23:46:42","slug":"coronavirus-em-novo-decreto-prefeito-de-conquista-flexibiliza-abertura-do-comercio-bares-e-restaurantes-permanecem-fechados","status":"publish","type":"post","link":"https:\/\/blitzconquista.com.br\/?p=90601","title":{"rendered":"Coronav\u00edrus: em novo decreto prefeito de Conquista flexibiliza abertura do com\u00e9rcio; bares e restaurantes permanecem fechados"},"content":{"rendered":"<p style=\"box-sizing: border-box; margin-top: 0px; margin-bottom: 45px; text-align: justify; color: rgb(72, 72, 72); font-weight: 400; font-family: -apple-system, BlinkMacSystemFont, \" segoe ui\", roboto, \"helvetica neue\", arial, sans-serif, \"apple color emoji\", \"segoe ui symbol\"; font-size: 20px; font-style: normal; font-variant-ligatures: font-variant-caps: letter-spacing: orphans: 2; text-indent: 0px; text-transform: none; white-space: widows: word-spacing: -webkit-text-stroke-width: background-color: rgb(255, 255, 255); text-decoration-style: initial; text-decoration-color: initial;\"><img decoding=\"async\" loading=\"lazy\" src=\"http:\/\/blitzconquista.com.br\/wp-content\/uploads\/2020\/03\/coronavirus-602x322-1.jpg\" width=\"602\" height=\"322\" class=\"wp-image-90274 alignnone size-full\" srcset=\"https:\/\/blitzconquista.com.br\/wp-content\/uploads\/2020\/03\/coronavirus-602x322-1.jpg 602w, https:\/\/blitzconquista.com.br\/wp-content\/uploads\/2020\/03\/coronavirus-602x322-1-300x160.jpg 300w\" sizes=\"(max-width: 602px) 100vw, 602px\" \/><\/p>\n<p>Nesta quinta-feira (26), a Prefeitura de Vit\u00f3ria da Conquista publicou o <span> <\/span><a href=\"https:\/\/dom.pmvc.ba.gov.br\/diarios\/previsualizar\/z7j9EgjG\/27\" style=\"box-sizing: border-box; color: rgb(34, 72, 123); text-decoration: none; background-color: transparent; touch-action: manipulation; font-weight: 600;\">Decreto<\/a><span> <\/span><strong style=\"box-sizing: border-box; font-weight: bolder;\"><a href=\"https:\/\/dom.pmvc.ba.gov.br\/diarios\/previsualizar\/z7j9EgjG\/27\" style=\"box-sizing: border-box; color: rgb(34, 72, 123); text-decoration: none; background-color: transparent; touch-action: manipulation; font-weight: 600;\">20.207<\/a><\/strong><span><strong style=\"box-sizing: border-box; font-weight: bolder;\"><a href=\"https:\/\/dom.pmvc.ba.gov.br\/diarios\/previsualizar\/z7j9EgjG\/27\" style=\"box-sizing: border-box; color: rgb(34, 72, 123); text-decoration: none; background-color: transparent; touch-action: manipulation; font-weight: 600;\"> <\/a><\/strong><\/span>, assinado pelo Prefeito Herzem Gusm\u00e3o Pereira, que altera o<span> <\/span><a href=\"https:\/\/dom.pmvc.ba.gov.br\/diarios\/previsualizar\/40VplrVO\/3\" style=\"box-sizing: border-box; color: rgb(34, 72, 123); text-decoration: none; background-color: transparent; touch-action: manipulation; font-weight: 600;\">Decreto 20. 202<\/a> de enfrentamento ao novo Coronav\u00edrus. O novo decreto amplia a rela\u00e7\u00e3o de empresas consideradas como de natureza essencial e que passam a poder operar respeitando as medidas de seguran\u00e7a. Bares e restaurantes devem permanecer fechados.<\/p>\n<p>Confira abaixo quais s\u00e3o os setores poder\u00e3o funcionar:<\/p>\n<p style=\"box-sizing: border-box; margin-top: 0px; margin-bottom: 45px; text-align: justify; color: rgb(72, 72, 72); font-weight: 400; font-family: -apple-system, BlinkMacSystemFont, \" segoe ui\", roboto, \"helvetica neue\", arial, sans-serif, \"apple color emoji\", \"segoe ui symbol\"; font-size: 20px; font-style: normal; font-variant-ligatures: font-variant-caps: letter-spacing: orphans: 2; text-indent: 0px; text-transform: none; white-space: widows: word-spacing: -webkit-text-stroke-width: background-color: rgb(255, 255, 255); text-decoration-style: initial; text-decoration-color: initial;\">I \u2013 servi\u00e7os de sa\u00fade, farm\u00e1cias, assist\u00eancia m\u00e9dica e hospitalar;<br \/>\nII \u2013 hipermercados, supermercados, mercados, feiras livres, a\u00e7ougues, peixarias,<br \/>\nhortifrutigranjeiros, quitandas, centros de abastecimento de alimentos, frigor\u00edficos,<br \/>\ngranjas e todos os demais estabelecimentos relacionados a cadeia produtiva de<br \/>\ng\u00eaneros aliment\u00edcios;<br \/>\nIII \u2013 lojas de conveni\u00eancia;<br \/>\nIV \u2013 lojas de venda de alimenta\u00e7\u00e3o para animais e de produtos indispens\u00e1veis para<br \/>\nprodu\u00e7\u00e3o agropecu\u00e1ria, preven\u00e7\u00e3o, controle de pragas dos vegetais e de doen\u00e7a dos<br \/>\nanimais.<br \/>\nV \u2013 distribuidores de g\u00e1s;<br \/>\nVI \u2013 lojas de venda de \u00e1gua mineral;<br \/>\nVII \u2013 padarias;<br \/>\nVIII \u2013 gera\u00e7\u00e3o, transmiss\u00e3o e distribui\u00e7\u00e3o de energia el\u00e9trica;<br \/>\nIX \u2013 tratamento e abastecimento de \u00e1gua;<br \/>\nX \u2013 capta\u00e7\u00e3o e tratamento de esgoto e lixo;<br \/>\nXI \u2013 processamento de dados ligados a servi\u00e7os essenciais;<br \/>\nXII \u2013 seguran\u00e7a privada;<br \/>\nXIII \u2013 servi\u00e7os funer\u00e1rios;<br \/>\nXIV \u2013 bancos, lot\u00e9ricas e cooperativas de cr\u00e9dito;<br \/>\nXV \u2013 postos de combust\u00edvel;<br \/>\nXVI \u2013 Lojas de material de constru\u00e7\u00e3o, vidra\u00e7arias, marmoraria, serrarias, serralharias<br \/>\ne todos os demais estabelecimentos relacionados a cadeia produtiva da constru\u00e7\u00e3o<br \/>\ncivil;<br \/>\nXVII \u2013 Lojas de auto pe\u00e7as, borracharias, oficinas mec\u00e2nicas e demais<br \/>\nestabelecimentos relacionados a manuten\u00e7\u00e3o de ve\u00edculos automotores;<br \/>\nXVIII \u2013 Concession\u00e1rias de ve\u00edculos;<br \/>\nXIX \u2013 Hot\u00e9is e pousadas;<br \/>\nXX \u2013 outros que vierem a ser definidos em ato expedido pela Secretaria Municipal de<br \/>\nServi\u00e7os P\u00fablicos ou Secretaria Municipal de Sa\u00fade.<\/p>\n<p style=\"box-sizing: border-box; margin-top: 0px; margin-bottom: 45px; text-align: justify; color: rgb(72, 72, 72); font-weight: 400; font-family: -apple-system, BlinkMacSystemFont, \" segoe ui\", roboto, \"helvetica neue\", arial, sans-serif, \"apple color emoji\", \"segoe ui symbol\"; font-size: 20px; font-style: normal; font-variant-ligatures: font-variant-caps: letter-spacing: orphans: 2; text-indent: 0px; text-transform: none; white-space: widows: word-spacing: -webkit-text-stroke-width: background-color: rgb(255, 255, 255); text-decoration-style: initial; text-decoration-color: initial;\">A Prefeitura ressalta que as disposi\u00e7\u00f5es do decreto anterior continuam inalteradas, refor\u00e7ando que todas as medidas visam assegurar o funcionamento da economia local, mantendo o combate ao coronav\u00edrus.<\/p>\n<p>*Com informa\u00e7\u00f5es da Secom<\/p>\n","protected":false},"excerpt":{"rendered":"<p>Nesta quinta-feira (26), a Prefeitura de Vit\u00f3ria da Conquista publicou o Decreto 20.207 , assinado pelo Prefeito Herzem Gusm\u00e3o Pereira, que altera o Decreto 20. 202 de enfrentamento ao novo Coronav\u00edrus. O novo decreto amplia a rela\u00e7\u00e3o de empresas consideradas como de natureza essencial e que passam a poder operar respeitando as medidas de seguran\u00e7a. [&hellip;]<\/p>\n","protected":false},"author":1,"featured_media":90274,"comment_status":"closed","ping_status":"closed","sticky":false,"template":"","format":"standard","meta":[],"categories":[212,5],"tags":[],"_links":{"self":[{"href":"https:\/\/blitzconquista.com.br\/index.php?rest_route=\/wp\/v2\/posts\/90601"}],"collection":[{"href":"https:\/\/blitzconquista.com.br\/index.php?rest_route=\/wp\/v2\/posts"}],"about":[{"href":"https:\/\/blitzconquista.com.br\/index.php?rest_route=\/wp\/v2\/types\/post"}],"author":[{"embeddable":true,"href":"https:\/\/blitzconquista.com.br\/index.php?rest_route=\/wp\/v2\/users\/1"}],"replies":[{"embeddable":true,"href":"https:\/\/blitzconquista.com.br\/index.php?rest_route=%2Fwp%2Fv2%2Fcomments&post=90601"}],"version-history":[{"count":2,"href":"https:\/\/blitzconquista.com.br\/index.php?rest_route=\/wp\/v2\/posts\/90601\/revisions"}],"predecessor-version":[{"id":90603,"href":"https:\/\/blitzconquista.com.br\/index.php?rest_route=\/wp\/v2\/posts\/90601\/revisions\/90603"}],"wp:featuredmedia":[{"embeddable":true,"href":"https:\/\/blitzconquista.com.br\/index.php?rest_route=\/wp\/v2\/media\/90274"}],"wp:attachment":[{"href":"https:\/\/blitzconquista.com.br\/index.php?rest_route=%2Fwp%2Fv2%2Fmedia&parent=90601"}],"wp:term":[{"taxonomy":"category","embeddable":true,"href":"https:\/\/blitzconquista.com.br\/index.php?rest_route=%2Fwp%2Fv2%2Fcategories&post=90601"},{"taxonomy":"post_tag","embeddable":true,"href":"https:\/\/blitzconquista.com.br\/index.php?rest_route=%2Fwp%2Fv2%2Ftags&post=90601"}],"curies":[{"name":"wp","href":"https:\/\/api.w.org\/{rel}","templated":true}]}}