{"id":90605,"date":"2020-03-27T13:21:47","date_gmt":"2020-03-27T16:21:47","guid":{"rendered":"http:\/\/blitzconquista.com.br\/?p=90605"},"modified":"2020-03-27T13:21:51","modified_gmt":"2020-03-27T16:21:51","slug":"clubes-brasileiros-entram-em-ferias-coletivas-a-partir-de-1o-de-abril","status":"publish","type":"post","link":"https:\/\/blitzconquista.com.br\/?p=90605","title":{"rendered":"Clubes brasileiros entram em f\u00e9rias coletivas a partir de 1\u00ba de abril"},"content":{"rendered":"<p><strong>Decis\u00e3o foi anunciada pela Comiss\u00e3o Nacional de Clubes (CNC)<\/strong><\/p>\n<p style=\"box-sizing: border-box; margin: 0px 0px 1.3rem; color: rgb(73, 80, 87); font-family: \" source serif pro\", serif; font-style: normal; font-variant-ligatures: font-variant-caps: font-weight: 400; letter-spacing: orphans: 2; text-align: left; text-indent: 0px; text-transform: none; white-space: widows: word-spacing: -webkit-text-stroke-width: background-color: rgb(247, 248, 249); text-decoration-style: initial; text-decoration-color: initial;\"><img decoding=\"async\" loading=\"lazy\" src=\"http:\/\/blitzconquista.com.br\/wp-content\/uploads\/2020\/03\/maracana1.jpg\" width=\"1170\" height=\"700\" class=\"wp-image-90604 alignnone size-full\" srcset=\"https:\/\/blitzconquista.com.br\/wp-content\/uploads\/2020\/03\/maracana1.jpg 1170w, https:\/\/blitzconquista.com.br\/wp-content\/uploads\/2020\/03\/maracana1-300x179.jpg 300w, https:\/\/blitzconquista.com.br\/wp-content\/uploads\/2020\/03\/maracana1-695x416.jpg 695w, https:\/\/blitzconquista.com.br\/wp-content\/uploads\/2020\/03\/maracana1-768x459.jpg 768w, https:\/\/blitzconquista.com.br\/wp-content\/uploads\/2020\/03\/maracana1-990x592.jpg 990w\" sizes=\"(max-width: 1170px) 100vw, 1170px\" \/><\/p>\n<p>Os maiores clubes do Brasil decidiram dar f\u00e9rias coletivas aos jogadores entre 1 e 20 de abril. O prazo pode ser prorrogado ainda por mais dez dias, caso a pandemia do novo coronav\u00edrus (covid-19) ainda estiver em curva ascendente no pa\u00eds. Os dirigentes deixaram para depois a possibilidade de reduzir os sal\u00e1rios dos atletas em 25%, proposta j\u00e1 rejeitada pelos<br \/>\nsindicatos. A medida foi adotada ap\u00f3s reuni\u00e3o por videoconfer\u00eancia, na noite de ontem (26), entre diigentes de 30 clubes.<\/p>\n<p style=\"box-sizing: border-box; margin: 0px 0px 1.3rem; color: rgb(73, 80, 87); font-family: \" source serif pro\", serif; font-style: normal; font-variant-ligatures: font-variant-caps: font-weight: 400; letter-spacing: orphans: 2; text-align: left; text-indent: 0px; text-transform: none; white-space: widows: word-spacing: -webkit-text-stroke-width: background-color: rgb(247, 248, 249); text-decoration-style: initial; text-decoration-color: initial;\">Os representantes do clubes tamb\u00e9m concordaram em manter a f\u00f3rmula de disputa das S\u00e9rie A e B do Brasileir\u00e3o. Desde 2003, estas competi\u00e7\u00f5es de pontos corridos ocorrem em turno e returno.<\/p>\n<p style=\"box-sizing: border-box; margin: 0px 0px 1.3rem; color: rgb(73, 80, 87); font-family: \" source serif pro\", serif; font-style: normal; font-variant-ligatures: font-variant-caps: font-weight: 400; letter-spacing: orphans: 2; text-align: left; text-indent: 0px; text-transform: none; white-space: widows: word-spacing: -webkit-text-stroke-width: background-color: rgb(247, 248, 249); text-decoration-style: initial; text-decoration-color: initial;\">A d\u00favida que ainda resta \u00e9 como v\u00e3o ficar os torneios estaduais dentro de um apertado calend\u00e1rio paralisado pela CBF desde o dia 16 de mar\u00e7o.<\/p>\n<p style=\"box-sizing: border-box; margin: 0px 0px 1.3rem; color: rgb(73, 80, 87); font-family: \" source serif pro\", serif; font-style: normal; font-variant-ligatures: font-variant-caps: font-weight: 400; letter-spacing: orphans: 2; text-align: left; text-indent: 0px; text-transform: none; white-space: widows: word-spacing: -webkit-text-stroke-width: background-color: rgb(247, 248, 249); text-decoration-style: initial; text-decoration-color: initial;\">No Rio de Janeiro, o recesso do Campeonato Carioca foi ampliado para 30 de abril. A  <a href=\"http:\/\/www.fferj.com.br\/Noticias\/View\/17982\" style=\"box-sizing: border-box; background-color: transparent; color: rgb(21, 131, 66); text-decoration: none; transition: all 0.3s ease-in-out 0s;\">nota oficial<\/a> foi  publicada no site da Federa\u00e7\u00e3o de Futebol do Estado do Rio de Janeiro (Ferj) . A tentativa \u00e9 concentrar esfor\u00e7os para evitar a dissemina\u00e7\u00e3o da doen\u00e7a que, no \u00faltimo balan\u00e7o do Minist\u00e9rio da Sa\u00fade (MS), j\u00e1 fez 9 v\u00edtimas fatais e atingiu 421 pessoas no estado fluminense.<\/p>\n<p>*Ag\u00eancia Brasil<\/p>\n","protected":false},"excerpt":{"rendered":"<p>Decis\u00e3o foi anunciada pela Comiss\u00e3o Nacional de Clubes (CNC) Os maiores clubes do Brasil decidiram dar f\u00e9rias coletivas aos jogadores entre 1 e 20 de abril. O prazo pode ser prorrogado ainda por mais dez dias, caso a pandemia do novo coronav\u00edrus (covid-19) ainda estiver em curva ascendente no pa\u00eds. Os dirigentes deixaram para depois [&hellip;]<\/p>\n","protected":false},"author":1,"featured_media":90604,"comment_status":"closed","ping_status":"closed","sticky":false,"template":"","format":"standard","meta":[],"categories":[212,403],"tags":[],"_links":{"self":[{"href":"https:\/\/blitzconquista.com.br\/index.php?rest_route=\/wp\/v2\/posts\/90605"}],"collection":[{"href":"https:\/\/blitzconquista.com.br\/index.php?rest_route=\/wp\/v2\/posts"}],"about":[{"href":"https:\/\/blitzconquista.com.br\/index.php?rest_route=\/wp\/v2\/types\/post"}],"author":[{"embeddable":true,"href":"https:\/\/blitzconquista.com.br\/index.php?rest_route=\/wp\/v2\/users\/1"}],"replies":[{"embeddable":true,"href":"https:\/\/blitzconquista.com.br\/index.php?rest_route=%2Fwp%2Fv2%2Fcomments&post=90605"}],"version-history":[{"count":1,"href":"https:\/\/blitzconquista.com.br\/index.php?rest_route=\/wp\/v2\/posts\/90605\/revisions"}],"predecessor-version":[{"id":90606,"href":"https:\/\/blitzconquista.com.br\/index.php?rest_route=\/wp\/v2\/posts\/90605\/revisions\/90606"}],"wp:featuredmedia":[{"embeddable":true,"href":"https:\/\/blitzconquista.com.br\/index.php?rest_route=\/wp\/v2\/media\/90604"}],"wp:attachment":[{"href":"https:\/\/blitzconquista.com.br\/index.php?rest_route=%2Fwp%2Fv2%2Fmedia&parent=90605"}],"wp:term":[{"taxonomy":"category","embeddable":true,"href":"https:\/\/blitzconquista.com.br\/index.php?rest_route=%2Fwp%2Fv2%2Fcategories&post=90605"},{"taxonomy":"post_tag","embeddable":true,"href":"https:\/\/blitzconquista.com.br\/index.php?rest_route=%2Fwp%2Fv2%2Ftags&post=90605"}],"curies":[{"name":"wp","href":"https:\/\/api.w.org\/{rel}","templated":true}]}}