{"id":90618,"date":"2020-03-27T20:47:43","date_gmt":"2020-03-27T23:47:43","guid":{"rendered":"http:\/\/blitzconquista.com.br\/?p=90618"},"modified":"2020-03-27T20:47:58","modified_gmt":"2020-03-27T23:47:58","slug":"adolescente-e-executado-a-tiros-dentro-de-casa-em-conquista","status":"publish","type":"post","link":"https:\/\/blitzconquista.com.br\/?p=90618","title":{"rendered":"Adolescente \u00e9 executado a tiros dentro de casa em Conquista"},"content":{"rendered":"<p><img decoding=\"async\" loading=\"lazy\" class=\"alignnone size-full wp-image-90620\" src=\"http:\/\/blitzconquista.com.br\/wp-content\/uploads\/2020\/03\/0_IMG_20200327_203414.jpg\" width=\"1800\" height=\"1350\" srcset=\"https:\/\/blitzconquista.com.br\/wp-content\/uploads\/2020\/03\/0_IMG_20200327_203414.jpg 1800w, https:\/\/blitzconquista.com.br\/wp-content\/uploads\/2020\/03\/0_IMG_20200327_203414-300x225.jpg 300w, https:\/\/blitzconquista.com.br\/wp-content\/uploads\/2020\/03\/0_IMG_20200327_203414-695x521.jpg 695w, https:\/\/blitzconquista.com.br\/wp-content\/uploads\/2020\/03\/0_IMG_20200327_203414-768x576.jpg 768w, https:\/\/blitzconquista.com.br\/wp-content\/uploads\/2020\/03\/0_IMG_20200327_203414-1536x1152.jpg 1536w, https:\/\/blitzconquista.com.br\/wp-content\/uploads\/2020\/03\/0_IMG_20200327_203414-74x55.jpg 74w, https:\/\/blitzconquista.com.br\/wp-content\/uploads\/2020\/03\/0_IMG_20200327_203414-111x83.jpg 111w, https:\/\/blitzconquista.com.br\/wp-content\/uploads\/2020\/03\/0_IMG_20200327_203414-215x161.jpg 215w, https:\/\/blitzconquista.com.br\/wp-content\/uploads\/2020\/03\/0_IMG_20200327_203414-990x743.jpg 990w, https:\/\/blitzconquista.com.br\/wp-content\/uploads\/2020\/03\/0_IMG_20200327_203414-1320x990.jpg 1320w\" sizes=\"(max-width: 1800px) 100vw, 1800px\" \/><\/p>\n<p>Um adolescente de 16 anos foi executado a tiros na noite desta sexta-feira (27), dentro de casa, no bairro Brasil, em Vit\u00f3ria da Conquista.<\/p>\n<p>De acordo com testemunhas, dois homens chegaram numa moto, bateram no port\u00e3o e chamaram a v\u00edtima pelo nome. Ao abrir o port\u00e3o, o adolescente foi alvejado com v\u00e1rios tiros. Ele morreu no local.<\/p>\n<p>A Pol\u00edcia Civil investiga o crime.<\/p>\n<p>O corpo ser\u00e1 encaminhado ao Instituto M\u00e9dico Legal.<\/p>\n","protected":false},"excerpt":{"rendered":"<p>Um adolescente de 16 anos foi executado a tiros na noite desta sexta-feira (27), dentro de casa, no bairro Brasil, em Vit\u00f3ria da Conquista. De acordo com testemunhas, dois homens chegaram numa moto, bateram no port\u00e3o e chamaram a v\u00edtima pelo nome. Ao abrir o port\u00e3o, o adolescente foi alvejado com v\u00e1rios tiros. Ele morreu [&hellip;]<\/p>\n","protected":false},"author":1,"featured_media":90620,"comment_status":"closed","ping_status":"closed","sticky":false,"template":"","format":"standard","meta":[],"categories":[212,3],"tags":[],"_links":{"self":[{"href":"https:\/\/blitzconquista.com.br\/index.php?rest_route=\/wp\/v2\/posts\/90618"}],"collection":[{"href":"https:\/\/blitzconquista.com.br\/index.php?rest_route=\/wp\/v2\/posts"}],"about":[{"href":"https:\/\/blitzconquista.com.br\/index.php?rest_route=\/wp\/v2\/types\/post"}],"author":[{"embeddable":true,"href":"https:\/\/blitzconquista.com.br\/index.php?rest_route=\/wp\/v2\/users\/1"}],"replies":[{"embeddable":true,"href":"https:\/\/blitzconquista.com.br\/index.php?rest_route=%2Fwp%2Fv2%2Fcomments&post=90618"}],"version-history":[{"count":2,"href":"https:\/\/blitzconquista.com.br\/index.php?rest_route=\/wp\/v2\/posts\/90618\/revisions"}],"predecessor-version":[{"id":90621,"href":"https:\/\/blitzconquista.com.br\/index.php?rest_route=\/wp\/v2\/posts\/90618\/revisions\/90621"}],"wp:featuredmedia":[{"embeddable":true,"href":"https:\/\/blitzconquista.com.br\/index.php?rest_route=\/wp\/v2\/media\/90620"}],"wp:attachment":[{"href":"https:\/\/blitzconquista.com.br\/index.php?rest_route=%2Fwp%2Fv2%2Fmedia&parent=90618"}],"wp:term":[{"taxonomy":"category","embeddable":true,"href":"https:\/\/blitzconquista.com.br\/index.php?rest_route=%2Fwp%2Fv2%2Fcategories&post=90618"},{"taxonomy":"post_tag","embeddable":true,"href":"https:\/\/blitzconquista.com.br\/index.php?rest_route=%2Fwp%2Fv2%2Ftags&post=90618"}],"curies":[{"name":"wp","href":"https:\/\/api.w.org\/{rel}","templated":true}]}}