{"id":90628,"date":"2020-03-29T01:00:43","date_gmt":"2020-03-29T04:00:43","guid":{"rendered":"http:\/\/blitzconquista.com.br\/?p=90628"},"modified":"2020-03-29T01:00:52","modified_gmt":"2020-03-29T04:00:52","slug":"mandetta-cobra-bolsonaro-estamos-prontos-para-caminhoes-do-exercito-levando-corpos","status":"publish","type":"post","link":"https:\/\/blitzconquista.com.br\/?p=90628","title":{"rendered":"Mandetta cobra Bolsonaro: &#8216;Estamos prontos para caminh\u00f5es do ex\u00e9rcito levando corpos?&#8217;"},"content":{"rendered":"\n<p><strong>Segundo Estad\u00e3o, ministro admitiu contrariar publicamente presidente, que acenou com poss\u00edvel demiss\u00e3o<\/strong><\/p>\n\n\n\n<figure class=\"wp-block-image size-large\"><img decoding=\"async\" loading=\"lazy\" width=\"450\" height=\"337\" src=\"\/\/i0.wp.com\/blitzconquista.com.br\/wp-content\/uploads\/2020\/03\/20mar2020-o-ministro-da-saude-luiz-henrique-mandetta-e-o-presidente-jair-bolsonaro-sem-partido-participam-de-videoconferencia-com-empresarios-1584744135412_v2_450x337.jpg\" alt=\"\" class=\"wp-image-90630\" srcset=\"https:\/\/blitzconquista.com.br\/wp-content\/uploads\/2020\/03\/20mar2020-o-ministro-da-saude-luiz-henrique-mandetta-e-o-presidente-jair-bolsonaro-sem-partido-participam-de-videoconferencia-com-empresarios-1584744135412_v2_450x337.jpg 450w, https:\/\/blitzconquista.com.br\/wp-content\/uploads\/2020\/03\/20mar2020-o-ministro-da-saude-luiz-henrique-mandetta-e-o-presidente-jair-bolsonaro-sem-partido-participam-de-videoconferencia-com-empresarios-1584744135412_v2_450x337-300x225.jpg 300w, https:\/\/blitzconquista.com.br\/wp-content\/uploads\/2020\/03\/20mar2020-o-ministro-da-saude-luiz-henrique-mandetta-e-o-presidente-jair-bolsonaro-sem-partido-participam-de-videoconferencia-com-empresarios-1584744135412_v2_450x337-74x55.jpg 74w, https:\/\/blitzconquista.com.br\/wp-content\/uploads\/2020\/03\/20mar2020-o-ministro-da-saude-luiz-henrique-mandetta-e-o-presidente-jair-bolsonaro-sem-partido-participam-de-videoconferencia-com-empresarios-1584744135412_v2_450x337-111x83.jpg 111w, https:\/\/blitzconquista.com.br\/wp-content\/uploads\/2020\/03\/20mar2020-o-ministro-da-saude-luiz-henrique-mandetta-e-o-presidente-jair-bolsonaro-sem-partido-participam-de-videoconferencia-com-empresarios-1584744135412_v2_450x337-215x161.jpg 215w\" sizes=\"(max-width: 450px) 100vw, 450px\" \/><\/figure>\n\n\n\n<p>O ministro da Sa\u00fade, Luiz Henrique Mandetta, apresentou hoje poss\u00edveis cen\u00e1rios no Brasil para a pandemia do novo coronav\u00edrus. E, segundo o jornal O Estado de S\u00e3o Paulo, advertiu o presidente da Rep\u00fablica, Jair Bolsonaro (sem partido): n\u00e3o se trata de uma &#8220;gripezinha&#8221;. Em reuni\u00e3o com Bolsonaro e outros ministros, Mandetta tra\u00e7ou um paralelo: a morte de mil pessoas no pa\u00eds \u00e9 equivalente \u00e0 queda de quatro avi\u00f5es comerciais de grande porte. Segundo dados divulgados hoje pelo minist\u00e9rio, o Brasil j\u00e1 teve 114 mortes em decorr\u00eancia da covid-19.<\/p>\n\n\n\n<blockquote class=\"wp-block-quote\"><p><strong>&#8220;Estamos preparados para o pior cen\u00e1rio, com caminh\u00f5es do Ex\u00e9rcito transportando corpos pelas ruas? Com transmiss\u00e3o ao vivo pela internet?&#8221;<\/strong>, questionou Mandetta.<\/p><\/blockquote>\n\n\n\n<p>De acordo com o jornal, o ministro pediu a Bolsonaro que crie &#8220;um ambiente favor\u00e1vel&#8221; para um pacto entre governo federal, estados, munic\u00edpios e setor privado, em busca de uma a\u00e7\u00e3o conjunta contra o coronav\u00edrus. O pedido teria como objetivo unificar regras e medidas, colocando crit\u00e9rios cient\u00edficos sempre como prioridade no controle do cont\u00e1gio.<\/p>\n\n\n\n<p>*Uol <\/p>\n","protected":false},"excerpt":{"rendered":"<p>Segundo Estad\u00e3o, ministro admitiu contrariar publicamente presidente, que acenou com poss\u00edvel demiss\u00e3o O ministro da Sa\u00fade, Luiz Henrique Mandetta, apresentou hoje poss\u00edveis cen\u00e1rios no Brasil para a pandemia do novo coronav\u00edrus. E, segundo o jornal O Estado de S\u00e3o Paulo, advertiu o presidente da Rep\u00fablica, Jair Bolsonaro (sem partido): n\u00e3o se trata de uma &#8220;gripezinha&#8221;. [&hellip;]<\/p>\n","protected":false},"author":1,"featured_media":90630,"comment_status":"closed","ping_status":"closed","sticky":false,"template":"","format":"standard","meta":[],"categories":[212,5],"tags":[],"_links":{"self":[{"href":"https:\/\/blitzconquista.com.br\/index.php?rest_route=\/wp\/v2\/posts\/90628"}],"collection":[{"href":"https:\/\/blitzconquista.com.br\/index.php?rest_route=\/wp\/v2\/posts"}],"about":[{"href":"https:\/\/blitzconquista.com.br\/index.php?rest_route=\/wp\/v2\/types\/post"}],"author":[{"embeddable":true,"href":"https:\/\/blitzconquista.com.br\/index.php?rest_route=\/wp\/v2\/users\/1"}],"replies":[{"embeddable":true,"href":"https:\/\/blitzconquista.com.br\/index.php?rest_route=%2Fwp%2Fv2%2Fcomments&post=90628"}],"version-history":[{"count":2,"href":"https:\/\/blitzconquista.com.br\/index.php?rest_route=\/wp\/v2\/posts\/90628\/revisions"}],"predecessor-version":[{"id":90631,"href":"https:\/\/blitzconquista.com.br\/index.php?rest_route=\/wp\/v2\/posts\/90628\/revisions\/90631"}],"wp:featuredmedia":[{"embeddable":true,"href":"https:\/\/blitzconquista.com.br\/index.php?rest_route=\/wp\/v2\/media\/90630"}],"wp:attachment":[{"href":"https:\/\/blitzconquista.com.br\/index.php?rest_route=%2Fwp%2Fv2%2Fmedia&parent=90628"}],"wp:term":[{"taxonomy":"category","embeddable":true,"href":"https:\/\/blitzconquista.com.br\/index.php?rest_route=%2Fwp%2Fv2%2Fcategories&post=90628"},{"taxonomy":"post_tag","embeddable":true,"href":"https:\/\/blitzconquista.com.br\/index.php?rest_route=%2Fwp%2Fv2%2Ftags&post=90628"}],"curies":[{"name":"wp","href":"https:\/\/api.w.org\/{rel}","templated":true}]}}