{"id":90679,"date":"2020-03-31T13:53:25","date_gmt":"2020-03-31T16:53:25","guid":{"rendered":"http:\/\/blitzconquista.com.br\/?p=90679"},"modified":"2020-03-31T13:56:34","modified_gmt":"2020-03-31T16:56:34","slug":"projeto-de-solla-zera-impostos-em-insumos-contra-o-coronavirus","status":"publish","type":"post","link":"https:\/\/blitzconquista.com.br\/?p=90679","title":{"rendered":"Projeto de Solla zera impostos em insumos contra o coronav\u00edrus"},"content":{"rendered":"<img decoding=\"async\" loading=\"lazy\" class=\"wp-image-90678 alignnone size-full\" src=\"http:\/\/blitzconquista.com.br\/wp-content\/uploads\/2020\/03\/images-9.jpeg\" width=\"600\" height=\"393\" srcset=\"https:\/\/blitzconquista.com.br\/wp-content\/uploads\/2020\/03\/images-9.jpeg 600w, https:\/\/blitzconquista.com.br\/wp-content\/uploads\/2020\/03\/images-9-300x197.jpeg 300w, https:\/\/blitzconquista.com.br\/wp-content\/uploads\/2020\/03\/images-9-130x86.jpeg 130w\" sizes=\"(max-width: 600px) 100vw, 600px\" \/>Zerar os 30,16% de impostos sobre a m\u00e1scara cir\u00fargica, os 29% sobre as luvas, os 42% sobre a cama hospitalar e sobre os equipamentos, como respiradores. \u00c9 essa a proposta do deputado federal Jorge Solla (PT-BA), que a apresentou atrav\u00e9s do Projeto de Lei 1176\/20 para aprecia\u00e7\u00e3o na C\u00e2mara dos Deputados. A mat\u00e9ria zera automaticamente a cobran\u00e7a de todos os impostos sobre a fabrica\u00e7\u00e3o e comercializa\u00e7\u00e3o \u2013 federais, estaduais e municipais \u2013 dos insumos necess\u00e1rios ao combate do coronav\u00edrus, enquanto durar a pandemia.<br>\u201cA preocupa\u00e7\u00e3o com a sa\u00fade dos trabalhadores da Sa\u00fade, que depende dos equipamentos de prote\u00e7\u00e3o individual (EPIs), \u00e9 uma preocupa\u00e7\u00e3o mundial, expressa por Tedros Adhanom, diretor geral da Organiza\u00e7\u00e3o Mundial da Sa\u00fade (OMS), e aqui no Brasil temos visto o pre\u00e7o desses itens multiplicarem por 10, por 15 vezes. Retirar a carga tribut\u00e1ria \u00e9 uma maneira eficiente de intervir diretamente nos pre\u00e7os\u201d, destaca o parlamentar.<br>No projeto, \u00e9 prevista tamb\u00e9m a isen\u00e7\u00e3o de impostos a equipamentos m\u00e9dicos que s\u00e3o utilizados no tratamento ao coronav\u00edrus, como respiradores. \u201cO Governo Federal j\u00e1 zerou os impostos relacionados \u00e0 importa\u00e7\u00e3o desses equipamentos, bem como todos os EPIs. \u00c9 uma medida importante, mas n\u00e3o faz sentido ser tomada, sem que se estenda para os itens fabricados aqui\u201d, completou Solla.<br>Com a tramita\u00e7\u00e3o reduzida para propostas que visem contribuir no combate a pandemia, o projeto dever\u00e1 ser avaliado ainda nesta ter\u00e7a-feira (31) pela Comiss\u00e3o Externa do coronav\u00edrus, que re\u00fane e apresenta \u00e0 Rodrigo Maia (DEM), presidente da C\u00e2mara, quais as iniciativas re\u00fanem maior consenso e possibilidade de aprova\u00e7\u00e3o entre os parlamentares no plen\u00e1rio.<br>Entre os itens que est\u00e3o previstos no projeto para receber essa isen\u00e7\u00e3o tribut\u00e1ria est\u00e3o as m\u00e1scaras, luvas, aventais, toucas cir\u00fargicas, \u00f3culos de prote\u00e7\u00e3o, testes laboratoriais, respiradores, monitores, ox\u00edmetros, aspiradores de secre\u00e7\u00e3o, al\u00e9m de outros EPIs e equipamentos indispens\u00e1veis para assist\u00eancia de pacientes em decorr\u00eancia da pandemia causada pelo Covid-19.<img decoding=\"async\" class=\"failed size-full\" data-wpid=\"2727\" src=\"\/data\/user\/0\/org.wordpress.android\/cache\/img_20200331_1350194000266313807008626.jpg\" \/><img decoding=\"async\" class=\"failed size-full\" data-wpid=\"2728\" src=\"\/data\/user\/0\/org.wordpress.android\/cache\/img_20200331_1350482819142424773815638.jpg\" \/>","protected":false},"excerpt":{"rendered":"<p>Zerar os 30,16% de impostos sobre a m\u00e1scara cir\u00fargica, os 29% sobre as luvas, os 42% sobre a cama hospitalar e sobre os equipamentos, como respiradores. \u00c9 essa a proposta do deputado federal Jorge Solla (PT-BA), que a apresentou atrav\u00e9s do Projeto de Lei 1176\/20 para aprecia\u00e7\u00e3o na C\u00e2mara dos Deputados. A mat\u00e9ria zera automaticamente [&hellip;]<\/p>\n","protected":false},"author":1,"featured_media":90678,"comment_status":"closed","ping_status":"closed","sticky":false,"template":"","format":"standard","meta":[],"categories":[5],"tags":[],"_links":{"self":[{"href":"https:\/\/blitzconquista.com.br\/index.php?rest_route=\/wp\/v2\/posts\/90679"}],"collection":[{"href":"https:\/\/blitzconquista.com.br\/index.php?rest_route=\/wp\/v2\/posts"}],"about":[{"href":"https:\/\/blitzconquista.com.br\/index.php?rest_route=\/wp\/v2\/types\/post"}],"author":[{"embeddable":true,"href":"https:\/\/blitzconquista.com.br\/index.php?rest_route=\/wp\/v2\/users\/1"}],"replies":[{"embeddable":true,"href":"https:\/\/blitzconquista.com.br\/index.php?rest_route=%2Fwp%2Fv2%2Fcomments&post=90679"}],"version-history":[{"count":3,"href":"https:\/\/blitzconquista.com.br\/index.php?rest_route=\/wp\/v2\/posts\/90679\/revisions"}],"predecessor-version":[{"id":90684,"href":"https:\/\/blitzconquista.com.br\/index.php?rest_route=\/wp\/v2\/posts\/90679\/revisions\/90684"}],"wp:featuredmedia":[{"embeddable":true,"href":"https:\/\/blitzconquista.com.br\/index.php?rest_route=\/wp\/v2\/media\/90678"}],"wp:attachment":[{"href":"https:\/\/blitzconquista.com.br\/index.php?rest_route=%2Fwp%2Fv2%2Fmedia&parent=90679"}],"wp:term":[{"taxonomy":"category","embeddable":true,"href":"https:\/\/blitzconquista.com.br\/index.php?rest_route=%2Fwp%2Fv2%2Fcategories&post=90679"},{"taxonomy":"post_tag","embeddable":true,"href":"https:\/\/blitzconquista.com.br\/index.php?rest_route=%2Fwp%2Fv2%2Ftags&post=90679"}],"curies":[{"name":"wp","href":"https:\/\/api.w.org\/{rel}","templated":true}]}}