{"id":90685,"date":"2020-03-31T19:23:32","date_gmt":"2020-03-31T22:23:32","guid":{"rendered":"http:\/\/blitzconquista.com.br\/?p=90685"},"modified":"2020-03-31T19:24:13","modified_gmt":"2020-03-31T22:24:13","slug":"conquista-tem-seu-primeiro-caso-de-coronavirus-confirmado","status":"publish","type":"post","link":"https:\/\/blitzconquista.com.br\/?p=90685","title":{"rendered":"Conquista tem primeiro caso de Coronav\u00edrus confirmado"},"content":{"rendered":"\n<figure class=\"wp-block-image size-large\"><img decoding=\"async\" loading=\"lazy\" width=\"695\" height=\"416\" src=\"\/\/i0.wp.com\/blitzconquista.com.br\/wp-content\/uploads\/2020\/03\/coronavirus2602209883_0-695x416.jpg\" alt=\"\" class=\"wp-image-90565\" srcset=\"https:\/\/blitzconquista.com.br\/wp-content\/uploads\/2020\/03\/coronavirus2602209883_0-695x416.jpg 695w, https:\/\/blitzconquista.com.br\/wp-content\/uploads\/2020\/03\/coronavirus2602209883_0-300x179.jpg 300w, https:\/\/blitzconquista.com.br\/wp-content\/uploads\/2020\/03\/coronavirus2602209883_0-768x459.jpg 768w, https:\/\/blitzconquista.com.br\/wp-content\/uploads\/2020\/03\/coronavirus2602209883_0-990x592.jpg 990w, https:\/\/blitzconquista.com.br\/wp-content\/uploads\/2020\/03\/coronavirus2602209883_0.jpg 1170w\" sizes=\"(max-width: 695px) 100vw, 695px\" \/><\/figure>\n\n\n\n<p>Ap\u00f3s ter liberado, nesta ter\u00e7a-feira (30), o Boletim Epidemiol\u00f3gico di\u00e1rio, a Secretaria Municipal de Sa\u00fade recebeu, no in\u00edcio desta noite, novas informa\u00e7\u00f5es do Laborat\u00f3rio Central (Lacen). Conquista atesta seu primeiro caso para a Covid-19.<\/p>\n\n\n\n<p>Trata-se de um homem, de 27 anos, que estava sob monitoramento.<\/p>\n\n\n\n<p>O boletim com os novos dados vai ser liberado em instantes pela Secretaria de Sa\u00fade do Munic\u00edpio.<\/p>\n","protected":false},"excerpt":{"rendered":"<p>Ap\u00f3s ter liberado, nesta ter\u00e7a-feira (30), o Boletim Epidemiol\u00f3gico di\u00e1rio, a Secretaria Municipal de Sa\u00fade recebeu, no in\u00edcio desta noite, novas informa\u00e7\u00f5es do Laborat\u00f3rio Central (Lacen). Conquista atesta seu primeiro caso para a Covid-19. Trata-se de um homem, de 27 anos, que estava sob monitoramento. O boletim com os novos dados vai ser liberado em [&hellip;]<\/p>\n","protected":false},"author":1,"featured_media":90565,"comment_status":"closed","ping_status":"closed","sticky":false,"template":"","format":"standard","meta":[],"categories":[212,30],"tags":[],"_links":{"self":[{"href":"https:\/\/blitzconquista.com.br\/index.php?rest_route=\/wp\/v2\/posts\/90685"}],"collection":[{"href":"https:\/\/blitzconquista.com.br\/index.php?rest_route=\/wp\/v2\/posts"}],"about":[{"href":"https:\/\/blitzconquista.com.br\/index.php?rest_route=\/wp\/v2\/types\/post"}],"author":[{"embeddable":true,"href":"https:\/\/blitzconquista.com.br\/index.php?rest_route=\/wp\/v2\/users\/1"}],"replies":[{"embeddable":true,"href":"https:\/\/blitzconquista.com.br\/index.php?rest_route=%2Fwp%2Fv2%2Fcomments&post=90685"}],"version-history":[{"count":2,"href":"https:\/\/blitzconquista.com.br\/index.php?rest_route=\/wp\/v2\/posts\/90685\/revisions"}],"predecessor-version":[{"id":90687,"href":"https:\/\/blitzconquista.com.br\/index.php?rest_route=\/wp\/v2\/posts\/90685\/revisions\/90687"}],"wp:featuredmedia":[{"embeddable":true,"href":"https:\/\/blitzconquista.com.br\/index.php?rest_route=\/wp\/v2\/media\/90565"}],"wp:attachment":[{"href":"https:\/\/blitzconquista.com.br\/index.php?rest_route=%2Fwp%2Fv2%2Fmedia&parent=90685"}],"wp:term":[{"taxonomy":"category","embeddable":true,"href":"https:\/\/blitzconquista.com.br\/index.php?rest_route=%2Fwp%2Fv2%2Fcategories&post=90685"},{"taxonomy":"post_tag","embeddable":true,"href":"https:\/\/blitzconquista.com.br\/index.php?rest_route=%2Fwp%2Fv2%2Ftags&post=90685"}],"curies":[{"name":"wp","href":"https:\/\/api.w.org\/{rel}","templated":true}]}}