{"id":90700,"date":"2020-04-02T12:52:44","date_gmt":"2020-04-02T15:52:44","guid":{"rendered":"http:\/\/blitzconquista.com.br\/?p=90700"},"modified":"2020-04-02T12:52:52","modified_gmt":"2020-04-02T15:52:52","slug":"a-reforma-do-terminal-e-uma-obra-necessaria-mas-nao-e-o-momento-ideal-aponta-vereador-valdemir-dias","status":"publish","type":"post","link":"https:\/\/blitzconquista.com.br\/?p=90700","title":{"rendered":"&#8220;A reforma do terminal \u00e9 uma obra necess\u00e1ria, mas n\u00e3o \u00e9 o momento ideal&#8221;, aponta vereador Valdemir Dias"},"content":{"rendered":"\n<figure class=\"wp-block-image size-large\"><img decoding=\"async\" loading=\"lazy\" width=\"375\" height=\"255\" src=\"\/\/i0.wp.com\/blitzconquista.com.br\/wp-content\/uploads\/2020\/04\/IMG_20200402_125208.jpg\" alt=\"\" class=\"wp-image-90699\" srcset=\"https:\/\/blitzconquista.com.br\/wp-content\/uploads\/2020\/04\/IMG_20200402_125208.jpg 375w, https:\/\/blitzconquista.com.br\/wp-content\/uploads\/2020\/04\/IMG_20200402_125208-300x204.jpg 300w\" sizes=\"(max-width: 375px) 100vw, 375px\" \/><\/figure>\n\n\n\n<p>Atrav\u00e9s das suas redes sociais, o vereador Valdemir Dias (PT) criticou o prefeito Herzem Gusm\u00e3o (MDB) por iniciar as obras do Terminal Lauro de Freitas em meio a pandemia do coronav\u00edrus.<\/p>\n\n\n\n<p>&#8220;Em meio a toda turbel\u00eancia causada pelo coronav\u00edrus (Covid-19), o prefeito Herzem Gusm\u00e3o ao inv\u00e9s de anunciar investimentos para a sa\u00fade p\u00fablica de Conquista, inicia a reforma do terminal Lauro de Freitas&#8221;, avaliou o vereador.<\/p>\n\n\n\n<p>Ainda segundo Valdemir, &#8220;o momento atual exige que todos os esfor\u00e7os e investimentos sejam destinados ao combate ao coronav\u00edrus, \u00e0 melhoria dos hospitais e postos de sa\u00fade&#8221;, disse.<\/p>\n\n\n\n<p>Valdemir apontou a reforma como eleitoreira. &#8220;A reforma do terminal Lauro de Freitas \u00e9 uma obra claramente eleitoreira. Cobramos desde 2017 essa reforma, mas somente agora as v\u00e9speras da elei\u00e7\u00e3o, Herzem resolve fazer&#8221;, frisou.<\/p>\n","protected":false},"excerpt":{"rendered":"<p>Atrav\u00e9s das suas redes sociais, o vereador Valdemir Dias (PT) criticou o prefeito Herzem Gusm\u00e3o (MDB) por iniciar as obras do Terminal Lauro de Freitas em meio a pandemia do coronav\u00edrus. &#8220;Em meio a toda turbel\u00eancia causada pelo coronav\u00edrus (Covid-19), o prefeito Herzem Gusm\u00e3o ao inv\u00e9s de anunciar investimentos para a sa\u00fade p\u00fablica de Conquista, [&hellip;]<\/p>\n","protected":false},"author":1,"featured_media":90699,"comment_status":"closed","ping_status":"closed","sticky":false,"template":"","format":"standard","meta":[],"categories":[5],"tags":[],"_links":{"self":[{"href":"https:\/\/blitzconquista.com.br\/index.php?rest_route=\/wp\/v2\/posts\/90700"}],"collection":[{"href":"https:\/\/blitzconquista.com.br\/index.php?rest_route=\/wp\/v2\/posts"}],"about":[{"href":"https:\/\/blitzconquista.com.br\/index.php?rest_route=\/wp\/v2\/types\/post"}],"author":[{"embeddable":true,"href":"https:\/\/blitzconquista.com.br\/index.php?rest_route=\/wp\/v2\/users\/1"}],"replies":[{"embeddable":true,"href":"https:\/\/blitzconquista.com.br\/index.php?rest_route=%2Fwp%2Fv2%2Fcomments&post=90700"}],"version-history":[{"count":1,"href":"https:\/\/blitzconquista.com.br\/index.php?rest_route=\/wp\/v2\/posts\/90700\/revisions"}],"predecessor-version":[{"id":90701,"href":"https:\/\/blitzconquista.com.br\/index.php?rest_route=\/wp\/v2\/posts\/90700\/revisions\/90701"}],"wp:featuredmedia":[{"embeddable":true,"href":"https:\/\/blitzconquista.com.br\/index.php?rest_route=\/wp\/v2\/media\/90699"}],"wp:attachment":[{"href":"https:\/\/blitzconquista.com.br\/index.php?rest_route=%2Fwp%2Fv2%2Fmedia&parent=90700"}],"wp:term":[{"taxonomy":"category","embeddable":true,"href":"https:\/\/blitzconquista.com.br\/index.php?rest_route=%2Fwp%2Fv2%2Fcategories&post=90700"},{"taxonomy":"post_tag","embeddable":true,"href":"https:\/\/blitzconquista.com.br\/index.php?rest_route=%2Fwp%2Fv2%2Ftags&post=90700"}],"curies":[{"name":"wp","href":"https:\/\/api.w.org\/{rel}","templated":true}]}}