{"id":90734,"date":"2020-04-02T22:45:03","date_gmt":"2020-04-03T01:45:03","guid":{"rendered":"http:\/\/blitzconquista.com.br\/?p=90734"},"modified":"2020-04-03T01:47:35","modified_gmt":"2020-04-03T04:47:35","slug":"estado-da-bahia-vai-pagar-conta-de-agua-de-familias-de-baixa-renda","status":"publish","type":"post","link":"https:\/\/blitzconquista.com.br\/?p=90734","title":{"rendered":"Estado da Bahia vai pagar conta de \u00e1gua de fam\u00edlias de baixa renda"},"content":{"rendered":"<p><img decoding=\"async\" loading=\"lazy\" class=\"aligncenter size-full wp-image-48120\" src=\"http:\/\/blitzconquista.com.br\/wp-content\/uploads\/2016\/04\/aguadaf.jpg\" alt=\"\" width=\"850\" height=\"566\" srcset=\"https:\/\/blitzconquista.com.br\/wp-content\/uploads\/2016\/04\/aguadaf.jpg 850w, https:\/\/blitzconquista.com.br\/wp-content\/uploads\/2016\/04\/aguadaf-300x200.jpg 300w, https:\/\/blitzconquista.com.br\/wp-content\/uploads\/2016\/04\/aguadaf-695x463.jpg 695w, https:\/\/blitzconquista.com.br\/wp-content\/uploads\/2016\/04\/aguadaf-414x276.jpg 414w, https:\/\/blitzconquista.com.br\/wp-content\/uploads\/2016\/04\/aguadaf-470x313.jpg 470w, https:\/\/blitzconquista.com.br\/wp-content\/uploads\/2016\/04\/aguadaf-640x426.jpg 640w, https:\/\/blitzconquista.com.br\/wp-content\/uploads\/2016\/04\/aguadaf-130x86.jpg 130w, https:\/\/blitzconquista.com.br\/wp-content\/uploads\/2016\/04\/aguadaf-187x124.jpg 187w\" sizes=\"(max-width: 850px) 100vw, 850px\" \/><\/p>\n<p>Na entrevista coletiva que est\u00e1 concedendo desde as 12h, desta quinta-feira (02), o governador Rui Costa anunciou que o Governo da Bahia vai pagar, por 90 dias, as contas de \u00e1gua de\u00a0 fam\u00edlias inscritas no Cadastro \u00danico dos programas sociais do governo federal. No dia anterior Rui j\u00e1 tinha anunciado benef\u00edcio semelhante para as contas de energia el\u00e9trica.<\/p>\n<p>O governador confirmou ainda a contrata\u00e7\u00e3o\u00a0 de um hospital privado em Vit\u00f3ria da Conquista,\u00a0 com 20 leitos de UTI.<\/p>\n","protected":false},"excerpt":{"rendered":"<p>Na entrevista coletiva que est\u00e1 concedendo desde as 12h, desta quinta-feira (02), o governador Rui Costa anunciou que o Governo da Bahia vai pagar, por 90 dias, as contas de \u00e1gua de\u00a0 fam\u00edlias inscritas no Cadastro \u00danico dos programas sociais do governo federal. No dia anterior Rui j\u00e1 tinha anunciado benef\u00edcio semelhante para as contas [&hellip;]<\/p>\n","protected":false},"author":1,"featured_media":48120,"comment_status":"closed","ping_status":"closed","sticky":false,"template":"","format":"standard","meta":[],"categories":[212,5],"tags":[],"_links":{"self":[{"href":"https:\/\/blitzconquista.com.br\/index.php?rest_route=\/wp\/v2\/posts\/90734"}],"collection":[{"href":"https:\/\/blitzconquista.com.br\/index.php?rest_route=\/wp\/v2\/posts"}],"about":[{"href":"https:\/\/blitzconquista.com.br\/index.php?rest_route=\/wp\/v2\/types\/post"}],"author":[{"embeddable":true,"href":"https:\/\/blitzconquista.com.br\/index.php?rest_route=\/wp\/v2\/users\/1"}],"replies":[{"embeddable":true,"href":"https:\/\/blitzconquista.com.br\/index.php?rest_route=%2Fwp%2Fv2%2Fcomments&post=90734"}],"version-history":[{"count":1,"href":"https:\/\/blitzconquista.com.br\/index.php?rest_route=\/wp\/v2\/posts\/90734\/revisions"}],"predecessor-version":[{"id":90736,"href":"https:\/\/blitzconquista.com.br\/index.php?rest_route=\/wp\/v2\/posts\/90734\/revisions\/90736"}],"wp:featuredmedia":[{"embeddable":true,"href":"https:\/\/blitzconquista.com.br\/index.php?rest_route=\/wp\/v2\/media\/48120"}],"wp:attachment":[{"href":"https:\/\/blitzconquista.com.br\/index.php?rest_route=%2Fwp%2Fv2%2Fmedia&parent=90734"}],"wp:term":[{"taxonomy":"category","embeddable":true,"href":"https:\/\/blitzconquista.com.br\/index.php?rest_route=%2Fwp%2Fv2%2Fcategories&post=90734"},{"taxonomy":"post_tag","embeddable":true,"href":"https:\/\/blitzconquista.com.br\/index.php?rest_route=%2Fwp%2Fv2%2Ftags&post=90734"}],"curies":[{"name":"wp","href":"https:\/\/api.w.org\/{rel}","templated":true}]}}