{"id":90748,"date":"2020-04-03T09:07:41","date_gmt":"2020-04-03T12:07:41","guid":{"rendered":"http:\/\/blitzconquista.com.br\/?p=90748"},"modified":"2020-04-03T02:12:09","modified_gmt":"2020-04-03T05:12:09","slug":"ministerio-da-saude-orienta-sobre-como-produzir-mascaras-caseiras-de-pano","status":"publish","type":"post","link":"https:\/\/blitzconquista.com.br\/?p=90748","title":{"rendered":"Minist\u00e9rio da Sa\u00fade orienta sobre como produzir m\u00e1scaras caseiras de pano"},"content":{"rendered":"<p><img decoding=\"async\" loading=\"lazy\" class=\"aligncenter size-full wp-image-90750\" src=\"http:\/\/blitzconquista.com.br\/wp-content\/uploads\/2020\/04\/26032020-criadora-e-ceo-da-fundacao-ame-seu-vizinho-haley-usa-uma-mascara-caseira-e-feita-de-pano-como-forma-de-protecao-ao-coronavirus-1585869223785_v2_900x506.jpg\" alt=\"\" width=\"900\" height=\"506\" srcset=\"https:\/\/blitzconquista.com.br\/wp-content\/uploads\/2020\/04\/26032020-criadora-e-ceo-da-fundacao-ame-seu-vizinho-haley-usa-uma-mascara-caseira-e-feita-de-pano-como-forma-de-protecao-ao-coronavirus-1585869223785_v2_900x506.jpg 900w, https:\/\/blitzconquista.com.br\/wp-content\/uploads\/2020\/04\/26032020-criadora-e-ceo-da-fundacao-ame-seu-vizinho-haley-usa-uma-mascara-caseira-e-feita-de-pano-como-forma-de-protecao-ao-coronavirus-1585869223785_v2_900x506-300x168.jpg 300w, https:\/\/blitzconquista.com.br\/wp-content\/uploads\/2020\/04\/26032020-criadora-e-ceo-da-fundacao-ame-seu-vizinho-haley-usa-uma-mascara-caseira-e-feita-de-pano-como-forma-de-protecao-ao-coronavirus-1585869223785_v2_900x506-695x391.jpg 695w, https:\/\/blitzconquista.com.br\/wp-content\/uploads\/2020\/04\/26032020-criadora-e-ceo-da-fundacao-ame-seu-vizinho-haley-usa-uma-mascara-caseira-e-feita-de-pano-como-forma-de-protecao-ao-coronavirus-1585869223785_v2_900x506-768x432.jpg 768w, https:\/\/blitzconquista.com.br\/wp-content\/uploads\/2020\/04\/26032020-criadora-e-ceo-da-fundacao-ame-seu-vizinho-haley-usa-uma-mascara-caseira-e-feita-de-pano-como-forma-de-protecao-ao-coronavirus-1585869223785_v2_900x506-470x264.jpg 470w, https:\/\/blitzconquista.com.br\/wp-content\/uploads\/2020\/04\/26032020-criadora-e-ceo-da-fundacao-ame-seu-vizinho-haley-usa-uma-mascara-caseira-e-feita-de-pano-como-forma-de-protecao-ao-coronavirus-1585869223785_v2_900x506-640x360.jpg 640w, https:\/\/blitzconquista.com.br\/wp-content\/uploads\/2020\/04\/26032020-criadora-e-ceo-da-fundacao-ame-seu-vizinho-haley-usa-uma-mascara-caseira-e-feita-de-pano-como-forma-de-protecao-ao-coronavirus-1585869223785_v2_900x506-215x120.jpg 215w, https:\/\/blitzconquista.com.br\/wp-content\/uploads\/2020\/04\/26032020-criadora-e-ceo-da-fundacao-ame-seu-vizinho-haley-usa-uma-mascara-caseira-e-feita-de-pano-como-forma-de-protecao-ao-coronavirus-1585869223785_v2_900x506-414x232.jpg 414w\" sizes=\"(max-width: 900px) 100vw, 900px\" \/><\/p>\n<p>O Minist\u00e9rio da Sa\u00fade divulgou, na tarde de hoje, um passo a passo sobre como produzir uma m\u00e1scara caseira de pano para prote\u00e7\u00e3o ao coronav\u00edrus. O uso de m\u00e1scaras caseiras pela popula\u00e7\u00e3o vem sendo defendido pelo ministro Luiz Henrique Mandetta (DEM) desde o in\u00edcio da semana; o intuito \u00e9 que os equipamentos profissionais fiquem com trabalhadores da \u00e1rea da sa\u00fade.<\/p>\n<p>&#8220;A confec\u00e7\u00e3o de m\u00e1scaras caseiras tem se tornando um fen\u00f4meno mundial e qualquer cidad\u00e3o pode fazer a sua em casa. Agora, o Minist\u00e9rio da Sa\u00fade do Brasil vai lan\u00e7ar uma campanha digital pela mobiliza\u00e7\u00e3o da popula\u00e7\u00e3o para fabricar as pr\u00f3prias m\u00e1scaras de pano&#8221;, diz a pasta em nota. &#8220;Al\u00e9m de eficiente, \u00e9 um equipamento simples, que n\u00e3o exige grande complexidade na sua produ\u00e7\u00e3o e pode ser um grande aliado no combate \u00e0 propaga\u00e7\u00e3o do coronav\u00edrus no Brasil, protegendo voc\u00ea e outras pessoas ao seu redor&#8221;, acrescenta.<\/p>\n<p>Mais cedo, o minist\u00e9rio j\u00e1 havia declarado que h\u00e1 estoque o suficiente de insumos pelos pr\u00f3ximos 20 dias. A declara\u00e7\u00e3o da pasta veio no mesmo dia em que houve a divulga\u00e7\u00e3o de que a pasta estaria sem estoques de equipamentos de prote\u00e7\u00e3o individual, como m\u00e1scaras e luvas, para distribuir a profissionais da \u00e1rea da sa\u00fade.<\/p>\n<p>Tamb\u00e9m houve a explica\u00e7\u00e3o de que contratos do governo com empresas da China para adquirir os equipamentos foram desfeitos ap\u00f3s os Estados Unidos adquirirem os mesmos itens.<\/p>\n<p>&#8220;Desde o in\u00edcio da pandemia provocada pelo coronav\u00edrus, uma corrida mundial em busca de m\u00e1scaras de prote\u00e7\u00e3o fez com que elas sumissem das prateleiras. O Minist\u00e9rio da Sa\u00fade est\u00e1 realizando compras de fornecedores nacionais e internacionais, em grandes quantidades, para garantir a prote\u00e7\u00e3o dos profissionais de sa\u00fade, que trabalham na assist\u00eancia \u00e0s pessoas doentes&#8221;, diz a nota.<br \/>\n<iframe loading=\"lazy\" src=\"https:\/\/www.youtube.com\/embed\/YkPxtYnXcQg\" width=\"853\" height=\"480\" frameborder=\"0\" allowfullscreen=\"allowfullscreen\"><\/iframe><\/p>\n<p>&#8220;Desde o in\u00edcio da pandemia provocada pelo coronav\u00edrus, uma corrida mundial em busca de m\u00e1scaras de prote\u00e7\u00e3o fez com que elas sumissem das prateleiras. O Minist\u00e9rio da Sa\u00fade est\u00e1 realizando compras de fornecedores nacionais e internacionais, em grandes quantidades, para garantir a prote\u00e7\u00e3o dos profissionais de sa\u00fade, que trabalham na assist\u00eancia \u00e0s pessoas doentes&#8221;, diz a nota.<\/p>\n<p>O pr\u00f3prio Mandetta citou, na entrevista coletiva desta tarde, o uso da m\u00e1scara caseira ao longo da profiss\u00e3o como m\u00e9dico.<\/p>\n<p>&#8220;Tenho 31 anos de formado (em medicina). Durante 20 anos da minha vida, abri t\u00f3rax, cora\u00e7\u00e3o, abd\u00f4men, tudo eu fiz usando gorro de pano, m\u00e1scara de pano. N\u00e3o sou de uma gera\u00e7\u00e3o de produto descart\u00e1vel, m\u00e9dico &#8216;raiz&#8217; mesmo&#8221;, declarou.<\/p>\n<p>*Uol<\/p>\n","protected":false},"excerpt":{"rendered":"<p>O Minist\u00e9rio da Sa\u00fade divulgou, na tarde de hoje, um passo a passo sobre como produzir uma m\u00e1scara caseira de pano para prote\u00e7\u00e3o ao coronav\u00edrus. O uso de m\u00e1scaras caseiras pela popula\u00e7\u00e3o vem sendo defendido pelo ministro Luiz Henrique Mandetta (DEM) desde o in\u00edcio da semana; o intuito \u00e9 que os equipamentos profissionais fiquem com [&hellip;]<\/p>\n","protected":false},"author":1,"featured_media":90750,"comment_status":"closed","ping_status":"closed","sticky":false,"template":"","format":"standard","meta":[],"categories":[30],"tags":[],"_links":{"self":[{"href":"https:\/\/blitzconquista.com.br\/index.php?rest_route=\/wp\/v2\/posts\/90748"}],"collection":[{"href":"https:\/\/blitzconquista.com.br\/index.php?rest_route=\/wp\/v2\/posts"}],"about":[{"href":"https:\/\/blitzconquista.com.br\/index.php?rest_route=\/wp\/v2\/types\/post"}],"author":[{"embeddable":true,"href":"https:\/\/blitzconquista.com.br\/index.php?rest_route=\/wp\/v2\/users\/1"}],"replies":[{"embeddable":true,"href":"https:\/\/blitzconquista.com.br\/index.php?rest_route=%2Fwp%2Fv2%2Fcomments&post=90748"}],"version-history":[{"count":1,"href":"https:\/\/blitzconquista.com.br\/index.php?rest_route=\/wp\/v2\/posts\/90748\/revisions"}],"predecessor-version":[{"id":90751,"href":"https:\/\/blitzconquista.com.br\/index.php?rest_route=\/wp\/v2\/posts\/90748\/revisions\/90751"}],"wp:featuredmedia":[{"embeddable":true,"href":"https:\/\/blitzconquista.com.br\/index.php?rest_route=\/wp\/v2\/media\/90750"}],"wp:attachment":[{"href":"https:\/\/blitzconquista.com.br\/index.php?rest_route=%2Fwp%2Fv2%2Fmedia&parent=90748"}],"wp:term":[{"taxonomy":"category","embeddable":true,"href":"https:\/\/blitzconquista.com.br\/index.php?rest_route=%2Fwp%2Fv2%2Fcategories&post=90748"},{"taxonomy":"post_tag","embeddable":true,"href":"https:\/\/blitzconquista.com.br\/index.php?rest_route=%2Fwp%2Fv2%2Ftags&post=90748"}],"curies":[{"name":"wp","href":"https:\/\/api.w.org\/{rel}","templated":true}]}}