{"id":90752,"date":"2020-04-03T10:20:45","date_gmt":"2020-04-03T13:20:45","guid":{"rendered":"http:\/\/blitzconquista.com.br\/?p=90752"},"modified":"2020-04-03T02:25:41","modified_gmt":"2020-04-03T05:25:41","slug":"como-e-a-falta-de-ar-causada-por-coronavirus-cinco-sensacoes-ajudam-a-identificar","status":"publish","type":"post","link":"https:\/\/blitzconquista.com.br\/?p=90752","title":{"rendered":"Como \u00e9 a falta de ar causada por coronav\u00edrus: cinco sensa\u00e7\u00f5es ajudam a identificar"},"content":{"rendered":"<div id=\"maincontent\">\n<div id=\"content\" class=\"content\"><main id=\"main\" role=\"main\" data-region=\"main\" data-id=\"64\" data-m=\"{&quot;i&quot;:64,&quot;n&quot;:&quot;main&quot;,&quot;y&quot;:6}\"><\/p>\n<article class=\"articlecontent allowvig loaded\" data-id=\"67\" data-m=\"{&quot;i&quot;:67,&quot;p&quot;:64,&quot;n&quot;:&quot;article&quot;,&quot;y&quot;:6,&quot;o&quot;:3}\" data-nativead-placements=\"article_aside:3;singlecard1:1;singlecard2:1;singlecard3:1;singlecard4:1;singlecard5:1;singlecard6:1;singlecard7:1;singlecard8:1;singlecard9:1;singlecard10:1;singlecard11:1;\">\n<section class=\"flexarticle\" data-id=\"68\" data-m=\"{&quot;i&quot;:68,&quot;p&quot;:67,&quot;n&quot;:&quot;flexarticle&quot;,&quot;y&quot;:6,&quot;o&quot;:1}\">\n<section class=\"articlebody  \" data-id=\"69\" data-m=\"{&quot;i&quot;:69,&quot;p&quot;:68,&quot;n&quot;:&quot;articlebody&quot;,&quot;y&quot;:6,&quot;o&quot;:1}\"><span class=\"storyimage fullwidth inlineimage\" data-aop=\"image\"> <span class=\"image\" data-attrib=\"fizkes\/Shutterstock\" data-caption=\"fizkes\/Shutterstock\" data-id=\"70\" data-m=\"{&quot;i&quot;:70,&quot;p&quot;:69,&quot;n&quot;:&quot;openModal&quot;,&quot;t&quot;:&quot;articleImages&quot;,&quot;o&quot;:1}\"> <img decoding=\"async\" class=\"loaded\" src=\"https:\/\/img-s-msn-com.akamaized.net\/tenant\/amp\/entityid\/BB11Yx8G.img?h=402&amp;w=768&amp;m=6&amp;q=60&amp;o=f&amp;l=f\" alt=\"fizkes\/Shutterstock\" data-src=\"{&quot;default&quot;:{&quot;load&quot;:&quot;default&quot;,&quot;w&quot;:&quot;77&quot;,&quot;h&quot;:&quot;40&quot;,&quot;src&quot;:&quot;\/\/img-s-msn-com.akamaized.net\/tenant\/amp\/entityid\/BB11Yx8G.img?h=402&amp;w=768&amp;m=6&amp;q=60&amp;o=f&amp;l=f&quot;},&quot;size3column&quot;:{&quot;load&quot;:&quot;default&quot;,&quot;w&quot;:&quot;62&quot;,&quot;h&quot;:&quot;33&quot;,&quot;src&quot;:&quot;\/\/img-s-msn-com.akamaized.net\/tenant\/amp\/entityid\/BB11Yx8G.img?h=327&amp;w=624&amp;m=6&amp;q=60&amp;o=f&amp;l=f&quot;},&quot;size2column&quot;:{&quot;load&quot;:&quot;default&quot;,&quot;w&quot;:&quot;62&quot;,&quot;h&quot;:&quot;33&quot;,&quot;src&quot;:&quot;\/\/img-s-msn-com.akamaized.net\/tenant\/amp\/entityid\/BB11Yx8G.img?h=327&amp;w=624&amp;m=6&amp;q=60&amp;o=f&amp;l=f&quot;}}\" \/> <\/span> <span class=\"caption truncate\"> <span class=\"attribution\">\u00a9 fizkes\/Shutterstock<\/span> fizkes\/Shutterstock <\/span> <\/span>Apesar de geralmente come\u00e7ar com sintomas de gripe, como tosse e febre, o quadro de <strong>COVID-19<\/strong> pode se tornar grave, sendo a <strong>falta de ar <\/strong>o maior indicador de que \u00e9 preciso buscar atendimento m\u00e9dico. Para quem nunca sentiu falta de ar, por\u00e9m, identificar o sintoma pode ser confuso \u2013 e alguns sinais complementares podem ajudar.<\/p>\n<h2>Como \u00e9 a sensa\u00e7\u00e3o de falta de ar?<\/h2>\n<p>Al\u00e9m de ser um sintoma caracter\u00edstico e grave de infec\u00e7\u00e3o pelo novo coronav\u00edrus e de outras doen\u00e7as, a <strong>falta de ar<\/strong> tamb\u00e9m pode ser causada por fatores como sedentarismo e crises de p\u00e2nico ou ansiedade. Sendo assim, \u00e9 preciso conhecer os sinais que este sintoma costuma ou pode manifestar quando causado por doen\u00e7as respirat\u00f3rias.<\/p>\n<p><span class=\"storyimage fullwidth inlineimage\" data-aop=\"image\"> <span class=\"image\" data-attrib=\"ranjith ravindran\/Shutterstock\" data-caption=\"ranjith ravindran\/Shutterstock\" data-id=\"71\" data-m=\"{&quot;i&quot;:71,&quot;p&quot;:69,&quot;n&quot;:&quot;openModal&quot;,&quot;t&quot;:&quot;articleImages&quot;,&quot;o&quot;:2}\"> <img decoding=\"async\" class=\"loaded\" src=\"https:\/\/img-s-msn-com.akamaized.net\/tenant\/amp\/entityid\/BB11Yx8J.img?h=402&amp;w=768&amp;m=6&amp;q=60&amp;o=f&amp;l=f\" alt=\"ranjith ravindran\/Shutterstock\" data-src=\"{&quot;default&quot;:{&quot;load&quot;:&quot;default&quot;,&quot;w&quot;:&quot;77&quot;,&quot;h&quot;:&quot;40&quot;,&quot;src&quot;:&quot;\/\/img-s-msn-com.akamaized.net\/tenant\/amp\/entityid\/BB11Yx8J.img?h=402&amp;w=768&amp;m=6&amp;q=60&amp;o=f&amp;l=f&quot;},&quot;size3column&quot;:{&quot;load&quot;:&quot;default&quot;,&quot;w&quot;:&quot;62&quot;,&quot;h&quot;:&quot;33&quot;,&quot;src&quot;:&quot;\/\/img-s-msn-com.akamaized.net\/tenant\/amp\/entityid\/BB11Yx8J.img?h=327&amp;w=624&amp;m=6&amp;q=60&amp;o=f&amp;l=f&quot;},&quot;size2column&quot;:{&quot;load&quot;:&quot;default&quot;,&quot;w&quot;:&quot;62&quot;,&quot;h&quot;:&quot;33&quot;,&quot;src&quot;:&quot;\/\/img-s-msn-com.akamaized.net\/tenant\/amp\/entityid\/BB11Yx8J.img?h=327&amp;w=624&amp;m=6&amp;q=60&amp;o=f&amp;l=f&quot;}}\" \/> <\/span> <span class=\"caption truncate\"> <span class=\"attribution\">\u00a9 ranjith ravindran\/Shutterstock<\/span> ranjith ravindran\/Shutterstock <\/span> <\/span>De acordo com informa\u00e7\u00f5es disponibilizadas pelo Centro de Controle e Preven\u00e7\u00e3o de Doen\u00e7as (o CDC, principal \u00f3rg\u00e3o norte-americano de vigil\u00e2ncia sanit\u00e1ria) e com o pneumologista Felipe Marques, da rede de hospitais S\u00e3o Camilo, a sensa\u00e7\u00e3o de falta de ar causada pela infec\u00e7\u00e3o no trato respirat\u00f3rio pode incluir:<\/p>\n<ol>\n<li>Sensa\u00e7\u00e3o de f\u00f4lego curto, eventualmente acompanhada de dor para respirar;<\/li>\n<li>Falta de f\u00f4lego at\u00edpica ao realizar esfor\u00e7os f\u00edsicos simples e usuais do dia a dia, como subir uma escada;<\/li>\n<li>Press\u00e3o ou dor persistente no peito;<\/li>\n<li>Cianose (apar\u00eancia arroxeada de l\u00e1bios e pontas dos dedos);<\/li>\n<li>Confus\u00e3o mental.<\/li>\n<\/ol>\n<h3>Principal sensa\u00e7\u00e3o<\/h3>\n<p>Conforme explica Marques, a chave para perceber que h\u00e1 algo no trato respirat\u00f3rio apontando para um poss\u00edvel quadro de insufici\u00eancia \u00e9 a fadiga at\u00edpica relacionada a tarefas comuns. &#8220;Se o paciente n\u00e3o cansava para andar e agora est\u00e1 cansando, \u00e9 sinal de que a troca gasosa dele est\u00e1 comprometida por algum mecanismo que pode estar relacionado a um processo infeccioso como o do coronav\u00edrus ou outros v\u00edrus&#8221;, diz.<\/p>\n<p><span class=\"storyimage fullwidth inlineimage\" data-aop=\"image\"> <span class=\"image\" data-attrib=\"DaViDa S\/Shutterstock\" data-caption=\"DaViDa S\/Shutterstock\" data-id=\"72\" data-m=\"{&quot;i&quot;:72,&quot;p&quot;:69,&quot;n&quot;:&quot;openModal&quot;,&quot;t&quot;:&quot;articleImages&quot;,&quot;o&quot;:3}\"> <img decoding=\"async\" class=\"loaded\" src=\"https:\/\/img-s-msn-com.akamaized.net\/tenant\/amp\/entityid\/BB11YDIe.img?h=402&amp;w=768&amp;m=6&amp;q=60&amp;o=f&amp;l=f\" alt=\"DaViDa S\/Shutterstock\" data-src=\"{&quot;default&quot;:{&quot;load&quot;:&quot;default&quot;,&quot;w&quot;:&quot;77&quot;,&quot;h&quot;:&quot;40&quot;,&quot;src&quot;:&quot;\/\/img-s-msn-com.akamaized.net\/tenant\/amp\/entityid\/BB11YDIe.img?h=402&amp;w=768&amp;m=6&amp;q=60&amp;o=f&amp;l=f&quot;},&quot;size3column&quot;:{&quot;load&quot;:&quot;default&quot;,&quot;w&quot;:&quot;62&quot;,&quot;h&quot;:&quot;33&quot;,&quot;src&quot;:&quot;\/\/img-s-msn-com.akamaized.net\/tenant\/amp\/entityid\/BB11YDIe.img?h=327&amp;w=624&amp;m=6&amp;q=60&amp;o=f&amp;l=f&quot;},&quot;size2column&quot;:{&quot;load&quot;:&quot;default&quot;,&quot;w&quot;:&quot;62&quot;,&quot;h&quot;:&quot;33&quot;,&quot;src&quot;:&quot;\/\/img-s-msn-com.akamaized.net\/tenant\/amp\/entityid\/BB11YDIe.img?h=327&amp;w=624&amp;m=6&amp;q=60&amp;o=f&amp;l=f&quot;}}\" \/> <\/span> <span class=\"caption truncate\"> <span class=\"attribution\">\u00a9 DaViDa S\/Shutterstock<\/span> DaViDa S\/Shutterstock <\/span> <\/span><\/p>\n<h3>L\u00e1bios e dedos arroxeados e confus\u00e3o mental j\u00e1 indicam quadro avan\u00e7ado<\/h3>\n<p>Al\u00e9m disso, ele enfatiza tamb\u00e9m que, apesar de confus\u00e3o mental e cianose serem sinais de insufici\u00eancia respirat\u00f3ria, eles j\u00e1 s\u00e3o sintomas mais avan\u00e7ados do problema, e se manifestam quando o quadro \u00e9 bem mais grave. N\u00e3o \u00e9 poss\u00edvel, portanto, que a pessoa apresente estes sintomas sem estar com uma falta de ar percept\u00edvel, e eles indicam necessidade urgente de assist\u00eancia m\u00e9dica.<\/p>\n<h3>Nem todos os pacientes t\u00eam os 5 sinais<\/h3>\n<p>\u00c9 importante lembrar tamb\u00e9m que, conforme informa o CDC, o quadro grave de COVID-19 n\u00e3o inclui necessariamente todos estes fatores. Ao perceber qualquer sinal de dificuldade respirat\u00f3ria (seja ele dor ou falta de f\u00f4lego repentina e duradoura, especialmente acompanhada de febre persistente e tosse), \u00e9 importante buscar orienta\u00e7\u00e3o m\u00e9dica o mais r\u00e1pido poss\u00edvel.<\/p>\n<p><span class=\"storyimage fullwidth inlineimage\" data-aop=\"image\"> <span class=\"image\" data-attrib=\"Corona Borealis Studio \/ Shutterstock\" data-caption=\"Corona Borealis Studio \/ Shutterstock\" data-id=\"73\" data-m=\"{&quot;i&quot;:73,&quot;p&quot;:69,&quot;n&quot;:&quot;openModal&quot;,&quot;t&quot;:&quot;articleImages&quot;,&quot;o&quot;:4}\"> <img decoding=\"async\" class=\"loaded\" src=\"https:\/\/img-s-msn-com.akamaized.net\/tenant\/amp\/entityid\/BB11Yh5B.img?h=402&amp;w=768&amp;m=6&amp;q=60&amp;o=f&amp;l=f\" alt=\"Corona Borealis Studio \/ Shutterstock\" data-src=\"{&quot;default&quot;:{&quot;load&quot;:&quot;default&quot;,&quot;w&quot;:&quot;77&quot;,&quot;h&quot;:&quot;40&quot;,&quot;src&quot;:&quot;\/\/img-s-msn-com.akamaized.net\/tenant\/amp\/entityid\/BB11Yh5B.img?h=402&amp;w=768&amp;m=6&amp;q=60&amp;o=f&amp;l=f&quot;},&quot;size3column&quot;:{&quot;load&quot;:&quot;default&quot;,&quot;w&quot;:&quot;62&quot;,&quot;h&quot;:&quot;33&quot;,&quot;src&quot;:&quot;\/\/img-s-msn-com.akamaized.net\/tenant\/amp\/entityid\/BB11Yh5B.img?h=327&amp;w=624&amp;m=6&amp;q=60&amp;o=f&amp;l=f&quot;},&quot;size2column&quot;:{&quot;load&quot;:&quot;default&quot;,&quot;w&quot;:&quot;62&quot;,&quot;h&quot;:&quot;33&quot;,&quot;src&quot;:&quot;\/\/img-s-msn-com.akamaized.net\/tenant\/amp\/entityid\/BB11Yh5B.img?h=327&amp;w=624&amp;m=6&amp;q=60&amp;o=f&amp;l=f&quot;}}\" \/> <\/span> <span class=\"caption truncate\"> <span class=\"attribution\">\u00a9 Corona Borealis Studio \/ Shutterstock<\/span> Corona Borealis Studio \/ Shutterstock <\/span> <\/span><\/p>\n<h2>Falta de ar por ansiedade ou p\u00e2nico<\/h2>\n<p>De acordo com a psic\u00f3loga cl\u00ednica Marina Prado Franco, a principal forma de diferenciar a falta de ar provocada por doen\u00e7a respirat\u00f3ria daquela advinda de quadros psicol\u00f3gicos \u00e9 observar os sintomas associados.<\/p>\n<p>\u201cO ataque de p\u00e2nico surge aparentemente sem uma causa espec\u00edfica, pode surgir quando a pessoa est\u00e1 dormindo, e pode estar associado a sintomas como taquicardia, sudorese, tremores, formigamento e boca seca. Al\u00e9m disso, h\u00e1 tamb\u00e9m um medo da morte, medo do que vai acontecer, medo do que [a pessoa] est\u00e1 sentindo e medo de perder o controle\u201d, diz.<\/p>\n<p>Al\u00e9m disso, ataques de p\u00e2nico costumam durar dez minutos, enquanto a falta de ar relacionada a doen\u00e7as infecciosas tende a ser mais prolongada.<\/p>\n<p>*Vix<\/p>\n<\/section>\n<\/section>\n<\/article>\n<p><\/main><\/div>\n<\/div>\n","protected":false},"excerpt":{"rendered":"<p>\u00a9 fizkes\/Shutterstock fizkes\/Shutterstock Apesar de geralmente come\u00e7ar com sintomas de gripe, como tosse e febre, o quadro de COVID-19 pode se tornar grave, sendo a falta de ar o maior indicador de que \u00e9 preciso buscar atendimento m\u00e9dico. Para quem nunca sentiu falta de ar, por\u00e9m, identificar o sintoma pode ser confuso \u2013 e alguns [&hellip;]<\/p>\n","protected":false},"author":1,"featured_media":90754,"comment_status":"closed","ping_status":"closed","sticky":false,"template":"","format":"standard","meta":[],"categories":[212,30],"tags":[],"_links":{"self":[{"href":"https:\/\/blitzconquista.com.br\/index.php?rest_route=\/wp\/v2\/posts\/90752"}],"collection":[{"href":"https:\/\/blitzconquista.com.br\/index.php?rest_route=\/wp\/v2\/posts"}],"about":[{"href":"https:\/\/blitzconquista.com.br\/index.php?rest_route=\/wp\/v2\/types\/post"}],"author":[{"embeddable":true,"href":"https:\/\/blitzconquista.com.br\/index.php?rest_route=\/wp\/v2\/users\/1"}],"replies":[{"embeddable":true,"href":"https:\/\/blitzconquista.com.br\/index.php?rest_route=%2Fwp%2Fv2%2Fcomments&post=90752"}],"version-history":[{"count":1,"href":"https:\/\/blitzconquista.com.br\/index.php?rest_route=\/wp\/v2\/posts\/90752\/revisions"}],"predecessor-version":[{"id":90755,"href":"https:\/\/blitzconquista.com.br\/index.php?rest_route=\/wp\/v2\/posts\/90752\/revisions\/90755"}],"wp:featuredmedia":[{"embeddable":true,"href":"https:\/\/blitzconquista.com.br\/index.php?rest_route=\/wp\/v2\/media\/90754"}],"wp:attachment":[{"href":"https:\/\/blitzconquista.com.br\/index.php?rest_route=%2Fwp%2Fv2%2Fmedia&parent=90752"}],"wp:term":[{"taxonomy":"category","embeddable":true,"href":"https:\/\/blitzconquista.com.br\/index.php?rest_route=%2Fwp%2Fv2%2Fcategories&post=90752"},{"taxonomy":"post_tag","embeddable":true,"href":"https:\/\/blitzconquista.com.br\/index.php?rest_route=%2Fwp%2Fv2%2Ftags&post=90752"}],"curies":[{"name":"wp","href":"https:\/\/api.w.org\/{rel}","templated":true}]}}