{"id":90763,"date":"2020-04-03T17:57:05","date_gmt":"2020-04-03T20:57:05","guid":{"rendered":"http:\/\/blitzconquista.com.br\/?p=90763"},"modified":"2020-04-03T17:57:18","modified_gmt":"2020-04-03T20:57:18","slug":"confirmado-2o-caso-de-coronavirus-em-vitoria-da-conquista","status":"publish","type":"post","link":"https:\/\/blitzconquista.com.br\/?p=90763","title":{"rendered":"Confirmado 2\u00ba caso de Coronav\u00edrus em Vit\u00f3ria da Conquista"},"content":{"rendered":"\n<figure class=\"wp-block-image size-large\"><img decoding=\"async\" loading=\"lazy\" width=\"653\" height=\"653\" src=\"\/\/i0.wp.com\/blitzconquista.com.br\/wp-content\/uploads\/2020\/04\/WhatsApp-Image-2020-04-03-at-17.17.45-653x653.jpeg\" alt=\"\" class=\"wp-image-90762\" srcset=\"https:\/\/blitzconquista.com.br\/wp-content\/uploads\/2020\/04\/WhatsApp-Image-2020-04-03-at-17.17.45-653x653.jpeg 653w, https:\/\/blitzconquista.com.br\/wp-content\/uploads\/2020\/04\/WhatsApp-Image-2020-04-03-at-17.17.45-300x300.jpeg 300w, https:\/\/blitzconquista.com.br\/wp-content\/uploads\/2020\/04\/WhatsApp-Image-2020-04-03-at-17.17.45-150x150.jpeg 150w, https:\/\/blitzconquista.com.br\/wp-content\/uploads\/2020\/04\/WhatsApp-Image-2020-04-03-at-17.17.45-768x768.jpeg 768w, https:\/\/blitzconquista.com.br\/wp-content\/uploads\/2020\/04\/WhatsApp-Image-2020-04-03-at-17.17.45-65x65.jpeg 65w, https:\/\/blitzconquista.com.br\/wp-content\/uploads\/2020\/04\/WhatsApp-Image-2020-04-03-at-17.17.45-990x990.jpeg 990w, https:\/\/blitzconquista.com.br\/wp-content\/uploads\/2020\/04\/WhatsApp-Image-2020-04-03-at-17.17.45.jpeg 1200w\" sizes=\"(max-width: 653px) 100vw, 653px\" \/><\/figure>\n\n\n\n<p>Acaba de ser confirmado o segundo caso de Covid-19 em Vit\u00f3ria da Conquista na tarde desta sexta-feira (3), de acordo com\u00a0<a href=\"http:\/\/www.pmvc.ba.gov.br\/wp-content\/uploads\/boletim-3-de-abril_20200403170625.pdf\">Boletim epidemiol\u00f3gico atualizado,<\/a>\u00a0que acaba de ser divulgado pela Secretaria Municipal de Sa\u00fade.<\/p>\n\n\n\n<p>Trata-se de um homem, de 42 anos, residente de Vit\u00f3ria da Conquista, sem hist\u00f3rico de viagem, que j\u00e1 estava sob monitoramento da equipe de Vigil\u00e2ncia Epidemiol\u00f3gica e em isolamento domiciliar desde o in\u00edcio dos sintomas, apresentando quadro gripal leve. A equipe do Lacen Municipal realizou a coleta do exame em sua resid\u00eancia no dia 26 de mar\u00e7o de 2020 e encaminhou para o Lacen Estadual para a realiza\u00e7\u00e3o de an\u00e1lises. Neste momento, o paciente encontra-se assintom\u00e1tico e permanece em isolamento domiciliar, bem como todos os seus contatos familiares.<\/p>\n","protected":false},"excerpt":{"rendered":"<p>Acaba de ser confirmado o segundo caso de Covid-19 em Vit\u00f3ria da Conquista na tarde desta sexta-feira (3), de acordo com\u00a0Boletim epidemiol\u00f3gico atualizado,\u00a0que acaba de ser divulgado pela Secretaria Municipal de Sa\u00fade. Trata-se de um homem, de 42 anos, residente de Vit\u00f3ria da Conquista, sem hist\u00f3rico de viagem, que j\u00e1 estava sob monitoramento da equipe [&hellip;]<\/p>\n","protected":false},"author":1,"featured_media":90762,"comment_status":"closed","ping_status":"closed","sticky":false,"template":"","format":"standard","meta":[],"categories":[212,30],"tags":[],"_links":{"self":[{"href":"https:\/\/blitzconquista.com.br\/index.php?rest_route=\/wp\/v2\/posts\/90763"}],"collection":[{"href":"https:\/\/blitzconquista.com.br\/index.php?rest_route=\/wp\/v2\/posts"}],"about":[{"href":"https:\/\/blitzconquista.com.br\/index.php?rest_route=\/wp\/v2\/types\/post"}],"author":[{"embeddable":true,"href":"https:\/\/blitzconquista.com.br\/index.php?rest_route=\/wp\/v2\/users\/1"}],"replies":[{"embeddable":true,"href":"https:\/\/blitzconquista.com.br\/index.php?rest_route=%2Fwp%2Fv2%2Fcomments&post=90763"}],"version-history":[{"count":1,"href":"https:\/\/blitzconquista.com.br\/index.php?rest_route=\/wp\/v2\/posts\/90763\/revisions"}],"predecessor-version":[{"id":90764,"href":"https:\/\/blitzconquista.com.br\/index.php?rest_route=\/wp\/v2\/posts\/90763\/revisions\/90764"}],"wp:featuredmedia":[{"embeddable":true,"href":"https:\/\/blitzconquista.com.br\/index.php?rest_route=\/wp\/v2\/media\/90762"}],"wp:attachment":[{"href":"https:\/\/blitzconquista.com.br\/index.php?rest_route=%2Fwp%2Fv2%2Fmedia&parent=90763"}],"wp:term":[{"taxonomy":"category","embeddable":true,"href":"https:\/\/blitzconquista.com.br\/index.php?rest_route=%2Fwp%2Fv2%2Fcategories&post=90763"},{"taxonomy":"post_tag","embeddable":true,"href":"https:\/\/blitzconquista.com.br\/index.php?rest_route=%2Fwp%2Fv2%2Ftags&post=90763"}],"curies":[{"name":"wp","href":"https:\/\/api.w.org\/{rel}","templated":true}]}}