{"id":90769,"date":"2020-04-04T02:15:54","date_gmt":"2020-04-04T05:15:54","guid":{"rendered":"http:\/\/blitzconquista.com.br\/?p=90769"},"modified":"2020-04-04T02:15:54","modified_gmt":"2020-04-04T05:15:54","slug":"sudoeste-tem-primeira-morte-pelo-novo-coronavirus-vitima-tinha-28-anos","status":"publish","type":"post","link":"https:\/\/blitzconquista.com.br\/?p=90769","title":{"rendered":"Sudoeste tem primeira morte pelo novo Coronav\u00edrus; v\u00edtima tinha 28 anos"},"content":{"rendered":"<figure id=\"attachment_90771\" aria-describedby=\"caption-attachment-90771\" style=\"width: 868px\" class=\"wp-caption aligncenter\"><img decoding=\"async\" loading=\"lazy\" class=\"size-full wp-image-90771\" src=\"http:\/\/blitzconquista.com.br\/wp-content\/uploads\/2020\/04\/Rafaela-de-Jesus-Silva-28-anos.jpg\" alt=\"\" width=\"868\" height=\"648\" srcset=\"https:\/\/blitzconquista.com.br\/wp-content\/uploads\/2020\/04\/Rafaela-de-Jesus-Silva-28-anos.jpg 868w, https:\/\/blitzconquista.com.br\/wp-content\/uploads\/2020\/04\/Rafaela-de-Jesus-Silva-28-anos-300x225.jpg 300w, https:\/\/blitzconquista.com.br\/wp-content\/uploads\/2020\/04\/Rafaela-de-Jesus-Silva-28-anos-695x519.jpg 695w, https:\/\/blitzconquista.com.br\/wp-content\/uploads\/2020\/04\/Rafaela-de-Jesus-Silva-28-anos-768x573.jpg 768w, https:\/\/blitzconquista.com.br\/wp-content\/uploads\/2020\/04\/Rafaela-de-Jesus-Silva-28-anos-74x55.jpg 74w, https:\/\/blitzconquista.com.br\/wp-content\/uploads\/2020\/04\/Rafaela-de-Jesus-Silva-28-anos-111x83.jpg 111w, https:\/\/blitzconquista.com.br\/wp-content\/uploads\/2020\/04\/Rafaela-de-Jesus-Silva-28-anos-215x161.jpg 215w\" sizes=\"(max-width: 868px) 100vw, 868px\" \/><figcaption id=\"caption-attachment-90771\" class=\"wp-caption-text\">Foto: Itapetinga Agora<\/figcaption><\/figure>\n<p>Rafaela de Jesus Silva, 28 anos, \u00e9 primeira pessoa a morrer em decorr\u00eancia do novo Coronav\u00edrus no Sudoeste do Estado. Ela deu entrada na UPA de Itapetinga na manh\u00e3 de quarta-feira (01), apresentando insufici\u00eancia respirat\u00f3ria. Ela morreu no in\u00edcio da noite. A informa\u00e7\u00e3o da confirma\u00e7\u00e3o de que a jovem estava contaminada pelo novo Coronav\u00edrus foi divulgada pelo prefeito da cidade, Rodrigo Hagge, nas redes sociais.<\/p>\n<p>Amostras foram encaminhadas ao Lacen \u2013 Laborat\u00f3rio Central do Estado, em Salvador, onde foi atestada que a jovem estava contaminada pela Covid-19, disse o prefeito.<\/p>\n","protected":false},"excerpt":{"rendered":"<p>Rafaela de Jesus Silva, 28 anos, \u00e9 primeira pessoa a morrer em decorr\u00eancia do novo Coronav\u00edrus no Sudoeste do Estado. Ela deu entrada na UPA de Itapetinga na manh\u00e3 de quarta-feira (01), apresentando insufici\u00eancia respirat\u00f3ria. Ela morreu no in\u00edcio da noite. A informa\u00e7\u00e3o da confirma\u00e7\u00e3o de que a jovem estava contaminada pelo novo Coronav\u00edrus foi [&hellip;]<\/p>\n","protected":false},"author":1,"featured_media":90771,"comment_status":"closed","ping_status":"closed","sticky":false,"template":"","format":"standard","meta":[],"categories":[212,30],"tags":[],"_links":{"self":[{"href":"https:\/\/blitzconquista.com.br\/index.php?rest_route=\/wp\/v2\/posts\/90769"}],"collection":[{"href":"https:\/\/blitzconquista.com.br\/index.php?rest_route=\/wp\/v2\/posts"}],"about":[{"href":"https:\/\/blitzconquista.com.br\/index.php?rest_route=\/wp\/v2\/types\/post"}],"author":[{"embeddable":true,"href":"https:\/\/blitzconquista.com.br\/index.php?rest_route=\/wp\/v2\/users\/1"}],"replies":[{"embeddable":true,"href":"https:\/\/blitzconquista.com.br\/index.php?rest_route=%2Fwp%2Fv2%2Fcomments&post=90769"}],"version-history":[{"count":1,"href":"https:\/\/blitzconquista.com.br\/index.php?rest_route=\/wp\/v2\/posts\/90769\/revisions"}],"predecessor-version":[{"id":90772,"href":"https:\/\/blitzconquista.com.br\/index.php?rest_route=\/wp\/v2\/posts\/90769\/revisions\/90772"}],"wp:featuredmedia":[{"embeddable":true,"href":"https:\/\/blitzconquista.com.br\/index.php?rest_route=\/wp\/v2\/media\/90771"}],"wp:attachment":[{"href":"https:\/\/blitzconquista.com.br\/index.php?rest_route=%2Fwp%2Fv2%2Fmedia&parent=90769"}],"wp:term":[{"taxonomy":"category","embeddable":true,"href":"https:\/\/blitzconquista.com.br\/index.php?rest_route=%2Fwp%2Fv2%2Fcategories&post=90769"},{"taxonomy":"post_tag","embeddable":true,"href":"https:\/\/blitzconquista.com.br\/index.php?rest_route=%2Fwp%2Fv2%2Ftags&post=90769"}],"curies":[{"name":"wp","href":"https:\/\/api.w.org\/{rel}","templated":true}]}}