{"id":90773,"date":"2020-04-04T02:22:56","date_gmt":"2020-04-04T05:22:56","guid":{"rendered":"http:\/\/blitzconquista.com.br\/?p=90773"},"modified":"2020-04-04T02:22:56","modified_gmt":"2020-04-04T05:22:56","slug":"conquista-secretaria-de-saude-e-ministerio-publico-vao-notificar-pacientes-que-se-recusarem-a-permanecer-em-isolamento-ou-a-fazer-coleta-de-exame","status":"publish","type":"post","link":"https:\/\/blitzconquista.com.br\/?p=90773","title":{"rendered":"Conquista: Secretaria de Sa\u00fade e Minist\u00e9rio P\u00fablico v\u00e3o notificar pacientes que se recusarem a permanecer em isolamento ou a fazer coleta de exame"},"content":{"rendered":"<p><img decoding=\"async\" loading=\"lazy\" class=\"aligncenter size-full wp-image-90775\" src=\"http:\/\/blitzconquista.com.br\/wp-content\/uploads\/2020\/04\/Coronavirus.jpg\" alt=\"\" width=\"1200\" height=\"617\" srcset=\"https:\/\/blitzconquista.com.br\/wp-content\/uploads\/2020\/04\/Coronavirus.jpg 1200w, https:\/\/blitzconquista.com.br\/wp-content\/uploads\/2020\/04\/Coronavirus-300x154.jpg 300w, https:\/\/blitzconquista.com.br\/wp-content\/uploads\/2020\/04\/Coronavirus-695x357.jpg 695w, https:\/\/blitzconquista.com.br\/wp-content\/uploads\/2020\/04\/Coronavirus-768x395.jpg 768w, https:\/\/blitzconquista.com.br\/wp-content\/uploads\/2020\/04\/Coronavirus-990x509.jpg 990w\" sizes=\"(max-width: 1200px) 100vw, 1200px\" \/><\/p>\n<p>No atual cen\u00e1rio de dissemina\u00e7\u00e3o do coronav\u00edrus (Covid-19), o cuidado com a sa\u00fade do outro deve ser uma preocupa\u00e7\u00e3o de todos. Por isso, a Secretaria Municipal de Sa\u00fade, juntamente com o Minist\u00e9rio P\u00fablico, tem tomado medidas de conten\u00e7\u00e3o \u2013 baseadas em normas jur\u00eddicas cab\u00edveis \u2013 para notificar pessoas com suspeita cl\u00ednica e epidemiol\u00f3gica de infec\u00e7\u00e3o pelo coronav\u00edrus que se recusarem a fazer a coleta para exame laboratorial ou para garantir o isolamento domiciliar at\u00e9 obten\u00e7\u00e3o do resultado laboratorial.<\/p>\n<p>A realiza\u00e7\u00e3o do exame nos pacientes com suspeita \u00e9 indispens\u00e1vel e trata da responsabilidade com a sa\u00fade p\u00fablica. A Secretaria de Sa\u00fade est\u00e1 tomando essa medida para se ter o diagn\u00f3stico e n\u00e3o haver a contamina\u00e7\u00e3o de outras pessoas. Por isso, em casos de recusa, o Minist\u00e9rio P\u00fablico vai ser acionado para tomar as condutas necess\u00e1rias para realizar os exames, dentro do per\u00edodo previsto.<\/p>\n<p>De acordo com a Promotora de Justi\u00e7a, Guiomar Miranda Melo, da 11\u00aa Promotoria de Justi\u00e7a de Defesa da Cidadania, em raz\u00e3o da situa\u00e7\u00e3o de emerg\u00eancia que o pa\u00eds se envolveu ap\u00f3s a chegada do v\u00edrus e para impedir a dissemina\u00e7\u00e3o, podem ser adotadas medidas de restri\u00e7\u00f5es aos direitos de liberdade, bem como o direito de ir e vir, previstos na Constitui\u00e7\u00e3o da Rep\u00fablica. \u201cEstamos com duas leis que nos permitem essas medidas de conten\u00e7\u00e3o que venham a proibir a sa\u00edda de pessoas que estejam com sintomas do coronav\u00edrus, ainda que que n\u00e3o tenha sido feito o exame laboratorialmente, mas que tenha j\u00e1 uma previs\u00e3o, atrav\u00e9s do exame cl\u00ednico e epidemiol\u00f3gico, de que possa estar contaminado pelo v\u00edrus\u201d, explica a promotora.<\/p>\n<p>Para isso, as notifica\u00e7\u00f5es s\u00e3o baseadas na <a href=\"http:\/\/www.planalto.gov.br\/ccivil_03\/_ato2019-2022\/2020\/lei\/L13979.htm\">Lei Federal n\u00ba 13.979<\/a>, sancionada pelo presidente no dia 6 de fevereiro de 2020, que disp\u00f5e sobre as medidas de enfrentamento de emerg\u00eancia em sa\u00fade p\u00fablica decorrente do coronav\u00edrus; e no <a href=\"http:\/\/www.legislabahia.ba.gov.br\/documentos\/decreto-no-19529-de-16-de-marco-de-2020\">Decreto Estadual n\u00ba 19.529<\/a>, de 16 de mar\u00e7o de 2020.<\/p>\n<p>A Lei Federal tamb\u00e9m determina a realiza\u00e7\u00e3o compuls\u00f3ria de exames m\u00e9dicos, de testes laboratoriais, de coleta de amostra qu\u00edmica, por determina\u00e7\u00e3o da equipe da Vigil\u00e2ncia Epidemiol\u00f3gica ou por determina\u00e7\u00e3o do pr\u00f3prio Minist\u00e9rio P\u00fablico, que pode requisitar a presen\u00e7a desses cidad\u00e3os para serem submetidos ao exame de diagn\u00f3stico do Covid-19.<\/p>\n<p><strong>Caso n\u00e3o haja o cumprimento da notifica\u00e7\u00e3o encaminhada pelo Minist\u00e9rio P\u00fablico, essas pessoas poder\u00e3o ser submetidas a processos criminais com abertura de inqu\u00e9rito policial, sendo processados pelos crimes dos artigos 267, 268, 132 e 303 do C\u00f3digo Penal Brasileiro<\/strong>, como explica a Promotora de Justi\u00e7a: \u201cque \u00e9 causar epidemia mediante a propaga\u00e7\u00e3o de germes patog\u00eanicos, com pena de reclus\u00e3o de 10 a 15 anos; por infra\u00e7\u00e3o de medida sanit\u00e1ria preventiva; por expor a vida ou a sa\u00fade do outrem a perigo direto, com deten\u00e7\u00e3o de 3 meses a um ano; e por desobedi\u00eancia a uma ordem de autoridade competente, com deten\u00e7\u00e3o de 15 dias a seis meses\u201d.<\/p>\n<p>Medidas como estas est\u00e3o sendo tomadas para fazer o controle da dissemina\u00e7\u00e3o do coronav\u00edrus e cumprir com todas as medidas de preven\u00e7\u00e3o no munic\u00edpio, como autoriza o Art. 6\u00ba do Decreto Estadual, que determina que as a\u00e7\u00f5es e os servi\u00e7os p\u00fablicos de sa\u00fade voltados \u00e0 conten\u00e7\u00e3o de emerg\u00eancia ser\u00e3o articulados pela Secretaria de Sa\u00fade, que pode contar com a participa\u00e7\u00e3o dos demais \u00f3rg\u00e3os e entidades da Administra\u00e7\u00e3o P\u00fablica Estadual para fazer cumprir as determina\u00e7\u00f5es.<\/p>\n<p>*Secom<\/p>\n","protected":false},"excerpt":{"rendered":"<p>No atual cen\u00e1rio de dissemina\u00e7\u00e3o do coronav\u00edrus (Covid-19), o cuidado com a sa\u00fade do outro deve ser uma preocupa\u00e7\u00e3o de todos. Por isso, a Secretaria Municipal de Sa\u00fade, juntamente com o Minist\u00e9rio P\u00fablico, tem tomado medidas de conten\u00e7\u00e3o \u2013 baseadas em normas jur\u00eddicas cab\u00edveis \u2013 para notificar pessoas com suspeita cl\u00ednica e epidemiol\u00f3gica de infec\u00e7\u00e3o [&hellip;]<\/p>\n","protected":false},"author":1,"featured_media":90775,"comment_status":"closed","ping_status":"closed","sticky":false,"template":"","format":"standard","meta":[],"categories":[30],"tags":[],"_links":{"self":[{"href":"https:\/\/blitzconquista.com.br\/index.php?rest_route=\/wp\/v2\/posts\/90773"}],"collection":[{"href":"https:\/\/blitzconquista.com.br\/index.php?rest_route=\/wp\/v2\/posts"}],"about":[{"href":"https:\/\/blitzconquista.com.br\/index.php?rest_route=\/wp\/v2\/types\/post"}],"author":[{"embeddable":true,"href":"https:\/\/blitzconquista.com.br\/index.php?rest_route=\/wp\/v2\/users\/1"}],"replies":[{"embeddable":true,"href":"https:\/\/blitzconquista.com.br\/index.php?rest_route=%2Fwp%2Fv2%2Fcomments&post=90773"}],"version-history":[{"count":1,"href":"https:\/\/blitzconquista.com.br\/index.php?rest_route=\/wp\/v2\/posts\/90773\/revisions"}],"predecessor-version":[{"id":90776,"href":"https:\/\/blitzconquista.com.br\/index.php?rest_route=\/wp\/v2\/posts\/90773\/revisions\/90776"}],"wp:featuredmedia":[{"embeddable":true,"href":"https:\/\/blitzconquista.com.br\/index.php?rest_route=\/wp\/v2\/media\/90775"}],"wp:attachment":[{"href":"https:\/\/blitzconquista.com.br\/index.php?rest_route=%2Fwp%2Fv2%2Fmedia&parent=90773"}],"wp:term":[{"taxonomy":"category","embeddable":true,"href":"https:\/\/blitzconquista.com.br\/index.php?rest_route=%2Fwp%2Fv2%2Fcategories&post=90773"},{"taxonomy":"post_tag","embeddable":true,"href":"https:\/\/blitzconquista.com.br\/index.php?rest_route=%2Fwp%2Fv2%2Ftags&post=90773"}],"curies":[{"name":"wp","href":"https:\/\/api.w.org\/{rel}","templated":true}]}}