{"id":90782,"date":"2020-04-04T19:45:34","date_gmt":"2020-04-04T22:45:34","guid":{"rendered":"http:\/\/blitzconquista.com.br\/?p=90782"},"modified":"2020-04-04T19:47:44","modified_gmt":"2020-04-04T22:47:44","slug":"5-casos-de-coronavirus-confirmados-em-vitoria-da-conquista","status":"publish","type":"post","link":"https:\/\/blitzconquista.com.br\/?p=90782","title":{"rendered":"5 casos de Coronav\u00edrus confirmados em Vit\u00f3ria da Conquista"},"content":{"rendered":"\n<p>Neste s\u00e1bado (4),&nbsp;<strong>mais 3 casos de coronav\u00edrus foram confirmados em Vit\u00f3ria da Conquista:&nbsp;<\/strong>2 deles por meio de exames realizados por laborat\u00f3rio privado e 1 confirmado pelo Lacen. Os dois casos&nbsp; confirmados por laborat\u00f3rio privado seguem para contraprova no Lacen, em Salvador.<\/p>\n\n\n\n<p>J\u00e1 s\u00e3o 5&nbsp;<strong>&nbsp;casos confirmados no munic\u00edpio&nbsp;<\/strong>at\u00e9 \u00e0s 17h de hoje (4), de acordo com o&nbsp;&nbsp;<a href=\"http:\/\/www.pmvc.ba.gov.br\/wp-content\/uploads\/Boletim-mun-COVID-4-mar%C3%A7o-ATUALIZADO.pdf\">Boletim epidemiol\u00f3gico atualizado<\/a>&nbsp;divulgado pela Secretaria Municipal de Sa\u00fade.<\/p>\n\n\n\n<p>Os dois novos casos confirmados por laborat\u00f3rio privado s\u00e3o de duas mulheres, de 53 e 35 anos, sem comorbidades, que apresentaram sintomas respirat\u00f3rios suspeitos de coronav\u00edrus e procuraram o laborat\u00f3rio privado para realizar o exame de diagn\u00f3stico da doen\u00e7a. Elas seguem em isolamento domiciliar, bem como todos os seus contatos familiares. Al\u00e9m disso, j\u00e1 apresentam melhora do quadro de sa\u00fade e est\u00e3o devidamente monitoradas e acompanhadas pela equipe de refer\u00eancia do Covid-19 da Secretaria de Sa\u00fade.<\/p>\n\n\n\n<p>As duas pacientes j\u00e1 estavam no banco de dados da equipe de monitoramento, pois o laborat\u00f3rio privado, onde fizeram o exame, envia relat\u00f3rio di\u00e1rio informando todos os pacientes atendidos com casos suspeitos para Covid.<\/p>\n\n\n\n<p>O quinto caso confirmado \u00e9 de um homem, de 42 anos, com hist\u00f3rico de viagem para o Rio Grande do Sul, notificado por meio do Call Center da Secretaria de Sa\u00fade e sintom\u00e1tico quando realizou o exame no dia 1\u00ba de abril. Ele se mant\u00e9m isolado desde a sua chegada em Vit\u00f3ria da Conquista.<\/p>\n\n\n\n<figure class=\"wp-block-image size-large\"><img decoding=\"async\" loading=\"lazy\" width=\"1200\" height=\"1200\" src=\"http:\/\/blitzconquista.com.br\/wp-content\/uploads\/2020\/04\/19-44-11-whatsapp-image-2020-04-04-at-194214669007314631876.jpeg\" alt=\"\" class=\"wp-image-90784\" srcset=\"https:\/\/blitzconquista.com.br\/wp-content\/uploads\/2020\/04\/19-44-11-whatsapp-image-2020-04-04-at-194214669007314631876.jpeg 1200w, https:\/\/blitzconquista.com.br\/wp-content\/uploads\/2020\/04\/19-44-11-whatsapp-image-2020-04-04-at-194214669007314631876-300x300.jpeg 300w, https:\/\/blitzconquista.com.br\/wp-content\/uploads\/2020\/04\/19-44-11-whatsapp-image-2020-04-04-at-194214669007314631876-653x653.jpeg 653w, https:\/\/blitzconquista.com.br\/wp-content\/uploads\/2020\/04\/19-44-11-whatsapp-image-2020-04-04-at-194214669007314631876-150x150.jpeg 150w, https:\/\/blitzconquista.com.br\/wp-content\/uploads\/2020\/04\/19-44-11-whatsapp-image-2020-04-04-at-194214669007314631876-768x768.jpeg 768w, https:\/\/blitzconquista.com.br\/wp-content\/uploads\/2020\/04\/19-44-11-whatsapp-image-2020-04-04-at-194214669007314631876-65x65.jpeg 65w, https:\/\/blitzconquista.com.br\/wp-content\/uploads\/2020\/04\/19-44-11-whatsapp-image-2020-04-04-at-194214669007314631876-990x990.jpeg 990w\" sizes=\"(max-width: 1200px) 100vw, 1200px\" \/><\/figure>\n\n\n\n<p>Ainda de acordo com o Boletim, j\u00e1 foram notificados 229 casos suspeitos de infec\u00e7\u00e3o pelo Covid-19 no munic\u00edpio, com 109 casos descartados laboratorialmente e 5 descartados por v\u00ednculo epidemiol\u00f3gico*. Al\u00e9m disso, 65 aguardam resultado das amostras enviadas ao Lacen Estadual e 45 aguardam coleta.<\/p>\n\n\n\n<p>*Fonte: Secom<\/p>\n","protected":false},"excerpt":{"rendered":"<p>Neste s\u00e1bado (4),&nbsp;mais 3 casos de coronav\u00edrus foram confirmados em Vit\u00f3ria da Conquista:&nbsp;2 deles por meio de exames realizados por laborat\u00f3rio privado e 1 confirmado pelo Lacen. Os dois casos&nbsp; confirmados por laborat\u00f3rio privado seguem para contraprova no Lacen, em Salvador. J\u00e1 s\u00e3o 5&nbsp;&nbsp;casos confirmados no munic\u00edpio&nbsp;at\u00e9 \u00e0s 17h de hoje (4), de acordo com [&hellip;]<\/p>\n","protected":false},"author":1,"featured_media":90785,"comment_status":"closed","ping_status":"closed","sticky":false,"template":"","format":"standard","meta":[],"categories":[212,30],"tags":[],"_links":{"self":[{"href":"https:\/\/blitzconquista.com.br\/index.php?rest_route=\/wp\/v2\/posts\/90782"}],"collection":[{"href":"https:\/\/blitzconquista.com.br\/index.php?rest_route=\/wp\/v2\/posts"}],"about":[{"href":"https:\/\/blitzconquista.com.br\/index.php?rest_route=\/wp\/v2\/types\/post"}],"author":[{"embeddable":true,"href":"https:\/\/blitzconquista.com.br\/index.php?rest_route=\/wp\/v2\/users\/1"}],"replies":[{"embeddable":true,"href":"https:\/\/blitzconquista.com.br\/index.php?rest_route=%2Fwp%2Fv2%2Fcomments&post=90782"}],"version-history":[{"count":2,"href":"https:\/\/blitzconquista.com.br\/index.php?rest_route=\/wp\/v2\/posts\/90782\/revisions"}],"predecessor-version":[{"id":90786,"href":"https:\/\/blitzconquista.com.br\/index.php?rest_route=\/wp\/v2\/posts\/90782\/revisions\/90786"}],"wp:featuredmedia":[{"embeddable":true,"href":"https:\/\/blitzconquista.com.br\/index.php?rest_route=\/wp\/v2\/media\/90785"}],"wp:attachment":[{"href":"https:\/\/blitzconquista.com.br\/index.php?rest_route=%2Fwp%2Fv2%2Fmedia&parent=90782"}],"wp:term":[{"taxonomy":"category","embeddable":true,"href":"https:\/\/blitzconquista.com.br\/index.php?rest_route=%2Fwp%2Fv2%2Fcategories&post=90782"},{"taxonomy":"post_tag","embeddable":true,"href":"https:\/\/blitzconquista.com.br\/index.php?rest_route=%2Fwp%2Fv2%2Ftags&post=90782"}],"curies":[{"name":"wp","href":"https:\/\/api.w.org\/{rel}","templated":true}]}}