{"id":90801,"date":"2020-04-06T01:05:21","date_gmt":"2020-04-06T04:05:21","guid":{"rendered":"http:\/\/blitzconquista.com.br\/?p=90801"},"modified":"2020-04-06T01:07:26","modified_gmt":"2020-04-06T04:07:26","slug":"prefeito-decide-abrir-comercio-de-conquista-numero-de-infectados-pelo-coronavirus-aumenta","status":"publish","type":"post","link":"https:\/\/blitzconquista.com.br\/?p=90801","title":{"rendered":"Prefeito decide abrir com\u00e9rcio de Conquista; n\u00famero de infectados pelo Coronav\u00edrus aumenta"},"content":{"rendered":"<p><img decoding=\"async\" loading=\"lazy\" class=\"aligncenter size-full wp-image-80453\" src=\"http:\/\/blitzconquista.com.br\/wp-content\/uploads\/2019\/03\/herzem-gusm\u00e3o-pereira-j.jpg\" alt=\"\" width=\"700\" height=\"465\" srcset=\"https:\/\/blitzconquista.com.br\/wp-content\/uploads\/2019\/03\/herzem-gusm\u00e3o-pereira-j.jpg 700w, https:\/\/blitzconquista.com.br\/wp-content\/uploads\/2019\/03\/herzem-gusm\u00e3o-pereira-j-300x200.jpg 300w, https:\/\/blitzconquista.com.br\/wp-content\/uploads\/2019\/03\/herzem-gusm\u00e3o-pereira-j-695x462.jpg 695w, https:\/\/blitzconquista.com.br\/wp-content\/uploads\/2019\/03\/herzem-gusm\u00e3o-pereira-j-414x276.jpg 414w, https:\/\/blitzconquista.com.br\/wp-content\/uploads\/2019\/03\/herzem-gusm\u00e3o-pereira-j-470x313.jpg 470w, https:\/\/blitzconquista.com.br\/wp-content\/uploads\/2019\/03\/herzem-gusm\u00e3o-pereira-j-640x426.jpg 640w, https:\/\/blitzconquista.com.br\/wp-content\/uploads\/2019\/03\/herzem-gusm\u00e3o-pereira-j-130x86.jpg 130w, https:\/\/blitzconquista.com.br\/wp-content\/uploads\/2019\/03\/herzem-gusm\u00e3o-pereira-j-187x124.jpg 187w\" sizes=\"(max-width: 700px) 100vw, 700px\" \/><\/p>\n<p>O Prefeito de Vit\u00f3ria da Conquista, Herzem Gusm\u00e3o Pereira, editou decreto autorizando o funcionamento do com\u00e9rcio nesta semana. De acordo com o decreto, o funcionamento ser\u00e1 em hor\u00e1rio excepcional de funcionamento, com hor\u00e1rios alternados para os diversos ramos de atividades. A decis\u00e3o do alcaide ocorre em meio ao aumento significativo de confirma\u00e7\u00f5es de casos de pessoas infectadas na cidade, inclusive com ind\u00edcios de contamina\u00e7\u00e3o comunit\u00e1ria. At\u00e9 a tarde deste domingo, 05, foram seis casos confirmados. Um dos pacientes est\u00e1 na UTI da Santa Casa.<\/p>\n<p><img decoding=\"async\" loading=\"lazy\" class=\"aligncenter  wp-image-90807\" src=\"http:\/\/blitzconquista.com.br\/wp-content\/uploads\/2020\/04\/05abril-680x680-1.jpeg\" alt=\"\" width=\"297\" height=\"297\" srcset=\"https:\/\/blitzconquista.com.br\/wp-content\/uploads\/2020\/04\/05abril-680x680-1.jpeg 680w, https:\/\/blitzconquista.com.br\/wp-content\/uploads\/2020\/04\/05abril-680x680-1-300x300.jpeg 300w, https:\/\/blitzconquista.com.br\/wp-content\/uploads\/2020\/04\/05abril-680x680-1-653x653.jpeg 653w, https:\/\/blitzconquista.com.br\/wp-content\/uploads\/2020\/04\/05abril-680x680-1-150x150.jpeg 150w, https:\/\/blitzconquista.com.br\/wp-content\/uploads\/2020\/04\/05abril-680x680-1-65x65.jpeg 65w\" sizes=\"(max-width: 297px) 100vw, 297px\" \/><\/p>\n<p>Bares, restaurantes, academias e institui\u00e7\u00f5es de ensino permanecem fechados, segundo decreto.<\/p>\n<p><strong>Leia a publica\u00e7\u00e3o feita no site oficial da PMVC;<\/strong><\/p>\n<p>Desde que os primeiros casos suspeitos de coronav\u00edrus surgiram em Vit\u00f3ria da Conquista, v\u00e1rias medidas de preven\u00e7\u00e3o foram adotadas pela Prefeitura atrav\u00e9s de Decretos Municipais. As decis\u00f5es, tomadas em di\u00e1logo com entidades representativas de diversos setores, levam em considera\u00e7\u00e3o, primeiramente, a prote\u00e7\u00e3o da popula\u00e7\u00e3o.\u00a0 Na manh\u00e3 de hoje (05), o prefeito Herzem Gusm\u00e3o assinou o <strong><a href=\"https:\/\/dom.pmvc.ba.gov.br\/diarios\/previsualizar\/LZVLz8a1\/3\">Decreto 20.246<\/a> <\/strong>que disp\u00f5e das seguintes medidas tempor\u00e1rias de preven\u00e7\u00e3o ao cont\u00e1gio:<\/p>\n<ul>\n<li>Renova\u00e7\u00e3o por mais 30 dias da suspens\u00e3o das aulas da Rede Municipal de Educa\u00e7\u00e3o e das Institui\u00e7\u00f5es Privadas de Ensino, inclusive as de ensino superior;<\/li>\n<li>Renova\u00e7\u00e3o por mais 07 dias do fechamento tempor\u00e1rio de todos os Shopping Centers, galerias e afins (somente o funcionamento de mercados, supermercados e farm\u00e1cias localizados no interior est\u00e3o autorizados a funcionar);<\/li>\n<li>Os escrit\u00f3rios e demais locais de presta\u00e7\u00e3o de servi\u00e7o poder\u00e3o funcionar durante este per\u00edodo, desde que n\u00e3o estejam em Shopping ou Galerias, e que a atividade exercida n\u00e3o envolva contato f\u00edsico direto com o cliente ou aglomera\u00e7\u00e3o de pessoas;<\/li>\n<li>As empresas do setor Industrial do munic\u00edpio poder\u00e3o funcionar devendo observar, no que couber, os protocolos de seguran\u00e7a e enfrentamento ao Covid-19;<\/li>\n<li>Suspens\u00e3o, pelo prazo de 07 dias, de visita aos cemit\u00e9rios do munic\u00edpio, ficando permitido somente os sepultamentos com n\u00famero m\u00e1ximo de 10 (dez) pessoas.<\/li>\n<li>Prorroga\u00e7\u00e3o, pelo prazo de mais 07 dias, do Regime Excepcional de Teletrabalho para servi\u00e7os essenciais no \u00e2mbito da Administra\u00e7\u00e3o P\u00fablica do munic\u00edpio de Vit\u00f3ria da Conquista, nos termos do <a href=\"https:\/\/dom.pmvc.ba.gov.br\/diarios\/previsualizar\/9bjm96j7\/36\">Decreto 20.203<\/a>, de 23 de mar\u00e7o de 2020.<\/li>\n<li><strong>Hor\u00e1rio excepcional de funcionamento do com\u00e9rcio pelo per\u00edodo de 7 dias<\/strong>. O funcionamento se dar\u00e1 em hor\u00e1rio parcial, mediante distribui\u00e7\u00e3o das atividades em dois blocos que se revezar\u00e3o diariamente entre os turnos da manh\u00e3 e da tarde, evitando a grande circula\u00e7\u00e3o de pessoas. Os dias de s\u00e1bado e domingo v\u00e3o ficar reservados para as feiras livres e demais atividades essenciais.<\/li>\n<\/ul>\n<p><img decoding=\"async\" loading=\"lazy\" class=\"aligncenter wp-image-177447 colorbox-177439\" src=\"http:\/\/www.pmvc.ba.gov.br\/wp-content\/uploads\/WhatsApp-Image-2020-04-05-at-11.21.40-680x680.jpeg\" sizes=\"(max-width: 600px) 100vw, 600px\" srcset=\"https:\/\/www.pmvc.ba.gov.br\/wp-content\/uploads\/WhatsApp-Image-2020-04-05-at-11.21.40-680x680.jpeg 680w, https:\/\/www.pmvc.ba.gov.br\/wp-content\/uploads\/WhatsApp-Image-2020-04-05-at-11.21.40-315x315.jpeg 315w, https:\/\/www.pmvc.ba.gov.br\/wp-content\/uploads\/WhatsApp-Image-2020-04-05-at-11.21.40-768x768.jpeg 768w, https:\/\/www.pmvc.ba.gov.br\/wp-content\/uploads\/WhatsApp-Image-2020-04-05-at-11.21.40-150x150.jpeg 150w, https:\/\/www.pmvc.ba.gov.br\/wp-content\/uploads\/WhatsApp-Image-2020-04-05-at-11.21.40.jpeg 1200w\" alt=\"\" width=\"600\" height=\"600\" \/><\/p>\n<p>Permanece <strong>suspenso<\/strong>, pelo prazo de mais 07 dias, o funcionamento dos seguintes estabelecimentos:<\/p>\n<ul>\n<li>Academias de Gin\u00e1stica;<\/li>\n<li>Cinemas;<\/li>\n<li>Teatros e demais Casas de Espet\u00e1culos;<\/li>\n<li>Bares e restaurantes (esses estabelecimentos podem realizar apenas entrega em sistema de delivery ou retirada em balc\u00e3o)<\/li>\n<li>Sal\u00f5es de beleza;<\/li>\n<li>Demais locais ou presta\u00e7\u00f5es de servi\u00e7o n\u00e3o essencial que envolvam contato direto com o cliente.<\/li>\n<\/ul>\n<p><strong>Poder\u00e3o funcionar<\/strong> durante esse per\u00edodo, independentemente do hor\u00e1rio excepcional de funcionamento do atendimento ao p\u00fablico, as seguintes atividades comerciais consideradas como de <strong>natureza essencial<\/strong>:<\/p>\n<ul>\n<li>\u00a0servi\u00e7os de sa\u00fade, farm\u00e1cias, assist\u00eancia m\u00e9dica e hospitalar;<\/li>\n<li>\u00a0hipermercados, supermercados, mercados, feiras livres, a\u00e7ougues, peixarias, hortifrutigranjeiros, quitandas, centros de abastecimento de alimentos, frigor\u00edficos, granjas e todas os demais estabelecimentos relacionados \u00e0 cadeia produtiva de g\u00eaneros aliment\u00edcios;<\/li>\n<li>lojas de conveni\u00eancia;<\/li>\n<li>cl\u00ednicas veterin\u00e1rias, lojas de venda de alimenta\u00e7\u00e3o para animais e de produtos indispens\u00e1veis para produ\u00e7\u00e3o agropecu\u00e1ria, preven\u00e7\u00e3o, controle de pragas dos vegetais e de doen\u00e7a dos animais.<\/li>\n<li>distribuidores de g\u00e1s;<\/li>\n<li>lojas de venda de \u00e1gua mineral;<\/li>\n<li>padarias;<\/li>\n<li>gera\u00e7\u00e3o, transmiss\u00e3o e distribui\u00e7\u00e3o de energia el\u00e9trica;<\/li>\n<li>tratamento e abastecimento de \u00e1gua;<\/li>\n<li>capta\u00e7\u00e3o e tratamento de esgoto e lixo;<\/li>\n<li>processamento de dados ligados a servi\u00e7os essenciais;<\/li>\n<li>seguran\u00e7a privada;<\/li>\n<li>servi\u00e7os funer\u00e1rios;<\/li>\n<li>bancos, lot\u00e9ricas e cooperativas de cr\u00e9dito;<\/li>\n<li>postos de combust\u00edvel e lava r\u00e1pidos;<\/li>\n<li>Lojas de material de constru\u00e7\u00e3o, vidra\u00e7arias, marmoraria, serrarias, serralharias e todos os demais estabelecimentos relacionados a cadeia produtiva da constru\u00e7\u00e3o civil;<\/li>\n<li>Lojas de auto pe\u00e7as, borracharias, oficinas mec\u00e2nicas e demais estabelecimentos relacionados a manuten\u00e7\u00e3o de ve\u00edculos automotores;<\/li>\n<li>Concession\u00e1rias de ve\u00edculos;<\/li>\n<li>Hot\u00e9is e pousadas;<\/li>\n<li>outros que vierem a ser definidos em ato expedido pela Secretaria Municipal de Servi\u00e7os P\u00fablicos ou Secretaria Municipal de Sa\u00fade.<\/li>\n<\/ul>\n<p>O Decreto ainda estabelece que os estabelecimentos permitidos de funcionar dever\u00e3o manter rigorosos processos de higiene e controle de aglomera\u00e7\u00f5es, al\u00e9m de fornecer equipamentos de prote\u00e7\u00e3o individual aos seus funcion\u00e1rios.<\/p>\n<p>\u00c9 importante ainda destacar que, em atendimento \u00e0s orienta\u00e7\u00f5es mais recentes das autoridades t\u00e9cnicas, sempre que for poss\u00edvel, a popula\u00e7\u00e3o deve permanecer em isolamento social e, se precisar sair de casa, utilizar m\u00e1scaras.<\/p>\n<p><a href=\"https:\/\/dom.pmvc.ba.gov.br\/diarios\/previsualizar\/LZVLz8a1\/3\"><strong>Acesse aqui o Decreto completo<\/strong><\/a><\/p>\n","protected":false},"excerpt":{"rendered":"<p>O Prefeito de Vit\u00f3ria da Conquista, Herzem Gusm\u00e3o Pereira, editou decreto autorizando o funcionamento do com\u00e9rcio nesta semana. De acordo com o decreto, o funcionamento ser\u00e1 em hor\u00e1rio excepcional de funcionamento, com hor\u00e1rios alternados para os diversos ramos de atividades. A decis\u00e3o do alcaide ocorre em meio ao aumento significativo de confirma\u00e7\u00f5es de casos de [&hellip;]<\/p>\n","protected":false},"author":1,"featured_media":79694,"comment_status":"closed","ping_status":"closed","sticky":false,"template":"","format":"standard","meta":[],"categories":[212,5],"tags":[],"_links":{"self":[{"href":"https:\/\/blitzconquista.com.br\/index.php?rest_route=\/wp\/v2\/posts\/90801"}],"collection":[{"href":"https:\/\/blitzconquista.com.br\/index.php?rest_route=\/wp\/v2\/posts"}],"about":[{"href":"https:\/\/blitzconquista.com.br\/index.php?rest_route=\/wp\/v2\/types\/post"}],"author":[{"embeddable":true,"href":"https:\/\/blitzconquista.com.br\/index.php?rest_route=\/wp\/v2\/users\/1"}],"replies":[{"embeddable":true,"href":"https:\/\/blitzconquista.com.br\/index.php?rest_route=%2Fwp%2Fv2%2Fcomments&post=90801"}],"version-history":[{"count":3,"href":"https:\/\/blitzconquista.com.br\/index.php?rest_route=\/wp\/v2\/posts\/90801\/revisions"}],"predecessor-version":[{"id":90808,"href":"https:\/\/blitzconquista.com.br\/index.php?rest_route=\/wp\/v2\/posts\/90801\/revisions\/90808"}],"wp:featuredmedia":[{"embeddable":true,"href":"https:\/\/blitzconquista.com.br\/index.php?rest_route=\/wp\/v2\/media\/79694"}],"wp:attachment":[{"href":"https:\/\/blitzconquista.com.br\/index.php?rest_route=%2Fwp%2Fv2%2Fmedia&parent=90801"}],"wp:term":[{"taxonomy":"category","embeddable":true,"href":"https:\/\/blitzconquista.com.br\/index.php?rest_route=%2Fwp%2Fv2%2Fcategories&post=90801"},{"taxonomy":"post_tag","embeddable":true,"href":"https:\/\/blitzconquista.com.br\/index.php?rest_route=%2Fwp%2Fv2%2Ftags&post=90801"}],"curies":[{"name":"wp","href":"https:\/\/api.w.org\/{rel}","templated":true}]}}