{"id":90830,"date":"2020-04-06T10:06:02","date_gmt":"2020-04-06T13:06:02","guid":{"rendered":"http:\/\/blitzconquista.com.br\/?p=90830"},"modified":"2020-04-06T10:06:13","modified_gmt":"2020-04-06T13:06:13","slug":"vilas-boas-lamenta-comercio-aberto-em-vitoria-da-conquista-e-pede-nao-va-para-a-rua","status":"publish","type":"post","link":"https:\/\/blitzconquista.com.br\/?p=90830","title":{"rendered":"Vilas-Boas lamenta com\u00e9rcio aberto em Vit\u00f3ria da Conquista e pede: &#8216;N\u00e3o v\u00e1 para a rua&#8217;"},"content":{"rendered":"\n<figure class=\"wp-block-image size-large\"><img decoding=\"async\" loading=\"lazy\" width=\"380\" height=\"280\" src=\"\/\/i0.wp.com\/blitzconquista.com.br\/wp-content\/uploads\/2020\/04\/10-05-09-IMAGEM_NOTICIA_5.jpg\" alt=\"\" class=\"wp-image-90829\" srcset=\"https:\/\/blitzconquista.com.br\/wp-content\/uploads\/2020\/04\/10-05-09-IMAGEM_NOTICIA_5.jpg 380w, https:\/\/blitzconquista.com.br\/wp-content\/uploads\/2020\/04\/10-05-09-IMAGEM_NOTICIA_5-300x221.jpg 300w, https:\/\/blitzconquista.com.br\/wp-content\/uploads\/2020\/04\/10-05-09-IMAGEM_NOTICIA_5-74x55.jpg 74w, https:\/\/blitzconquista.com.br\/wp-content\/uploads\/2020\/04\/10-05-09-IMAGEM_NOTICIA_5-111x83.jpg 111w\" sizes=\"(max-width: 380px) 100vw, 380px\" \/><\/figure>\n\n\n\n<p>O secret\u00e1rio da sa\u00fade da Bahia, F\u00e1bio Vilas-Boas, lamentou o fato de algumas cidades da Bahia abrirem os seus com\u00e9rcios a partir dessa semana. Cidades como Alagoinhas, Barreiras e Vit\u00f3ria da Conquista v\u00e3o retomar as atividades e o temor \u00e9 que a retomada cause aglomera\u00e7\u00f5es que espalhem o novo coronav\u00edrus.<\/p>\n\n\n\n<p>&#8220;Acho muito ruim. Conversei com o prefeito de Vit\u00f3ria da Conquista e infelizmente ele est\u00e1 confiante que vai colocar m\u00e1scara em 100% das pessoas e vai identificar 100% das pessoas. Mudou o hor\u00e1rio de funcionamento, mas n\u00e3o acredito que vai funcionar. Conclamo o povo de Vit\u00f3ria da Conquista a n\u00e3o sair de casa. Essa \u00e9 uma das semanas mais cr\u00edticas. Os casos v\u00e3o aumentar e Vit\u00f3ria da Conquista \u00e9 um dos principais centros. Se a popula\u00e7\u00e3o estiver me ouvindo, n\u00e3o v\u00e1 para a rua e nem para o com\u00e9rcio&#8221;, disse, em entrevista ao Jornal da Manh\u00e3, da TV Bahia.<\/p>\n\n\n\n<p>Recentemente, a Bahia sofreu uma dura perda com uma empresa da China, que cancelou a compra de respiradores. De acordo com Vilas-Boas, o caso foi superado e o Estado conseguiu uma nova compra.<\/p>\n\n\n\n<p>&#8220;Fizemos uma aquisi\u00e7\u00e3o de 600 respiradores e est\u00e3o em processo de tr\u00e2nsito. Eles devem chegar no dia 15 de abril&#8221;, indicou.<\/p>\n\n\n\n<p>O \u00faltimo boletim da Secretaria de Sa\u00fade da Bahia indicou 401 casos confirmados do novo coronav\u00edrus. Entre estes, 63 est\u00e3o curados e 27 est\u00e3o internados.<\/p>\n\n\n\n<p>*Bahia Not\u00edcias<\/p>\n","protected":false},"excerpt":{"rendered":"<p>O secret\u00e1rio da sa\u00fade da Bahia, F\u00e1bio Vilas-Boas, lamentou o fato de algumas cidades da Bahia abrirem os seus com\u00e9rcios a partir dessa semana. Cidades como Alagoinhas, Barreiras e Vit\u00f3ria da Conquista v\u00e3o retomar as atividades e o temor \u00e9 que a retomada cause aglomera\u00e7\u00f5es que espalhem o novo coronav\u00edrus. &#8220;Acho muito ruim. Conversei com [&hellip;]<\/p>\n","protected":false},"author":1,"featured_media":90829,"comment_status":"closed","ping_status":"closed","sticky":false,"template":"","format":"standard","meta":[],"categories":[212,30],"tags":[],"_links":{"self":[{"href":"https:\/\/blitzconquista.com.br\/index.php?rest_route=\/wp\/v2\/posts\/90830"}],"collection":[{"href":"https:\/\/blitzconquista.com.br\/index.php?rest_route=\/wp\/v2\/posts"}],"about":[{"href":"https:\/\/blitzconquista.com.br\/index.php?rest_route=\/wp\/v2\/types\/post"}],"author":[{"embeddable":true,"href":"https:\/\/blitzconquista.com.br\/index.php?rest_route=\/wp\/v2\/users\/1"}],"replies":[{"embeddable":true,"href":"https:\/\/blitzconquista.com.br\/index.php?rest_route=%2Fwp%2Fv2%2Fcomments&post=90830"}],"version-history":[{"count":1,"href":"https:\/\/blitzconquista.com.br\/index.php?rest_route=\/wp\/v2\/posts\/90830\/revisions"}],"predecessor-version":[{"id":90831,"href":"https:\/\/blitzconquista.com.br\/index.php?rest_route=\/wp\/v2\/posts\/90830\/revisions\/90831"}],"wp:featuredmedia":[{"embeddable":true,"href":"https:\/\/blitzconquista.com.br\/index.php?rest_route=\/wp\/v2\/media\/90829"}],"wp:attachment":[{"href":"https:\/\/blitzconquista.com.br\/index.php?rest_route=%2Fwp%2Fv2%2Fmedia&parent=90830"}],"wp:term":[{"taxonomy":"category","embeddable":true,"href":"https:\/\/blitzconquista.com.br\/index.php?rest_route=%2Fwp%2Fv2%2Fcategories&post=90830"},{"taxonomy":"post_tag","embeddable":true,"href":"https:\/\/blitzconquista.com.br\/index.php?rest_route=%2Fwp%2Fv2%2Ftags&post=90830"}],"curies":[{"name":"wp","href":"https:\/\/api.w.org\/{rel}","templated":true}]}}