{"id":90835,"date":"2020-04-06T14:09:27","date_gmt":"2020-04-06T17:09:27","guid":{"rendered":"http:\/\/blitzconquista.com.br\/?p=90835"},"modified":"2020-04-06T14:09:37","modified_gmt":"2020-04-06T17:09:37","slug":"camara-de-vereadores-de-conquista-e-contra-abertura-do-comercio-posicao-e-contraria-a-decisao-de-herzem","status":"publish","type":"post","link":"https:\/\/blitzconquista.com.br\/?p=90835","title":{"rendered":"C\u00e2mara de vereadores de Conquista \u00e9 contra abertura do com\u00e9rcio; posi\u00e7\u00e3o \u00e9 contr\u00e1ria a decis\u00e3o de Herzem"},"content":{"rendered":"\n<p><strong>Em comunicado Oficial a C\u00e2mara se manifesta contr\u00e1ria \u00e0 reabertura do com\u00e9rcio.<\/strong><\/p>\n\n\n\n<figure class=\"wp-block-image size-large\"><img decoding=\"async\" loading=\"lazy\" width=\"695\" height=\"463\" src=\"\/\/i0.wp.com\/blitzconquista.com.br\/wp-content\/uploads\/2020\/04\/30220_noticia-695x463.jpeg\" alt=\"\" class=\"wp-image-90834\" srcset=\"https:\/\/blitzconquista.com.br\/wp-content\/uploads\/2020\/04\/30220_noticia-695x463.jpeg 695w, https:\/\/blitzconquista.com.br\/wp-content\/uploads\/2020\/04\/30220_noticia-300x200.jpeg 300w, https:\/\/blitzconquista.com.br\/wp-content\/uploads\/2020\/04\/30220_noticia-768x512.jpeg 768w, https:\/\/blitzconquista.com.br\/wp-content\/uploads\/2020\/04\/30220_noticia-414x276.jpeg 414w, https:\/\/blitzconquista.com.br\/wp-content\/uploads\/2020\/04\/30220_noticia-470x313.jpeg 470w, https:\/\/blitzconquista.com.br\/wp-content\/uploads\/2020\/04\/30220_noticia-640x426.jpeg 640w, https:\/\/blitzconquista.com.br\/wp-content\/uploads\/2020\/04\/30220_noticia-130x86.jpeg 130w, https:\/\/blitzconquista.com.br\/wp-content\/uploads\/2020\/04\/30220_noticia-187x124.jpeg 187w, https:\/\/blitzconquista.com.br\/wp-content\/uploads\/2020\/04\/30220_noticia.jpeg 800w\" sizes=\"(max-width: 695px) 100vw, 695px\" \/><\/figure>\n\n\n\n<p>Leia publica\u00e7\u00e3o feita pela C\u00e2mara de Vereadores e assinada pelo presidente da casa, Luciano Gomes;<\/p>\n\n\n\n<p class=\"MsoNormal\">A C\u00e2mara Municipal de Vit\u00f3ria da Conquista se manifesta contr\u00e1ria ao&nbsp;<a href=\"https:\/\/dom.pmvc.ba.gov.br\/diarios\/previsualizar\/LZVLz8a1\/3\"><strong>Decreto 20.246<\/strong><\/a><strong>,&nbsp;<\/strong>do Prefeito Herzem Gusm\u00e3o Pereira (MDB),que disp\u00f5e sobre a reabertura do com\u00e9rcio conquistense, mesmo que em hor\u00e1rio excepcional. O Poder Legislativo entende que o momento \u00e9 de isolamento social, conforme as orienta\u00e7\u00f5es da Organiza\u00e7\u00e3o Mundial de Sa\u00fade (OMS), do Minist\u00e9rio da Sa\u00fade e da Secretaria Estadual de Sa\u00fade.<\/p>\n\n\n\n<p class=\"MsoNormal\">Nesse momento, quando deveria haver uma uni\u00e3o entre os poderes, a C\u00e2mara Municipal sequer foi inclu\u00edda no Comit\u00ea Gestor de Crise criado pela administra\u00e7\u00e3o municipal, mesmo a Casa tendo solicitado essa participa\u00e7\u00e3o.<\/p>\n\n\n\n<p class=\"MsoNormal\">Diante disso,&nbsp;<a href=\"http:\/\/camaravc.com.br\/home\/noticia\/30213\">o legislativo criou a Comiss\u00e3o de Enfrentamento \u00e0 Covid-19<\/a>, que vem atuando de forma incessante na cobran\u00e7a de medidas de combate ao coronav\u00edrus, com<a href=\"http:\/\/camaravc.com.br\/home\/noticia\/30214\">&nbsp;reuni\u00f5es envolvendo os \u00f3rg\u00e3os de sa\u00fade do Estado e do Munic\u00edpio<\/a>, al\u00e9m de&nbsp;<a href=\"http:\/\/camaravc.com.br\/home\/noticia\/30215\">cobrar junto \u00e0 Embasa e a Coelba a suspens\u00e3o dos cortes de \u00e1gua e energia el\u00e9trica<\/a>&nbsp;das pessoas que estavam com atraso nos pagamentos. Outra importante medida foi a&nbsp;<a href=\"http:\/\/camaravc.com.br\/home\/noticia\/30217\">devolu\u00e7\u00e3o de&nbsp;um cheque no valor de R$300.395,98,&nbsp;\u00e0 Prefeitura Municipal,<\/a>&nbsp;com o compromisso do prefeito de que o recurso seria destinado \u00e0s a\u00e7\u00f5es de combate \u00e0 Covid-19.<\/p>\n\n\n\n<p class=\"MsoNormal\">A C\u00e2mara entende a preocupa\u00e7\u00e3o do gestor com os impactos econ\u00f4micos provocados pela crise, mas refor\u00e7a o seu compromisso com a preserva\u00e7\u00e3o da vida. Dessa forma, externamos a nossa solidariedade \u00e0 popula\u00e7\u00e3o conquistense e refor\u00e7amos o nosso posicionamento contr\u00e1rio \u00e0 reabertura do com\u00e9rcio.<\/p>\n\n\n\n<p class=\"MsoNormal\">Luciano Gomes (PCdoB)<\/p>\n\n\n\n<p class=\"MsoNormal\">Presidente da C\u00e2mara Municipal de Vit\u00f3ria da Conquista<\/p>\n","protected":false},"excerpt":{"rendered":"<p>Em comunicado Oficial a C\u00e2mara se manifesta contr\u00e1ria \u00e0 reabertura do com\u00e9rcio. Leia publica\u00e7\u00e3o feita pela C\u00e2mara de Vereadores e assinada pelo presidente da casa, Luciano Gomes; A C\u00e2mara Municipal de Vit\u00f3ria da Conquista se manifesta contr\u00e1ria ao&nbsp;Decreto 20.246,&nbsp;do Prefeito Herzem Gusm\u00e3o Pereira (MDB),que disp\u00f5e sobre a reabertura do com\u00e9rcio conquistense, mesmo que em hor\u00e1rio [&hellip;]<\/p>\n","protected":false},"author":1,"featured_media":90834,"comment_status":"closed","ping_status":"closed","sticky":false,"template":"","format":"standard","meta":[],"categories":[212,5],"tags":[],"_links":{"self":[{"href":"https:\/\/blitzconquista.com.br\/index.php?rest_route=\/wp\/v2\/posts\/90835"}],"collection":[{"href":"https:\/\/blitzconquista.com.br\/index.php?rest_route=\/wp\/v2\/posts"}],"about":[{"href":"https:\/\/blitzconquista.com.br\/index.php?rest_route=\/wp\/v2\/types\/post"}],"author":[{"embeddable":true,"href":"https:\/\/blitzconquista.com.br\/index.php?rest_route=\/wp\/v2\/users\/1"}],"replies":[{"embeddable":true,"href":"https:\/\/blitzconquista.com.br\/index.php?rest_route=%2Fwp%2Fv2%2Fcomments&post=90835"}],"version-history":[{"count":1,"href":"https:\/\/blitzconquista.com.br\/index.php?rest_route=\/wp\/v2\/posts\/90835\/revisions"}],"predecessor-version":[{"id":90836,"href":"https:\/\/blitzconquista.com.br\/index.php?rest_route=\/wp\/v2\/posts\/90835\/revisions\/90836"}],"wp:featuredmedia":[{"embeddable":true,"href":"https:\/\/blitzconquista.com.br\/index.php?rest_route=\/wp\/v2\/media\/90834"}],"wp:attachment":[{"href":"https:\/\/blitzconquista.com.br\/index.php?rest_route=%2Fwp%2Fv2%2Fmedia&parent=90835"}],"wp:term":[{"taxonomy":"category","embeddable":true,"href":"https:\/\/blitzconquista.com.br\/index.php?rest_route=%2Fwp%2Fv2%2Fcategories&post=90835"},{"taxonomy":"post_tag","embeddable":true,"href":"https:\/\/blitzconquista.com.br\/index.php?rest_route=%2Fwp%2Fv2%2Ftags&post=90835"}],"curies":[{"name":"wp","href":"https:\/\/api.w.org\/{rel}","templated":true}]}}