{"id":90838,"date":"2020-04-06T16:03:08","date_gmt":"2020-04-06T19:03:08","guid":{"rendered":"http:\/\/blitzconquista.com.br\/?p=90838"},"modified":"2020-04-06T16:05:40","modified_gmt":"2020-04-06T19:05:40","slug":"apos-pressao-herzem-decide-revogar-decreto-que-permitia-abertura-do-comercio","status":"publish","type":"post","link":"https:\/\/blitzconquista.com.br\/?p=90838","title":{"rendered":"Ap\u00f3s press\u00e3o, Herzem decide revogar decreto que permitia abertura do com\u00e9rcio"},"content":{"rendered":"\n<figure class=\"wp-block-image size-large\"><img decoding=\"async\" loading=\"lazy\" width=\"695\" height=\"481\" src=\"\/\/i0.wp.com\/blitzconquista.com.br\/wp-content\/uploads\/2020\/04\/IMG_20200406_160156-695x481.jpg\" alt=\"\" class=\"wp-image-90837\" srcset=\"https:\/\/blitzconquista.com.br\/wp-content\/uploads\/2020\/04\/IMG_20200406_160156-695x481.jpg 695w, https:\/\/blitzconquista.com.br\/wp-content\/uploads\/2020\/04\/IMG_20200406_160156-300x208.jpg 300w, https:\/\/blitzconquista.com.br\/wp-content\/uploads\/2020\/04\/IMG_20200406_160156-768x531.jpg 768w, https:\/\/blitzconquista.com.br\/wp-content\/uploads\/2020\/04\/IMG_20200406_160156-1536x1063.jpg 1536w, https:\/\/blitzconquista.com.br\/wp-content\/uploads\/2020\/04\/IMG_20200406_160156-990x685.jpg 990w, https:\/\/blitzconquista.com.br\/wp-content\/uploads\/2020\/04\/IMG_20200406_160156-1320x913.jpg 1320w, https:\/\/blitzconquista.com.br\/wp-content\/uploads\/2020\/04\/IMG_20200406_160156.jpg 1561w\" sizes=\"(max-width: 695px) 100vw, 695px\" \/><figcaption>Prefeito atacou o CMS ao ser indagado pelo jornalista da TV Sudoeste.<\/figcaption><\/figure>\n\n\n\n<p>Depois de cr\u00edticas de profissionais, e pesquisadores da \u00e1rea de sa\u00fade, Carta Emitida pelo Conselho Municipal de Sa\u00fade e posicionamento da C\u00e2mara Municipal contra a reabertura do com\u00e9rcio, o prefeito Herzem Gusm\u00e3o optou revogar o decreto que permitia a abertura das lojas.<\/p>\n\n\n\n<p>As entrevistas concedidas \u00e0 TV Bahia e Sudoeste, nesta segunda-feira (06), tamb\u00e9m, devem ter contribu\u00eddo para que o alcaide recusasse da decis\u00e3o tomada em conson\u00e2ncia com a CDL  (C\u00e2mara de Dirigente Lojistas). Nas duas entrevistas o prefeito demonstrou desconforto ao ser confrontado com orienta\u00e7\u00f5es de especialistas e da Organiza\u00e7\u00e3o Mundial de Sa\u00fade.<\/p>\n\n\n\n<p>Ao conversar com o jornalista Judson Almeida, o prefeito refutou a nota do CMS (Conselho Municipal de Sa\u00fade), partidarizando. &#8220;Faltou o carimbo do PT&#8221;, disparou Herzem, que foi advertido pelo comunicador ao ser lembrado que n\u00e3o era momento de levar o problema para o campo pol\u00edtico quando vidas estavam em jogo.<\/p>\n\n\n\n<p>Percebendo que estava perdendo apoios abruptamente, o prefeito certamente foi aconselhado a recuar e recorrer a profissionais da \u00e1rea de sa\u00fade e membros do CMS para compor o Comit\u00ea Gestor de Crise [do COVID-19].<\/p>\n\n\n\n<p>De acordo com o site oficial da Prefeitura, o prefeito Herzem Gusm\u00e3o definiu pela revoga\u00e7\u00e3o do&nbsp;<strong><a href=\"https:\/\/dom.pmvc.ba.gov.br\/diarios\/previsualizar\/LZVLz8a1\/3\">Decreto 20.246<\/a><\/strong>. A decis\u00e3o ser\u00e1 publicada em instantes em Edi\u00e7\u00e3o Especial do Di\u00e1rio Oficial do Munic\u00edpio.<\/p>\n\n\n\n<p>O prefeito tamb\u00e9m ir\u00e1 modificar grande parte da composi\u00e7\u00e3o do Comit\u00ea Gestor de Crise.<\/p>\n\n\n\n<p>Mais informa\u00e7\u00f5es ser\u00e3o dadas ap\u00f3s a publica\u00e7\u00e3o do Di\u00e1rio Oficial.<\/p>\n","protected":false},"excerpt":{"rendered":"<p>Depois de cr\u00edticas de profissionais, e pesquisadores da \u00e1rea de sa\u00fade, Carta Emitida pelo Conselho Municipal de Sa\u00fade e posicionamento da C\u00e2mara Municipal contra a reabertura do com\u00e9rcio, o prefeito Herzem Gusm\u00e3o optou revogar o decreto que permitia a abertura das lojas. As entrevistas concedidas \u00e0 TV Bahia e Sudoeste, nesta segunda-feira (06), tamb\u00e9m, devem [&hellip;]<\/p>\n","protected":false},"author":1,"featured_media":90837,"comment_status":"closed","ping_status":"closed","sticky":false,"template":"","format":"standard","meta":[],"categories":[212,5,30],"tags":[],"_links":{"self":[{"href":"https:\/\/blitzconquista.com.br\/index.php?rest_route=\/wp\/v2\/posts\/90838"}],"collection":[{"href":"https:\/\/blitzconquista.com.br\/index.php?rest_route=\/wp\/v2\/posts"}],"about":[{"href":"https:\/\/blitzconquista.com.br\/index.php?rest_route=\/wp\/v2\/types\/post"}],"author":[{"embeddable":true,"href":"https:\/\/blitzconquista.com.br\/index.php?rest_route=\/wp\/v2\/users\/1"}],"replies":[{"embeddable":true,"href":"https:\/\/blitzconquista.com.br\/index.php?rest_route=%2Fwp%2Fv2%2Fcomments&post=90838"}],"version-history":[{"count":3,"href":"https:\/\/blitzconquista.com.br\/index.php?rest_route=\/wp\/v2\/posts\/90838\/revisions"}],"predecessor-version":[{"id":90841,"href":"https:\/\/blitzconquista.com.br\/index.php?rest_route=\/wp\/v2\/posts\/90838\/revisions\/90841"}],"wp:featuredmedia":[{"embeddable":true,"href":"https:\/\/blitzconquista.com.br\/index.php?rest_route=\/wp\/v2\/media\/90837"}],"wp:attachment":[{"href":"https:\/\/blitzconquista.com.br\/index.php?rest_route=%2Fwp%2Fv2%2Fmedia&parent=90838"}],"wp:term":[{"taxonomy":"category","embeddable":true,"href":"https:\/\/blitzconquista.com.br\/index.php?rest_route=%2Fwp%2Fv2%2Fcategories&post=90838"},{"taxonomy":"post_tag","embeddable":true,"href":"https:\/\/blitzconquista.com.br\/index.php?rest_route=%2Fwp%2Fv2%2Ftags&post=90838"}],"curies":[{"name":"wp","href":"https:\/\/api.w.org\/{rel}","templated":true}]}}