{"id":90842,"date":"2020-04-06T21:07:20","date_gmt":"2020-04-07T00:07:20","guid":{"rendered":"http:\/\/blitzconquista.com.br\/?p=90842"},"modified":"2020-04-06T21:07:29","modified_gmt":"2020-04-07T00:07:29","slug":"conquista-registra-7-casos-confirmados-de-coronavirus","status":"publish","type":"post","link":"https:\/\/blitzconquista.com.br\/?p=90842","title":{"rendered":"Conquista registra 7 casos confirmados de coronav\u00edrus"},"content":{"rendered":"\n<figure class=\"wp-block-image size-large\"><img decoding=\"async\" loading=\"lazy\" width=\"695\" height=\"357\" src=\"\/\/i0.wp.com\/blitzconquista.com.br\/wp-content\/uploads\/2020\/04\/Coronavirus-695x357.jpg\" alt=\"\" class=\"wp-image-90775\" srcset=\"https:\/\/blitzconquista.com.br\/wp-content\/uploads\/2020\/04\/Coronavirus-695x357.jpg 695w, https:\/\/blitzconquista.com.br\/wp-content\/uploads\/2020\/04\/Coronavirus-300x154.jpg 300w, https:\/\/blitzconquista.com.br\/wp-content\/uploads\/2020\/04\/Coronavirus-768x395.jpg 768w, https:\/\/blitzconquista.com.br\/wp-content\/uploads\/2020\/04\/Coronavirus-990x509.jpg 990w, https:\/\/blitzconquista.com.br\/wp-content\/uploads\/2020\/04\/Coronavirus.jpg 1200w\" sizes=\"(max-width: 695px) 100vw, 695px\" \/><\/figure>\n\n\n\n<p>O Laborat\u00f3rio Central de Sa\u00fade P\u00fablica (Lacen\/BA) acaba de confirmar mais um caso de coronav\u00edrus em Vit\u00f3ria da Conquista. Segundo a diretora de Vigil\u00e2ncia em Sa\u00fade do munic\u00edpio, Ana Maria Ferraz, o paciente \u00e9 um homem de 59 anos, com comorbidade associada.<\/p>\n\n\n\n<p>Com mais esse caso confirmado, Vit\u00f3ria da Conquista registra 7 pacientes com coronav\u00edrus, sendo 5 com resultados divulgados pelo Lacen e 2 confirmados por laborat\u00f3rio privado*.<\/p>\n\n\n\n<p>O Boletim completo vai ser divulgado nessa ter\u00e7a-feira (07) pela Secretaria Municipal de Sa\u00fade.<\/p>\n\n\n\n<p>Fonte: Secom<\/p>\n","protected":false},"excerpt":{"rendered":"<p>O Laborat\u00f3rio Central de Sa\u00fade P\u00fablica (Lacen\/BA) acaba de confirmar mais um caso de coronav\u00edrus em Vit\u00f3ria da Conquista. Segundo a diretora de Vigil\u00e2ncia em Sa\u00fade do munic\u00edpio, Ana Maria Ferraz, o paciente \u00e9 um homem de 59 anos, com comorbidade associada. Com mais esse caso confirmado, Vit\u00f3ria da Conquista registra 7 pacientes com coronav\u00edrus, [&hellip;]<\/p>\n","protected":false},"author":1,"featured_media":90775,"comment_status":"closed","ping_status":"closed","sticky":false,"template":"","format":"standard","meta":[],"categories":[212,30],"tags":[],"_links":{"self":[{"href":"https:\/\/blitzconquista.com.br\/index.php?rest_route=\/wp\/v2\/posts\/90842"}],"collection":[{"href":"https:\/\/blitzconquista.com.br\/index.php?rest_route=\/wp\/v2\/posts"}],"about":[{"href":"https:\/\/blitzconquista.com.br\/index.php?rest_route=\/wp\/v2\/types\/post"}],"author":[{"embeddable":true,"href":"https:\/\/blitzconquista.com.br\/index.php?rest_route=\/wp\/v2\/users\/1"}],"replies":[{"embeddable":true,"href":"https:\/\/blitzconquista.com.br\/index.php?rest_route=%2Fwp%2Fv2%2Fcomments&post=90842"}],"version-history":[{"count":1,"href":"https:\/\/blitzconquista.com.br\/index.php?rest_route=\/wp\/v2\/posts\/90842\/revisions"}],"predecessor-version":[{"id":90843,"href":"https:\/\/blitzconquista.com.br\/index.php?rest_route=\/wp\/v2\/posts\/90842\/revisions\/90843"}],"wp:featuredmedia":[{"embeddable":true,"href":"https:\/\/blitzconquista.com.br\/index.php?rest_route=\/wp\/v2\/media\/90775"}],"wp:attachment":[{"href":"https:\/\/blitzconquista.com.br\/index.php?rest_route=%2Fwp%2Fv2%2Fmedia&parent=90842"}],"wp:term":[{"taxonomy":"category","embeddable":true,"href":"https:\/\/blitzconquista.com.br\/index.php?rest_route=%2Fwp%2Fv2%2Fcategories&post=90842"},{"taxonomy":"post_tag","embeddable":true,"href":"https:\/\/blitzconquista.com.br\/index.php?rest_route=%2Fwp%2Fv2%2Ftags&post=90842"}],"curies":[{"name":"wp","href":"https:\/\/api.w.org\/{rel}","templated":true}]}}