{"id":90845,"date":"2020-04-06T13:13:02","date_gmt":"2020-04-06T16:13:02","guid":{"rendered":"http:\/\/blitzconquista.com.br\/?p=90845"},"modified":"2020-04-07T00:14:09","modified_gmt":"2020-04-07T03:14:09","slug":"vereador-valdemir-dias-e-contra-a-decisao-de-herzem-sobre-reabertura-do-comercio-e-defende-acoes-de-prevencao","status":"publish","type":"post","link":"https:\/\/blitzconquista.com.br\/?p=90845","title":{"rendered":"Vereador Valdemir Dias \u00e9 contra a decis\u00e3o de Herzem sobre reabertura do com\u00e9rcio e defende a\u00e7\u00f5es de preven\u00e7\u00e3o"},"content":{"rendered":"\n<figure class=\"wp-block-image size-large\"><img decoding=\"async\" loading=\"lazy\" width=\"695\" height=\"521\" src=\"\/\/i0.wp.com\/blitzconquista.com.br\/wp-content\/uploads\/2020\/04\/IMG-20200406-WA0097-695x521.jpg\" alt=\"\" class=\"wp-image-90844\" srcset=\"https:\/\/blitzconquista.com.br\/wp-content\/uploads\/2020\/04\/IMG-20200406-WA0097-695x521.jpg 695w, https:\/\/blitzconquista.com.br\/wp-content\/uploads\/2020\/04\/IMG-20200406-WA0097-300x225.jpg 300w, https:\/\/blitzconquista.com.br\/wp-content\/uploads\/2020\/04\/IMG-20200406-WA0097-768x576.jpg 768w, https:\/\/blitzconquista.com.br\/wp-content\/uploads\/2020\/04\/IMG-20200406-WA0097-74x55.jpg 74w, https:\/\/blitzconquista.com.br\/wp-content\/uploads\/2020\/04\/IMG-20200406-WA0097-111x83.jpg 111w, https:\/\/blitzconquista.com.br\/wp-content\/uploads\/2020\/04\/IMG-20200406-WA0097-215x161.jpg 215w, https:\/\/blitzconquista.com.br\/wp-content\/uploads\/2020\/04\/IMG-20200406-WA0097-990x743.jpg 990w, https:\/\/blitzconquista.com.br\/wp-content\/uploads\/2020\/04\/IMG-20200406-WA0097.jpg 1280w\" sizes=\"(max-width: 695px) 100vw, 695px\" \/><\/figure>\n\n\n\n<p>Durante a sess\u00e3o da C\u00e2mara Municipal de Vit\u00f3ria da Conquista (CMVC) desta segunda-feira(06), realizada por videoconfer\u00eancia, o vereador Valdemir Dias (PT) avaliou como contradit\u00f3rio e perigoso as \u00faltimas decis\u00f5es do prefeito Herzem Gusm\u00e3o(MDB) frente ao Novo Coronav\u00edrus (Covid-19). &#8220;Ao mesmo tempo que ele pede o decreto de calamidade p\u00fablica, ele reabre o com\u00e9rcio da cidade&#8221;, apontou.<\/p>\n\n\n\n<p>Valdemir frisou que Conquista j\u00e1 tem seis casos confirmados e as pr\u00f3ximas semanas ser\u00e3o de pico da propaga\u00e7\u00e3o da pandemia. &#8220;Em um momento que estamos vendo o crescimento do contagio da pandemia, Herzem reabre o com\u00e9rcio e passa a impress\u00e3o para a popula\u00e7\u00e3o que n\u00e3o est\u00e1 acontecendo nada&#8221;, criticou.<\/p>\n\n\n\n<p>O vereador atentou-se tamb\u00e9m ao fato dos estudos das principais universidades do Brasil apontarem que Vit\u00f3ria da Conquista est\u00e1 entre os munic\u00edpios que podem sofrem com o aumento exponencial do Novo Coronav\u00edrus, por isso \u00e9 necess\u00e1rio as a\u00e7\u00f5es de preven\u00e7\u00e3o. &#8220;Temos que parar o cont\u00e1gio e n\u00e3o deixar as pessoas ficarem doentes para depois procurar a cura. A orienta\u00e7\u00e3o agora \u00e9 de preven\u00e7\u00e3o, por isso \u00e9 preciso de a\u00e7\u00f5es por meio de lei e decretos que reforcem a necessidade do isolamento social&#8221;, defendeu.<\/p>\n\n\n\n<p><em>Uso de m\u00e1scaras<\/em> &#8211; O vereador comentou ainda sobre outra fala contradit\u00f3ria do prefeito Herzem. &#8220;O prefeito disse que em Conquista o cont\u00e1gio ser\u00e1 evitado porque 100% da popula\u00e7\u00e3o usar\u00e1 m\u00e1scaras. Mas sabemos que n\u00e3o vai ser assim. Estudos investigam sobre o uso das m\u00e1scaras; h\u00e1 uma possibilidade real sobre a diminui\u00e7\u00e3o do cont\u00e1gio. Mas essa n\u00e3o \u00e9 a realidade de Conquista. H\u00e1 pessoas que n\u00e3o t\u00eam como comprar uma m\u00e1scara e tamb\u00e9m n\u00e3o tem m\u00e1scara para todo mundo&#8221;, apontou.<\/p>\n\n\n\n<p><\/p>\n","protected":false},"excerpt":{"rendered":"<p>Durante a sess\u00e3o da C\u00e2mara Municipal de Vit\u00f3ria da Conquista (CMVC) desta segunda-feira(06), realizada por videoconfer\u00eancia, o vereador Valdemir Dias (PT) avaliou como contradit\u00f3rio e perigoso as \u00faltimas decis\u00f5es do prefeito Herzem Gusm\u00e3o(MDB) frente ao Novo Coronav\u00edrus (Covid-19). &#8220;Ao mesmo tempo que ele pede o decreto de calamidade p\u00fablica, ele reabre o com\u00e9rcio da cidade&#8221;, [&hellip;]<\/p>\n","protected":false},"author":1,"featured_media":90844,"comment_status":"closed","ping_status":"closed","sticky":false,"template":"","format":"standard","meta":[],"categories":[5],"tags":[],"_links":{"self":[{"href":"https:\/\/blitzconquista.com.br\/index.php?rest_route=\/wp\/v2\/posts\/90845"}],"collection":[{"href":"https:\/\/blitzconquista.com.br\/index.php?rest_route=\/wp\/v2\/posts"}],"about":[{"href":"https:\/\/blitzconquista.com.br\/index.php?rest_route=\/wp\/v2\/types\/post"}],"author":[{"embeddable":true,"href":"https:\/\/blitzconquista.com.br\/index.php?rest_route=\/wp\/v2\/users\/1"}],"replies":[{"embeddable":true,"href":"https:\/\/blitzconquista.com.br\/index.php?rest_route=%2Fwp%2Fv2%2Fcomments&post=90845"}],"version-history":[{"count":1,"href":"https:\/\/blitzconquista.com.br\/index.php?rest_route=\/wp\/v2\/posts\/90845\/revisions"}],"predecessor-version":[{"id":90846,"href":"https:\/\/blitzconquista.com.br\/index.php?rest_route=\/wp\/v2\/posts\/90845\/revisions\/90846"}],"wp:featuredmedia":[{"embeddable":true,"href":"https:\/\/blitzconquista.com.br\/index.php?rest_route=\/wp\/v2\/media\/90844"}],"wp:attachment":[{"href":"https:\/\/blitzconquista.com.br\/index.php?rest_route=%2Fwp%2Fv2%2Fmedia&parent=90845"}],"wp:term":[{"taxonomy":"category","embeddable":true,"href":"https:\/\/blitzconquista.com.br\/index.php?rest_route=%2Fwp%2Fv2%2Fcategories&post=90845"},{"taxonomy":"post_tag","embeddable":true,"href":"https:\/\/blitzconquista.com.br\/index.php?rest_route=%2Fwp%2Fv2%2Ftags&post=90845"}],"curies":[{"name":"wp","href":"https:\/\/api.w.org\/{rel}","templated":true}]}}