{"id":90858,"date":"2020-04-08T20:04:17","date_gmt":"2020-04-08T23:04:17","guid":{"rendered":"http:\/\/blitzconquista.com.br\/?p=90858"},"modified":"2020-04-08T20:26:00","modified_gmt":"2020-04-08T23:26:00","slug":"medico-da-rede-municipal-de-saude-de-conquista-testa-positivo-para-covid-19","status":"publish","type":"post","link":"https:\/\/blitzconquista.com.br\/?p=90858","title":{"rendered":"M\u00e9dico da Rede Municipal de Sa\u00fade de Conquista testa positivo para Covid-19"},"content":{"rendered":"<p><strong>Profissional passa bem e n\u00e3o est\u00e1 hospitalizado.<\/strong><\/p>\n<p><img decoding=\"async\" loading=\"lazy\" class=\"aligncenter size-full wp-image-90861\" src=\"http:\/\/blitzconquista.com.br\/wp-content\/uploads\/2020\/04\/coronavirus-13032020171001364.jpeg\" alt=\"\" width=\"360\" height=\"218\" srcset=\"https:\/\/blitzconquista.com.br\/wp-content\/uploads\/2020\/04\/coronavirus-13032020171001364.jpeg 360w, https:\/\/blitzconquista.com.br\/wp-content\/uploads\/2020\/04\/coronavirus-13032020171001364-300x182.jpeg 300w\" sizes=\"(max-width: 360px) 100vw, 360px\" \/><\/p>\n<p>Um m\u00e9dico que atende na Rede Municipal de sa\u00fade de Vit\u00f3ria da Conquista testou positivo para COVID-19. O exame foi feito em um laborat\u00f3rio particular. J\u00e1 foi feita nova coleta de material e enviada para o Lacen (Laborat\u00f3rio Central do Estado), para que seja realizada a contraprova.<\/p>\n<p>Segundo apurou o BConquista, possivelmente o m\u00e9dico teve contato com paciente infectado, que hoje (08) est\u00e1 em atendimento hospitalar. O m\u00e9dico passa bem e j\u00e1 em isolamento domiciliar.<\/p>\n<p>A reportagem \u00a0entrou em contato com a Prefeitura para saber quais provid\u00eancias est\u00e3o sendo tomadas em rela\u00e7\u00e3o ao caso. At\u00e9 \u00e0s 20h58 desta quarta-feira (08), n\u00e3o obteve resposta. A Secretaria de Comunica\u00e7\u00e3o apenas demonstrou interesse em saber a origem e fonte da informa\u00e7\u00e3o.<\/p>\n<p>Na Espanha e It\u00e1lia, profissionais da sa\u00fade representam entre 15-20% dos pacientes contaminados pelo COVID-19. Em S\u00e3o Paulo, j\u00e1 s\u00e3o mais de 1 mil profissionais da sa\u00fade infectados.<\/p>\n<p>&nbsp;<\/p>\n","protected":false},"excerpt":{"rendered":"<p>Profissional passa bem e n\u00e3o est\u00e1 hospitalizado. Um m\u00e9dico que atende na Rede Municipal de sa\u00fade de Vit\u00f3ria da Conquista testou positivo para COVID-19. O exame foi feito em um laborat\u00f3rio particular. J\u00e1 foi feita nova coleta de material e enviada para o Lacen (Laborat\u00f3rio Central do Estado), para que seja realizada a contraprova. Segundo [&hellip;]<\/p>\n","protected":false},"author":1,"featured_media":90861,"comment_status":"closed","ping_status":"closed","sticky":false,"template":"","format":"standard","meta":[],"categories":[212,30],"tags":[],"_links":{"self":[{"href":"https:\/\/blitzconquista.com.br\/index.php?rest_route=\/wp\/v2\/posts\/90858"}],"collection":[{"href":"https:\/\/blitzconquista.com.br\/index.php?rest_route=\/wp\/v2\/posts"}],"about":[{"href":"https:\/\/blitzconquista.com.br\/index.php?rest_route=\/wp\/v2\/types\/post"}],"author":[{"embeddable":true,"href":"https:\/\/blitzconquista.com.br\/index.php?rest_route=\/wp\/v2\/users\/1"}],"replies":[{"embeddable":true,"href":"https:\/\/blitzconquista.com.br\/index.php?rest_route=%2Fwp%2Fv2%2Fcomments&post=90858"}],"version-history":[{"count":5,"href":"https:\/\/blitzconquista.com.br\/index.php?rest_route=\/wp\/v2\/posts\/90858\/revisions"}],"predecessor-version":[{"id":90866,"href":"https:\/\/blitzconquista.com.br\/index.php?rest_route=\/wp\/v2\/posts\/90858\/revisions\/90866"}],"wp:featuredmedia":[{"embeddable":true,"href":"https:\/\/blitzconquista.com.br\/index.php?rest_route=\/wp\/v2\/media\/90861"}],"wp:attachment":[{"href":"https:\/\/blitzconquista.com.br\/index.php?rest_route=%2Fwp%2Fv2%2Fmedia&parent=90858"}],"wp:term":[{"taxonomy":"category","embeddable":true,"href":"https:\/\/blitzconquista.com.br\/index.php?rest_route=%2Fwp%2Fv2%2Fcategories&post=90858"},{"taxonomy":"post_tag","embeddable":true,"href":"https:\/\/blitzconquista.com.br\/index.php?rest_route=%2Fwp%2Fv2%2Ftags&post=90858"}],"curies":[{"name":"wp","href":"https:\/\/api.w.org\/{rel}","templated":true}]}}