{"id":90900,"date":"2020-04-11T00:12:24","date_gmt":"2020-04-11T03:12:24","guid":{"rendered":"http:\/\/blitzconquista.com.br\/?p=90900"},"modified":"2020-04-11T00:12:38","modified_gmt":"2020-04-11T03:12:38","slug":"covid-19-em-conquista-familia-vive-entre-a-angustia-da-doenca-e-as-mentiras-na-internet","status":"publish","type":"post","link":"https:\/\/blitzconquista.com.br\/?p=90900","title":{"rendered":"Covid-19 em Conquista: fam\u00edlia vive entre a ang\u00fastia da doen\u00e7a e as mentiras na internet"},"content":{"rendered":"\n<p><strong>Ap\u00f3s retornar de viagem a S\u00e3o Paulo, aposentado \u00e9 diagnosticado com coronav\u00edrus e fam\u00edlia se torna v\u00edtima de ataques e amea\u00e7as em grupos no Whatsapp e nas redes sociais<\/strong><\/p>\n\n\n\n<figure class=\"wp-block-image size-large\"><img decoding=\"async\" loading=\"lazy\" width=\"555\" height=\"315\" src=\"\/\/i0.wp.com\/blitzconquista.com.br\/wp-content\/uploads\/2020\/04\/whatsapp-image-2020-04-09-at-233102753456239347603.jpeg\" alt=\"\" class=\"wp-image-90898\" srcset=\"https:\/\/blitzconquista.com.br\/wp-content\/uploads\/2020\/04\/whatsapp-image-2020-04-09-at-233102753456239347603.jpeg 555w, https:\/\/blitzconquista.com.br\/wp-content\/uploads\/2020\/04\/whatsapp-image-2020-04-09-at-233102753456239347603-300x170.jpeg 300w\" sizes=\"(max-width: 555px) 100vw, 555px\" \/><\/figure>\n\n\n\n<p><strong><a rel=\"noreferrer noopener\" href=\"https:\/\/avoador.com.br\/pagina-central\/covid-19-familia-conquistense-mentiras-redes-sociais-whatsapp\/\" target=\"_blank\">Avoador<\/a><\/strong> &#8211; H\u00e1 20 anos, o aposentado Juscelino Gomes Morais, 69, faz tratamento contra o glaucoma em S\u00e3o Paulo, no Hospital das Cl\u00ednicas da Faculdade de Medicina na USP (Universidade de S\u00e3o Paulo). O que era para ser mais um exame de rotina, em mar\u00e7o de 2020, transformou a sua vida: pegou covid -19 e os sintomas graves da doen\u00e7a o colocaram na UTI (Unidade de Terapia Intensiva). Como se n\u00e3o bastasse, de momento, sua fam\u00edlia, mulher e filhos s\u00e3o v\u00edtimas de mentiras e amea\u00e7as compartilhadas em redes sociais e no aplicativo de mensagem Whatsapp.<\/p>\n\n\n\n<p>Pai de tr\u00eas filhos, Juscelino viajou no dia 10 de mar\u00e7o com sua esposa, Elenice da Silva, 63 anos, at\u00e9 a capital paulista para cuidar da vis\u00e3o em um dos hospitais p\u00fablicos de refer\u00eancia no Brasil. Tr\u00eas dias depois retornou a Conquista em um \u00f4nibus da empresa \u00c1guia Branca. No dia 15, Elenice come\u00e7ou a apresentar sintomas de uma gripe leve, como tosse seca. Ciente da pandemia, o aposentado decidiu dormir em um colch\u00e3o no ch\u00e3o no quarto de ambos, deixando a esposa sozinha na cama.<\/p>\n\n\n\n<p>O casal evang\u00e9lico resolveu tamb\u00e9m se isolar do restante da fam\u00edlia. Al\u00e9m de Juscelino e Elenice, o filho e a filha, a nora e o genro, e mais tr\u00eas netos dividem um sobrado de dois andares em Vit\u00f3ria da Conquista. \u201cMeu pai tomou logo a precau\u00e7\u00e3o e se separou de todo mundo, pois j\u00e1 tinha conhecimento da exist\u00eancia do coronav\u00edrus e da situa\u00e7\u00e3o de S\u00e3o Paulo\u201d, relembrou Marcone Fernandes Silva, 35 anos, um dos filhos do casal.<\/p>\n\n\n\n<figure class=\"wp-block-image size-large\"><img decoding=\"async\" loading=\"lazy\" width=\"600\" height=\"315\" src=\"\/\/i0.wp.com\/blitzconquista.com.br\/wp-content\/uploads\/2020\/04\/whatsapp-image-2020-04-09-at-23919880728855765856..jpg\" alt=\"\" class=\"wp-image-90896\" srcset=\"https:\/\/blitzconquista.com.br\/wp-content\/uploads\/2020\/04\/whatsapp-image-2020-04-09-at-23919880728855765856..jpg 600w, https:\/\/blitzconquista.com.br\/wp-content\/uploads\/2020\/04\/whatsapp-image-2020-04-09-at-23919880728855765856.-300x158.jpg 300w\" sizes=\"(max-width: 600px) 100vw, 600px\" \/><figcaption><br><\/figcaption><\/figure>\n\n\n\n<p>A fam\u00edlia ainda se preocupou em contatar a Prefeitura Municipal. Avisaram que o pai e a m\u00e3e tinham viajado a S\u00e3o Paulo e que um deles apresentava sintomas leves. A Vigil\u00e2ncia Sanit\u00e1ria ent\u00e3o, segundo Marcone, disse que era preciso acompanhar os sintomas por cinco dias e, caso evolu\u00edssem, eles deveriam entrar em contato com o setor. O \u00f3rg\u00e3o orientou tamb\u00e9m que&nbsp; ficassem em quarentena, isolados do restante dos familiares. Neste momento, entre os dias 15 e 16 de mar\u00e7o, n\u00e3o houve coleta de material para a realiza\u00e7\u00e3o de&nbsp;<a href=\"https:\/\/avoador.com.br\/pagina-central\/testes-covid-19-conquista\/\">testes.<\/a><\/p>\n\n\n\n<p>Passados seis dias do primeiro contato com a Vigil\u00e2ncia, Elenice n\u00e3o tinha mais tosse, mas&nbsp; Juscelino come\u00e7ou a apresentar o mesmo sintoma. Em 30 de mar\u00e7o, o quadro do aposentado se agravou, passou a tossir forte. \u201cEu escutava ele tossindo aqui debaixo. N\u00e3o era normal aquela tosse. Chamei a ambul\u00e2ncia que, em um primeiro momento, n\u00e3o quis vir. Expliquei a situa\u00e7\u00e3o, e eles vieram. Chegaram aqui com as roupas, preparados para atender algu\u00e9m com essa doen\u00e7a\u201d. O aposentado ent\u00e3o foi internado no Hospital S\u00e3o Vicente.<\/p>\n\n\n\n<p>Dois dias depois ele foi internado na UTI por causa do agravamento dos sintomas de insufici\u00eancia respirat\u00f3ria. No dia 5 de abril, saiu o resultado de que Juscelino estava com covid-19, tornando o sexto caso em Conquista da doen\u00e7a. Ap\u00f3s o diagn\u00f3stico, a Secretaria de Sa\u00fade colheu o material dos outros oito membros da fam\u00edlia, dos quais sete j\u00e1 deram negativo, falta apenas o da esposa, Elenice. Desde o primeiro resultado, eles foram orientados a continuarem em quarentena e a deixar Elenice afastada de todos. Ela encontra-se desde ent\u00e3o sozinha na parte do sobrado pertencente ao casal. A comida \u00e9 deixada em um m\u00f3vel e ela s\u00f3 se comunica com os demais por meio do celular.<\/p>\n\n\n\n<p><strong>Mentiras compartilhadas<\/strong><\/p>\n\n\n\n<p>Por conta do isolamento, Elenice acabou compartilhando com uma amiga da igreja a situa\u00e7\u00e3o que vivenciava. Ela contou sobre o diagn\u00f3stico de coronav\u00edrus do marido e sobre sua ang\u00fastia. Mas a amiga distribuiu a mensagem entre conhecidos em grupos de Whatsapp. Da\u00ed em diante, a dor da fam\u00edlia sobre a situa\u00e7\u00e3o de Juscelino tamb\u00e9m se transformou em medo por causa da quantidade de mensagens mentirosas e agressivas que passaram a receber.<\/p>\n\n\n\n<p>Em uma delas, o casal foi acusado de ter vindo de S\u00e3o Paulo em uma van clandestina. Outra mensagem dizia que Elenice andava pelo Bairro Alto Marrom espalhando o coronav\u00edrus de forma irrespons\u00e1vel e que a pol\u00edcia foi at\u00e9 a casa cobrar satisfa\u00e7\u00f5es. Teve tamb\u00e9m quem dissesse que o supermercado em frente a casa da fam\u00edlia estaria contaminado, ent\u00e3o n\u00e3o era seguro passar por ali.<\/p>\n\n\n\n<p>Houve ainda uma publica\u00e7\u00e3o dizendo que a Pol\u00edcia teria obrigado os membros da fam\u00edlia a fazerem o teste da covid-19, pois n\u00e3o queriam fazer a coleta de material. \u201cA mensagem mais absurda foi aquela que espalharam que meu pai tinha morrido agora no dia 6 de abril. Imagina se minha m\u00e3e lesse uma mensagem dessa? N\u00f3s a tiramos dos grupos do Whatsapp, pois ela est\u00e1 muito deprimida e fica se culpando por ter confiado nessa amiga. Nem queremos pensar a dor que ela sentiria e como ficaria. Ela e meu pai t\u00eam 50 anos de casados\u201d, desabafou Marcone, o filho do casal.<\/p>\n\n\n\n<figure class=\"wp-block-image size-large\"><img decoding=\"async\" loading=\"lazy\" width=\"1080\" height=\"1080\" src=\"http:\/\/blitzconquista.com.br\/wp-content\/uploads\/2020\/04\/whatsapp-image-2020-04-09-at-221447980087402918359.jpeg\" alt=\"\" class=\"wp-image-90897\" srcset=\"https:\/\/blitzconquista.com.br\/wp-content\/uploads\/2020\/04\/whatsapp-image-2020-04-09-at-221447980087402918359.jpeg 1080w, https:\/\/blitzconquista.com.br\/wp-content\/uploads\/2020\/04\/whatsapp-image-2020-04-09-at-221447980087402918359-300x300.jpeg 300w, https:\/\/blitzconquista.com.br\/wp-content\/uploads\/2020\/04\/whatsapp-image-2020-04-09-at-221447980087402918359-653x653.jpeg 653w, https:\/\/blitzconquista.com.br\/wp-content\/uploads\/2020\/04\/whatsapp-image-2020-04-09-at-221447980087402918359-150x150.jpeg 150w, https:\/\/blitzconquista.com.br\/wp-content\/uploads\/2020\/04\/whatsapp-image-2020-04-09-at-221447980087402918359-768x768.jpeg 768w, https:\/\/blitzconquista.com.br\/wp-content\/uploads\/2020\/04\/whatsapp-image-2020-04-09-at-221447980087402918359-65x65.jpeg 65w, https:\/\/blitzconquista.com.br\/wp-content\/uploads\/2020\/04\/whatsapp-image-2020-04-09-at-221447980087402918359-990x990.jpeg 990w\" sizes=\"(max-width: 1080px) 100vw, 1080px\" \/><\/figure>\n\n\n\n<p>Marcone contou que a mensagem de Elenice enviada \u00e0 amiga j\u00e1 chegou at\u00e9 o Rio de Janeiro e S\u00e3o Paulo, onde familiares receberam em grupos de Whatsapp de desconhecidos. Al\u00e9m disso, mais mensagens amea\u00e7adoras chegam a cada dia. \u201cSomos pessoas respons\u00e1veis. Desde o primeiro momento que desconfiamos dessa doen\u00e7a, entramos em contato com a Prefeitura, ficamos isolados e n\u00e3o queremos e nem colocamos a vida de ningu\u00e9m em risco. Minha m\u00e3e est\u00e1 sozinha no espa\u00e7o dela, sofrendo. Queremos respeito. Estamos sofrendo. Nosso pai est\u00e1 entre a vida e a morte\u201d, relatou.<\/p>\n\n\n\n<p>De acordo com a&nbsp;<a href=\"https:\/\/revistapesquisa.fapesp.br\/2020\/04\/07\/epidemia-de-fake-news\/\">Organiza\u00e7\u00e3o Mundial da Sa\u00fade (OMS)<\/a>, paralelamente \u00e0 propaga\u00e7\u00e3o do coronav\u00edrus, h\u00e1 um outro surto no momento que \u00e9 a difus\u00e3o massiva de desinforma\u00e7\u00e3o. No Brasil, as ag\u00eancias e editorias de checagem Lupa, E-Farsas, Aos Fatos e Estad\u00e3o Verifica t\u00eam alertado sobre o aumento da circula\u00e7\u00e3o de informa\u00e7\u00f5es falsas nas redes sociais e no Whatsapp durante a pandemia.<\/p>\n\n\n\n<p>A situa\u00e7\u00e3o tem preocupado as principais institui\u00e7\u00f5es no enfrentamento \u00e0 doen\u00e7a no Brasil e na Bahia. Por conta disso, o&nbsp;<a href=\"https:\/\/www.saude.gov.br\/fakenews\">Minist\u00e9rio da Sa\u00fade<\/a>&nbsp;e a pr\u00f3pria&nbsp;<a href=\"http:\/\/www.saude.ba.gov.br\/temasdesaude\/coronavirus\/coronavirussesabresponde\/\">Secretaria de Sa\u00fade da Bahia<\/a>&nbsp;criaram espa\u00e7os espec\u00edficos em seus respectivos sites para desmentir conte\u00fado mentiroso sobre o coronav\u00edrus. Essas mensagens desinformam a popula\u00e7\u00e3o, levando \u00e0 desorienta\u00e7\u00e3o, e colocam em risco vidas inocentes. Em 2014, na cidade de Guaruj\u00e1, estado de S\u00e3o Paulo,&nbsp;<a href=\"http:\/\/g1.globo.com\/sp\/santos-regiao\/noticia\/2014\/05\/mulher-morta-apos-boato-em-rede-social-e-enterrada-nao-vou-aguentar.html\">uma cabeleireira foi assassinada<\/a>&nbsp;porque mensagens mentirosas pelo Whatsapp a colocavam como sequestradora de crian\u00e7as.<\/p>\n\n\n\n<p><strong>A Lei<\/strong><\/p>\n\n\n\n<p>Ainda n\u00e3o h\u00e1 lei espec\u00edfica contra quem produz e espalha mentiras ou boatos em redes sociais e no aplicativo Whatsapp,&nbsp;<a href=\"https:\/\/www.conjur.com.br\/2019-nov-11\/governo-federal-promulga-lei-pune-fake-news-eleitoral\">exce\u00e7\u00e3o apenas para as informa\u00e7\u00f5es falsas contra pol\u00edticos em campanhas eleitorais<\/a>. No entanto, segundo a advogada,&nbsp;<a href=\"https:\/\/www.oabmt.org.br\/artigo\/441\/fake-news-e-a-lei--e-se-a-mentira-fosse-sobre-voce-\">Gleyce Kelly Nobre Braga<\/a>, \u00e9 poss\u00edvel abrir investiga\u00e7\u00e3o e uma a\u00e7\u00e3o judicial com base em outras normativas. A v\u00edtima de informa\u00e7\u00f5es falsas deve guardar todas as evid\u00eancias do crime, salvando fotos, e-mail, textos, v\u00eddeos ou \u00e1udios sobre o delito.<\/p>\n\n\n\n<p>Em seguida, deve-se buscar uma delegacia especializada em crime virtual e fazer um Boletim de Ocorr\u00eancia (BO). Caso onde more n\u00e3o tenha uma delegacia desse tipo, o BO pode ser registrado na delegacia que existir. Al\u00e9m disso, a v\u00edtima pode procurar um cart\u00f3rio de notas e fazer uma ata notarial. Esse documento \u00e9 um instrumento p\u00fablico (a exemplo da escritura p\u00fablica) pelo qual o tabeli\u00e3o, por solicita\u00e7\u00e3o da pessoa interessada, relata fielmente fatos, coisas, pessoas ou situa\u00e7\u00f5es para comprovar a sua exist\u00eancia ou o seu estado e serve como prova para responsabilizar o autor da propaga\u00e7\u00e3o.<\/p>\n\n\n\n<p>Tendo provas, a v\u00edtima pode procurar um advogado para ingressar com uma a\u00e7\u00e3o e requerer judicialmente a remo\u00e7\u00e3o da informa\u00e7\u00e3o falsa e a responsabilidade do autor que propagou a mensagem. \u00c9 poss\u00edvel pleitear tamb\u00e9m uma indeniza\u00e7\u00e3o por danos morais, diante das inverdades divulgadas.<\/p>\n\n\n\n<p>Al\u00e9m das consequ\u00eancias c\u00edveis para quem posta ou compartilha informa\u00e7\u00f5es falsas, a advogada explica que ofender algu\u00e9m pode gerar tamb\u00e9m implica\u00e7\u00f5es na esfera criminal, caso configure um dos tipos penais previstos no C\u00f3digo Penal Brasileiro, como por exemplo: difama\u00e7\u00e3o, cal\u00fania ou inj\u00faria denominados crimes contra a honra.<\/p>\n\n\n\n<p>Foto de capa: Avoador<\/p>\n\n\n\n<p><strong><a rel=\"noreferrer noopener\" href=\"https:\/\/avoador.com.br\/\" target=\"_blank\">Avoador \u00e9 um Projeto de Extens\u00e3o da UESB: &#8220;Jornalismo como Transforma\u00e7\u00e3o Social&#8221;<\/a><\/strong><\/p>\n","protected":false},"excerpt":{"rendered":"<p>Ap\u00f3s retornar de viagem a S\u00e3o Paulo, aposentado \u00e9 diagnosticado com coronav\u00edrus e fam\u00edlia se torna v\u00edtima de ataques e amea\u00e7as em grupos no Whatsapp e nas redes sociais Avoador &#8211; H\u00e1 20 anos, o aposentado Juscelino Gomes Morais, 69, faz tratamento contra o glaucoma em S\u00e3o Paulo, no Hospital das Cl\u00ednicas da Faculdade de [&hellip;]<\/p>\n","protected":false},"author":1,"featured_media":90899,"comment_status":"closed","ping_status":"closed","sticky":false,"template":"","format":"standard","meta":[],"categories":[4,212],"tags":[],"_links":{"self":[{"href":"https:\/\/blitzconquista.com.br\/index.php?rest_route=\/wp\/v2\/posts\/90900"}],"collection":[{"href":"https:\/\/blitzconquista.com.br\/index.php?rest_route=\/wp\/v2\/posts"}],"about":[{"href":"https:\/\/blitzconquista.com.br\/index.php?rest_route=\/wp\/v2\/types\/post"}],"author":[{"embeddable":true,"href":"https:\/\/blitzconquista.com.br\/index.php?rest_route=\/wp\/v2\/users\/1"}],"replies":[{"embeddable":true,"href":"https:\/\/blitzconquista.com.br\/index.php?rest_route=%2Fwp%2Fv2%2Fcomments&post=90900"}],"version-history":[{"count":1,"href":"https:\/\/blitzconquista.com.br\/index.php?rest_route=\/wp\/v2\/posts\/90900\/revisions"}],"predecessor-version":[{"id":90901,"href":"https:\/\/blitzconquista.com.br\/index.php?rest_route=\/wp\/v2\/posts\/90900\/revisions\/90901"}],"wp:featuredmedia":[{"embeddable":true,"href":"https:\/\/blitzconquista.com.br\/index.php?rest_route=\/wp\/v2\/media\/90899"}],"wp:attachment":[{"href":"https:\/\/blitzconquista.com.br\/index.php?rest_route=%2Fwp%2Fv2%2Fmedia&parent=90900"}],"wp:term":[{"taxonomy":"category","embeddable":true,"href":"https:\/\/blitzconquista.com.br\/index.php?rest_route=%2Fwp%2Fv2%2Fcategories&post=90900"},{"taxonomy":"post_tag","embeddable":true,"href":"https:\/\/blitzconquista.com.br\/index.php?rest_route=%2Fwp%2Fv2%2Ftags&post=90900"}],"curies":[{"name":"wp","href":"https:\/\/api.w.org\/{rel}","templated":true}]}}