{"id":90903,"date":"2020-04-11T20:19:07","date_gmt":"2020-04-11T23:19:07","guid":{"rendered":"http:\/\/blitzconquista.com.br\/?p=90903"},"modified":"2020-04-11T20:36:54","modified_gmt":"2020-04-11T23:36:54","slug":"secretarios-de-herzem-confrontam-governo-do-estado-e-ao-mesmo-tempo-falam-em-restabelecer-dialogo","status":"publish","type":"post","link":"https:\/\/blitzconquista.com.br\/?p=90903","title":{"rendered":"Secret\u00e1rios de Herzem confrontam Governo do Estado e ao mesmo tempo falam em restabelecer di\u00e1logo"},"content":{"rendered":"<p><img decoding=\"async\" loading=\"lazy\" class=\"aligncenter size-full wp-image-90905\" src=\"http:\/\/blitzconquista.com.br\/wp-content\/uploads\/2020\/04\/secretario-kairan-e-alexandro.jpg\" alt=\"\" width=\"772\" height=\"507\" srcset=\"https:\/\/blitzconquista.com.br\/wp-content\/uploads\/2020\/04\/secretario-kairan-e-alexandro.jpg 772w, https:\/\/blitzconquista.com.br\/wp-content\/uploads\/2020\/04\/secretario-kairan-e-alexandro-300x197.jpg 300w, https:\/\/blitzconquista.com.br\/wp-content\/uploads\/2020\/04\/secretario-kairan-e-alexandro-695x456.jpg 695w, https:\/\/blitzconquista.com.br\/wp-content\/uploads\/2020\/04\/secretario-kairan-e-alexandro-768x504.jpg 768w, https:\/\/blitzconquista.com.br\/wp-content\/uploads\/2020\/04\/secretario-kairan-e-alexandro-130x86.jpg 130w, https:\/\/blitzconquista.com.br\/wp-content\/uploads\/2020\/04\/secretario-kairan-e-alexandro-187x124.jpg 187w\" sizes=\"(max-width: 772px) 100vw, 772px\" \/><\/p>\n<p>Na manh\u00e3 deste s\u00e1bado (11), o prefeito de Vit\u00f3ria da Conquista <strong>Herzem Gusm\u00e3o Pereira saiu de cena e escalou o secret\u00e1rio de Administra\u00e7\u00e3o, Kairan Rocha, e o secret\u00e1rio da Sa\u00fade, Alexsandro Costa, para entrevista<\/strong> <strong>coletiva concedida a jornalistas<\/strong> conquistenses. N\u00e3o foram divulgadas novidades de maior relev\u00e2ncia sobre as a\u00e7\u00f5es da prefeitura no combate ao Covid-19, sendo maior parte do tempo utilizado para confrontar falas do Governo Baiano sobre o tema, mesmo declarando querer restabelecer di\u00e1logo.<\/p>\n<p>No in\u00edcio da coletiva ficou evidente que o objetivo principal era rebater informa\u00e7\u00f5es divulgadas pelo Secret\u00e1rio da Sa\u00fade do Estado, F\u00e1bio Villas Boas. Kairan afirmou: <strong><em>\u201cUm dos principais motivos de n\u00f3s estarmos aqui hoje \u00e9, porque, em uma entrevista dada por mim, quando questionado a respeito do que o Estado j\u00e1 repassou de recurso para o Governo Municipal, eu claramente disse que at\u00e9 hoje o Governo Municipal n\u00e3o recebeu nenhum recurso do Estado. Essa minha fala foi questionada, pelo Governo do Estado, com base nisso, estamos aqui hoje pra mostrar que Vit\u00f3ria da Conquista, em nenhum momento, optou por ter esse recurso gerido pelo Governo Estadual.\u201d<\/em> <\/strong>Segundo o secret\u00e1rio, o munic\u00edpio vai buscar receber o recurso de aproximadamente R$ 700 mil. Em seguida, Alexsandro Costa, ratificou a fala do Secret\u00e1rio de Administra\u00e7\u00e3o, ao afirmar que um dos principais objetivos da coletiva era <em>\u201cRestabelecer a verdade\u201d<\/em> sobre a decis\u00e3o de que os recursos seriam geridos pelo Estado, por op\u00e7\u00e3o do munic\u00edpio.<\/p>\n<p><strong><em>\u201cA fala do secret\u00e1rio [Villas Boas], ela n\u00e3o est\u00e1 de acordo com a verdade. N\u00e3o houve op\u00e7\u00e3o de Vit\u00f3ria da Conquista. E isso est\u00e1 documentado\u201d<\/em><\/strong>, disse Alexsandro Costa, que acabou confirmando a declara\u00e7\u00e3o do Secret\u00e1rio de Sa\u00fade do Estado sobre a aus\u00eancia do representante de Conquista na reuni\u00e3o. O Secret\u00e1rio Municipal de Sa\u00fade argumentou que n\u00e3o houve comunica\u00e7\u00e3o sobre a reuni\u00e3o e enfatizou:<\/p>\n<blockquote><p><strong><em>\u201cportanto, eu deixo bem claro que o secret\u00e1rio F\u00e1bio Villas Boas faltou com a verdade quando disse que o munic\u00edpio optou por deixar os recursos sob gest\u00e3o estadual\u201d.<\/em><\/strong><\/p><\/blockquote>\n<p>Alexsandro Costa n\u00e3o parou por a\u00ed: \u201c<em>h\u00e1 uma condu\u00e7\u00e3o do Estado Unilateral\u201d, <\/em>disparou. <strong>Costa aproveitou, tamb\u00e9m, para alfinetar o CMS\u00a0 (Conselho Municipal de Sa\u00fade),<\/strong> ao exigir que fosse cobrar do Estado: <em><strong>\u201c[CMS] que se diz apol\u00edtico. Precisa se posicionar, j\u00e1 que ele n\u00e3o tem posicionamento pol\u00edtico. \u00c9 o que ele [CMS] diz!\u201d<\/strong><\/em>, ironizou. Ele tamb\u00e9m disse que o n\u00famero de leitos disponibilizados pelo Estado \u00e9 insuficiente. Inclusive, o secret\u00e1rio Kairan falou: <strong><em>\u201cSolicitamos na quarta-feira uma visita ao HGVC (Hospital Geral de Vit\u00f3ria da Conquista), para conhecer os 10 leitos Covid. N\u00e3o nos foi dada possibilidade de visitar o HGVC para os 10 leitos Covid\u201d<\/em><\/strong>.<\/p>\n<p>O Secret\u00e1rio de Administra\u00e7\u00e3o foi questionado se o prefeito Herzem Gusm\u00e3o ligou para o Governador Rui Costa a fim de tratar sobre os impasses apresentados. Kairan declarou: <strong><em>\u201cEstamos de portas abertas. O Governo pode ligar pra gente. N\u00e3o sei se o prefeito tentou fazer uma liga\u00e7\u00e3o direta para o Governador&#8230; Tenho certeza que se o governador entrar em contato com o prefeito, o prefeito ir\u00e1 atend\u00ea-lo. Mas n\u00e3o acho que tenha essa necessidade.\u201d<\/em><\/strong><\/p>\n","protected":false},"excerpt":{"rendered":"<p>Na manh\u00e3 deste s\u00e1bado (11), o prefeito de Vit\u00f3ria da Conquista Herzem Gusm\u00e3o Pereira saiu de cena e escalou o secret\u00e1rio de Administra\u00e7\u00e3o, Kairan Rocha, e o secret\u00e1rio da Sa\u00fade, Alexsandro Costa, para entrevista coletiva concedida a jornalistas conquistenses. N\u00e3o foram divulgadas novidades de maior relev\u00e2ncia sobre as a\u00e7\u00f5es da prefeitura no combate ao Covid-19, [&hellip;]<\/p>\n","protected":false},"author":1,"featured_media":90905,"comment_status":"closed","ping_status":"closed","sticky":false,"template":"","format":"standard","meta":[],"categories":[212,5],"tags":[],"_links":{"self":[{"href":"https:\/\/blitzconquista.com.br\/index.php?rest_route=\/wp\/v2\/posts\/90903"}],"collection":[{"href":"https:\/\/blitzconquista.com.br\/index.php?rest_route=\/wp\/v2\/posts"}],"about":[{"href":"https:\/\/blitzconquista.com.br\/index.php?rest_route=\/wp\/v2\/types\/post"}],"author":[{"embeddable":true,"href":"https:\/\/blitzconquista.com.br\/index.php?rest_route=\/wp\/v2\/users\/1"}],"replies":[{"embeddable":true,"href":"https:\/\/blitzconquista.com.br\/index.php?rest_route=%2Fwp%2Fv2%2Fcomments&post=90903"}],"version-history":[{"count":3,"href":"https:\/\/blitzconquista.com.br\/index.php?rest_route=\/wp\/v2\/posts\/90903\/revisions"}],"predecessor-version":[{"id":90908,"href":"https:\/\/blitzconquista.com.br\/index.php?rest_route=\/wp\/v2\/posts\/90903\/revisions\/90908"}],"wp:featuredmedia":[{"embeddable":true,"href":"https:\/\/blitzconquista.com.br\/index.php?rest_route=\/wp\/v2\/media\/90905"}],"wp:attachment":[{"href":"https:\/\/blitzconquista.com.br\/index.php?rest_route=%2Fwp%2Fv2%2Fmedia&parent=90903"}],"wp:term":[{"taxonomy":"category","embeddable":true,"href":"https:\/\/blitzconquista.com.br\/index.php?rest_route=%2Fwp%2Fv2%2Fcategories&post=90903"},{"taxonomy":"post_tag","embeddable":true,"href":"https:\/\/blitzconquista.com.br\/index.php?rest_route=%2Fwp%2Fv2%2Ftags&post=90903"}],"curies":[{"name":"wp","href":"https:\/\/api.w.org\/{rel}","templated":true}]}}