{"id":90912,"date":"2020-04-12T19:13:50","date_gmt":"2020-04-12T22:13:50","guid":{"rendered":"http:\/\/blitzconquista.com.br\/?p=90912"},"modified":"2020-04-12T20:55:56","modified_gmt":"2020-04-12T23:55:56","slug":"decreto-determina-semana-com-comercio-fechado-e-utilizacao-de-mascaras-por-todos-os-funcionarios-dos-servicos-essenciais-conquista","status":"publish","type":"post","link":"https:\/\/blitzconquista.com.br\/?p=90912","title":{"rendered":"Decreto determina semana com com\u00e9rcio fechado e utiliza\u00e7\u00e3o de m\u00e1scaras por todos os funcion\u00e1rios dos servi\u00e7os essenciais, em Conquista"},"content":{"rendered":"\n<figure class=\"wp-block-image size-large\"><img decoding=\"async\" loading=\"lazy\" width=\"626\" height=\"417\" src=\"\/\/i0.wp.com\/blitzconquista.com.br\/wp-content\/uploads\/2020\/04\/images-12.jpeg\" alt=\"\" class=\"wp-image-90795\" srcset=\"https:\/\/blitzconquista.com.br\/wp-content\/uploads\/2020\/04\/images-12.jpeg 626w, https:\/\/blitzconquista.com.br\/wp-content\/uploads\/2020\/04\/images-12-300x200.jpeg 300w, https:\/\/blitzconquista.com.br\/wp-content\/uploads\/2020\/04\/images-12-414x276.jpeg 414w, https:\/\/blitzconquista.com.br\/wp-content\/uploads\/2020\/04\/images-12-470x313.jpeg 470w, https:\/\/blitzconquista.com.br\/wp-content\/uploads\/2020\/04\/images-12-130x86.jpeg 130w, https:\/\/blitzconquista.com.br\/wp-content\/uploads\/2020\/04\/images-12-187x124.jpeg 187w\" sizes=\"(max-width: 626px) 100vw, 626px\" \/><\/figure>\n\n\n\n<p>O prefeito Herzem Gusm\u00e3o assinou na tarde deste domingo (12) o&nbsp;<a href=\"https:\/\/dom.pmvc.ba.gov.br\/diarios\/previsualizar\/EpV5R1Nr\/3\">Decreto 20.256<\/a>&nbsp;que prorroga, por sete dias, a decis\u00e3o de manter o com\u00e9rcio fechado em Conquista. O novo Decreto estabelece, por\u00e9m, novas exig\u00eancias, como o uso obrigat\u00f3rio de m\u00e1scaras para todos os funcion\u00e1rios dos estabelecimentos que ir\u00e3o permanecer abertos. As medidas tempor\u00e1rias t\u00eam por objetivo a preven\u00e7\u00e3o contra o coronav\u00edrus, doen\u00e7a que j\u00e1 matou mais de 100 mil pessoas e infectou cerca de 2 milh\u00f5es em todo o mundo.<\/p>\n\n\n\n<p>Evitar a circula\u00e7\u00e3o e a aglomera\u00e7\u00e3o de pessoas \u00e9 a \u00fanica forma de conter o v\u00edrus, j\u00e1 que ainda n\u00e3o existe vacina ou medicamentos cientificamente comprovados que nos protejam contra o novo v\u00edrus.<\/p>\n\n\n\n<p>Com o decreto, permanecem fechados: o atendimento ao p\u00fablico de todo o com\u00e9rcio, varejo e atacado. Locais de presta\u00e7\u00e3o de servi\u00e7o, assim como de Shopping Centers, galerias e afins (supermercados e farm\u00e1cias localizados no interior dessas lojas poder\u00e3o funcionar). Tamb\u00e9m n\u00e3o poder\u00e3o funcionar os seguintes estabelecimentos: academias de gin\u00e1stica, sal\u00f5es de beleza, teatros e cinemas, entre outros. Os restaurantes e bares permanecem fechados, permitido o servi\u00e7o de delivery e entrega no balc\u00e3o.<\/p>\n\n\n\n<p>Al\u00e9m disso, permanecem suspensas as visitas aos cemit\u00e9rios ficando permitido somente os sepultamentos com n\u00famero m\u00e1ximo de 10 (dez) pessoas.<\/p>\n\n\n\n<p>Estabelecimentos considerados essenciais v\u00e3o continuar abertos respeitando o distanciamento dos clientes, a aus\u00eancia de aglomera\u00e7\u00f5es e a obrigatoriedade do uso de m\u00e1scaras por todos os funcion\u00e1rios. Alguns deles s\u00e3o: servi\u00e7os de sa\u00fade, farm\u00e1cias, assist\u00eancia m\u00e9dica e hospitalar, hipermercados, supermercados, mercados, feiras livres, a\u00e7ougues, cl\u00ednicas veterin\u00e1rias, bancos, lot\u00e9ricas e cooperativas de cr\u00e9dito, lojas de material de constru\u00e7\u00e3o, etc. A lista completa pode ser conferida no Di\u00e1rio Oficial.<\/p>\n\n\n\n<p>Para que essas empresas continuem com seu funcionamento permitido, \u00e9 condi\u00e7\u00e3o indispens\u00e1vel que medidas&nbsp; de seguran\u00e7a sejam adotadas para reduzir os riscos de contamina\u00e7\u00e3o:<\/p>\n\n\n\n<p>O Regime Excepcional de Teletrabalho para servi\u00e7os essenciais no \u00e2mbito da Administra\u00e7\u00e3o P\u00fablica do Munic\u00edpio foi prorrogado pelo prazo de sete dias.<\/p>\n\n\n\n<p>Al\u00e9m do uso de m\u00e1scaras pelos funcion\u00e1rios, a prefeitura determina a limpeza permanente e adequada e a divulga\u00e7\u00e3o de informa\u00e7\u00f5es sobre os m\u00e9todos de preven\u00e7\u00e3o ao cont\u00e1gio.<\/p>\n","protected":false},"excerpt":{"rendered":"<p>O prefeito Herzem Gusm\u00e3o assinou na tarde deste domingo (12) o&nbsp;Decreto 20.256&nbsp;que prorroga, por sete dias, a decis\u00e3o de manter o com\u00e9rcio fechado em Conquista. O novo Decreto estabelece, por\u00e9m, novas exig\u00eancias, como o uso obrigat\u00f3rio de m\u00e1scaras para todos os funcion\u00e1rios dos estabelecimentos que ir\u00e3o permanecer abertos. As medidas tempor\u00e1rias t\u00eam por objetivo a [&hellip;]<\/p>\n","protected":false},"author":1,"featured_media":90490,"comment_status":"closed","ping_status":"closed","sticky":false,"template":"","format":"standard","meta":[],"categories":[5],"tags":[],"_links":{"self":[{"href":"https:\/\/blitzconquista.com.br\/index.php?rest_route=\/wp\/v2\/posts\/90912"}],"collection":[{"href":"https:\/\/blitzconquista.com.br\/index.php?rest_route=\/wp\/v2\/posts"}],"about":[{"href":"https:\/\/blitzconquista.com.br\/index.php?rest_route=\/wp\/v2\/types\/post"}],"author":[{"embeddable":true,"href":"https:\/\/blitzconquista.com.br\/index.php?rest_route=\/wp\/v2\/users\/1"}],"replies":[{"embeddable":true,"href":"https:\/\/blitzconquista.com.br\/index.php?rest_route=%2Fwp%2Fv2%2Fcomments&post=90912"}],"version-history":[{"count":2,"href":"https:\/\/blitzconquista.com.br\/index.php?rest_route=\/wp\/v2\/posts\/90912\/revisions"}],"predecessor-version":[{"id":90914,"href":"https:\/\/blitzconquista.com.br\/index.php?rest_route=\/wp\/v2\/posts\/90912\/revisions\/90914"}],"wp:featuredmedia":[{"embeddable":true,"href":"https:\/\/blitzconquista.com.br\/index.php?rest_route=\/wp\/v2\/media\/90490"}],"wp:attachment":[{"href":"https:\/\/blitzconquista.com.br\/index.php?rest_route=%2Fwp%2Fv2%2Fmedia&parent=90912"}],"wp:term":[{"taxonomy":"category","embeddable":true,"href":"https:\/\/blitzconquista.com.br\/index.php?rest_route=%2Fwp%2Fv2%2Fcategories&post=90912"},{"taxonomy":"post_tag","embeddable":true,"href":"https:\/\/blitzconquista.com.br\/index.php?rest_route=%2Fwp%2Fv2%2Ftags&post=90912"}],"curies":[{"name":"wp","href":"https:\/\/api.w.org\/{rel}","templated":true}]}}