{"id":90917,"date":"2020-04-12T21:33:12","date_gmt":"2020-04-13T00:33:12","guid":{"rendered":"http:\/\/blitzconquista.com.br\/?p=90917"},"modified":"2020-04-12T21:34:14","modified_gmt":"2020-04-13T00:34:14","slug":"bolsonaro-afirma-que-covid-19-esta-indo-embora","status":"publish","type":"post","link":"https:\/\/blitzconquista.com.br\/?p=90917","title":{"rendered":"Bolsonaro afirma que Covid-19 est\u00e1 indo embora"},"content":{"rendered":"\n<p><strong>Presidente minimizou a gravidade do novo coronav\u00edrus e falou sobre a crise financeira que o pa\u00eds deve enfrentar<\/strong>.<\/p>\n\n\n\n<figure class=\"wp-block-image size-large\"><img decoding=\"async\" loading=\"lazy\" width=\"1038\" height=\"652\" src=\"http:\/\/blitzconquista.com.br\/wp-content\/uploads\/2020\/04\/img_20200412_2129281782794318862848911.jpg\" alt=\"\" class=\"wp-image-90915\" srcset=\"https:\/\/blitzconquista.com.br\/wp-content\/uploads\/2020\/04\/img_20200412_2129281782794318862848911.jpg 1038w, https:\/\/blitzconquista.com.br\/wp-content\/uploads\/2020\/04\/img_20200412_2129281782794318862848911-300x188.jpg 300w, https:\/\/blitzconquista.com.br\/wp-content\/uploads\/2020\/04\/img_20200412_2129281782794318862848911-695x437.jpg 695w, https:\/\/blitzconquista.com.br\/wp-content\/uploads\/2020\/04\/img_20200412_2129281782794318862848911-768x482.jpg 768w, https:\/\/blitzconquista.com.br\/wp-content\/uploads\/2020\/04\/img_20200412_2129281782794318862848911-320x200.jpg 320w, https:\/\/blitzconquista.com.br\/wp-content\/uploads\/2020\/04\/img_20200412_2129281782794318862848911-990x622.jpg 990w\" sizes=\"(max-width: 1038px) 100vw, 1038px\" \/><\/figure>\n\n\n\n<p>O presidente Jair Bolsonaro (sem partido) mais uma vez tentou minimizar a gravidade da pandemia do novo\u00a0<strong>coronav\u00edrus<\/strong>\u00a0(Sars-Cov-2) durante uma\u00a0transmiss\u00e3o ao vivo neste domingo (12) e afirmou que a doen\u00e7a parece estar indo embora do pa\u00eds.<\/p>\n\n\n\n<p>&#8220;Parece que est\u00e1 come\u00e7ando a ir embora essa quest\u00e3o do v\u00edrus, mas est\u00e1 chegando e batendo forte a quest\u00e3o do desemprego&#8221;, disse\u00a0<strong>Jair Bolsonaro<\/strong>\u00a0no v\u00eddeo junto a l\u00edderes religiosos em comemora\u00e7\u00e3o \u00e0 P\u00e1scoa.<\/p>\n\n\n\n<p>O presidente voltou a dizer que a crise financeira devido ao\u00a0<strong>isolamento social<\/strong>\u00a0decorrente da\u00a0<strong>Covid-19<\/strong>\u00a0tende a ser pior que o v\u00edrus em si. Vale ressaltar, que ele vem agindo na contram\u00e3o das recomenda\u00e7\u00f5es da Organiza\u00e7\u00e3o Mundial da Sa\u00fade (OMS) e tem sa\u00eddo e cumprimentado as pessoas normalmente.<\/p>\n\n\n\n<p><strong>Jair Bolsonaro<\/strong>\u00a0j\u00e1 afirmou que isolamento deva ser cumprido apenas pelas pessoas que est\u00e3o no grupo de risco, como idosos, diab\u00e9ticos, hipertensos e pessoas qual outras doen\u00e7as pr\u00e9-existentes.<\/p>\n\n\n\n<p>*\u00faltimo segundo IG<\/p>\n\n\n<p><iframe loading=\"lazy\" src=\"https:\/\/web.facebook.com\/plugins\/video.php?href=https%3A%2F%2Fweb.facebook.com%2Fjairmessias.bolsonaro%2Fvideos%2F231019434802932%2F&amp;show_text=0&amp;width=560\" width=\"560\" height=\"314\" style=\"border:none;overflow:hidden\" scrolling=\"no\" frameborder=\"0\" allowtransparency=\"true\" allowfullscreen=\"true\"><\/iframe><\/p>\n\n\n<p><\/p>\n","protected":false},"excerpt":{"rendered":"<p>Presidente minimizou a gravidade do novo coronav\u00edrus e falou sobre a crise financeira que o pa\u00eds deve enfrentar. O presidente Jair Bolsonaro (sem partido) mais uma vez tentou minimizar a gravidade da pandemia do novo\u00a0coronav\u00edrus\u00a0(Sars-Cov-2) durante uma\u00a0transmiss\u00e3o ao vivo neste domingo (12) e afirmou que a doen\u00e7a parece estar indo embora do pa\u00eds. &#8220;Parece que [&hellip;]<\/p>\n","protected":false},"author":1,"featured_media":90916,"comment_status":"closed","ping_status":"closed","sticky":false,"template":"","format":"standard","meta":[],"categories":[478,5],"tags":[],"_links":{"self":[{"href":"https:\/\/blitzconquista.com.br\/index.php?rest_route=\/wp\/v2\/posts\/90917"}],"collection":[{"href":"https:\/\/blitzconquista.com.br\/index.php?rest_route=\/wp\/v2\/posts"}],"about":[{"href":"https:\/\/blitzconquista.com.br\/index.php?rest_route=\/wp\/v2\/types\/post"}],"author":[{"embeddable":true,"href":"https:\/\/blitzconquista.com.br\/index.php?rest_route=\/wp\/v2\/users\/1"}],"replies":[{"embeddable":true,"href":"https:\/\/blitzconquista.com.br\/index.php?rest_route=%2Fwp%2Fv2%2Fcomments&post=90917"}],"version-history":[{"count":1,"href":"https:\/\/blitzconquista.com.br\/index.php?rest_route=\/wp\/v2\/posts\/90917\/revisions"}],"predecessor-version":[{"id":90918,"href":"https:\/\/blitzconquista.com.br\/index.php?rest_route=\/wp\/v2\/posts\/90917\/revisions\/90918"}],"wp:featuredmedia":[{"embeddable":true,"href":"https:\/\/blitzconquista.com.br\/index.php?rest_route=\/wp\/v2\/media\/90916"}],"wp:attachment":[{"href":"https:\/\/blitzconquista.com.br\/index.php?rest_route=%2Fwp%2Fv2%2Fmedia&parent=90917"}],"wp:term":[{"taxonomy":"category","embeddable":true,"href":"https:\/\/blitzconquista.com.br\/index.php?rest_route=%2Fwp%2Fv2%2Fcategories&post=90917"},{"taxonomy":"post_tag","embeddable":true,"href":"https:\/\/blitzconquista.com.br\/index.php?rest_route=%2Fwp%2Fv2%2Ftags&post=90917"}],"curies":[{"name":"wp","href":"https:\/\/api.w.org\/{rel}","templated":true}]}}