{"id":90932,"date":"2020-04-11T22:50:53","date_gmt":"2020-04-12T01:50:53","guid":{"rendered":"http:\/\/blitzconquista.com.br\/?p=90932"},"modified":"2020-04-13T01:51:00","modified_gmt":"2020-04-13T04:51:00","slug":"alba-aprova-projeto-que-obriga-comerciario-industriario-bancario-e-transportador-a-usarem-mascara","status":"publish","type":"post","link":"https:\/\/blitzconquista.com.br\/?p=90932","title":{"rendered":"ALBA aprova projeto que obriga comerci\u00e1rio, industri\u00e1rio, banc\u00e1rio e transportador a usarem m\u00e1scara"},"content":{"rendered":"\n<figure class=\"wp-block-image size-large\"><img decoding=\"async\" loading=\"lazy\" width=\"695\" height=\"479\" src=\"\/\/i0.wp.com\/blitzconquista.com.br\/wp-content\/uploads\/2020\/04\/img_20200413_0149477601394979258194706-695x479.jpg\" alt=\"\" class=\"wp-image-90930\" srcset=\"https:\/\/blitzconquista.com.br\/wp-content\/uploads\/2020\/04\/img_20200413_0149477601394979258194706-695x479.jpg 695w, https:\/\/blitzconquista.com.br\/wp-content\/uploads\/2020\/04\/img_20200413_0149477601394979258194706-300x207.jpg 300w, https:\/\/blitzconquista.com.br\/wp-content\/uploads\/2020\/04\/img_20200413_0149477601394979258194706-768x529.jpg 768w, https:\/\/blitzconquista.com.br\/wp-content\/uploads\/2020\/04\/img_20200413_0149477601394979258194706-990x682.jpg 990w, https:\/\/blitzconquista.com.br\/wp-content\/uploads\/2020\/04\/img_20200413_0149477601394979258194706.jpg 1077w\" sizes=\"(max-width: 695px) 100vw, 695px\" \/><\/figure>\n\n\n\n<p class=\"MsoNormal\">Os setores do com\u00e9rcio, ind\u00fastria, bancos, transporte de passageiros e servi\u00e7os p\u00fablicos ser\u00e3o obrigados a garantir o uso de equipamentos de prote\u00e7\u00e3o individual (EPIs), como m\u00e1scaras e luvas, como determina o Projeto de Lei aprovado hoje (11) pela Assembleia Legislativa da Bahia. O Projeto de Lei 23.827\/2020 deve ser sancionado pelo governador Rui Costa na segunda-feira e vai obrigar a distribui\u00e7\u00e3o gratuita de EPIs para os empregados de todas as empresas que permanecem em funcionamento durante a quarentena do Covid-19.<\/p>\n\n\n\n<p class=\"MsoNormal\">A aprova\u00e7\u00e3o, em pleno S\u00e1bado de Aleluia, de mais essa medida proposta pelo Executivo visando ao enfrentamento da pandemia foi elogiada pelo deputado Z\u00e9 Raimundo. Ele avaliou que esta foi mais uma importante iniciativa do Governo do Estado, que tem contando com o forte apoio do Legislativo nesse momento de crise.<\/p>\n\n\n\n<p class=\"MsoNormal\">&nbsp;\u201cO nosso governo tem assumido a responsabilidade pol\u00edtica e administrativa para conter os diferentes efeitos da pandemia do covid 19.<\/p>\n\n\n\n<p class=\"MsoNormal\">Ao lado das medidas para impedir a transmiss\u00e3o incontrol\u00e1vel do v\u00edrus, tem buscado garantir a assist\u00eancia \u00e0 sa\u00fade de todos os contaminados bem como ajudando \u00e0 popula\u00e7\u00e3o a enfrentar problemas financeiros, isentando as fam\u00edlias de baixa renda de pagamentos de contas de luz e de \u00e1gua. Essas iniciativas do governo tem contado com o nosso apoio e dos demais deputados\u201d, destacou Z\u00e9 Raimundo depois da vota\u00e7\u00e3o.<\/p>\n\n\n\n<p class=\"MsoNormal\">Ele observou ainda que o governo estadual baiano tem seguindo a orienta\u00e7\u00e3o da Organiza\u00e7\u00e3o Mundial de Sa\u00fade e de especialistas, adotando decis\u00f5es que garantem o est\u00edmulo a setores estrat\u00e9gicos da economia, mas exigindo a prote\u00e7\u00e3o dos trabalhadores e das trabalhadoras que n\u00e3o podem permanecer em distanciamento social. &nbsp;\u201c\u00c9 a Bahia dando bom exemplo em defesa da vida, ao contr\u00e1rio das atitudes descabidas e irrespons\u00e1veis do presidente da Rep\u00fablica\u201d, comparou.<\/p>\n","protected":false},"excerpt":{"rendered":"<p>Os setores do com\u00e9rcio, ind\u00fastria, bancos, transporte de passageiros e servi\u00e7os p\u00fablicos ser\u00e3o obrigados a garantir o uso de equipamentos de prote\u00e7\u00e3o individual (EPIs), como m\u00e1scaras e luvas, como determina o Projeto de Lei aprovado hoje (11) pela Assembleia Legislativa da Bahia. O Projeto de Lei 23.827\/2020 deve ser sancionado pelo governador Rui Costa na [&hellip;]<\/p>\n","protected":false},"author":1,"featured_media":90931,"comment_status":"closed","ping_status":"closed","sticky":false,"template":"","format":"standard","meta":[],"categories":[5],"tags":[],"_links":{"self":[{"href":"https:\/\/blitzconquista.com.br\/index.php?rest_route=\/wp\/v2\/posts\/90932"}],"collection":[{"href":"https:\/\/blitzconquista.com.br\/index.php?rest_route=\/wp\/v2\/posts"}],"about":[{"href":"https:\/\/blitzconquista.com.br\/index.php?rest_route=\/wp\/v2\/types\/post"}],"author":[{"embeddable":true,"href":"https:\/\/blitzconquista.com.br\/index.php?rest_route=\/wp\/v2\/users\/1"}],"replies":[{"embeddable":true,"href":"https:\/\/blitzconquista.com.br\/index.php?rest_route=%2Fwp%2Fv2%2Fcomments&post=90932"}],"version-history":[{"count":1,"href":"https:\/\/blitzconquista.com.br\/index.php?rest_route=\/wp\/v2\/posts\/90932\/revisions"}],"predecessor-version":[{"id":90933,"href":"https:\/\/blitzconquista.com.br\/index.php?rest_route=\/wp\/v2\/posts\/90932\/revisions\/90933"}],"wp:featuredmedia":[{"embeddable":true,"href":"https:\/\/blitzconquista.com.br\/index.php?rest_route=\/wp\/v2\/media\/90931"}],"wp:attachment":[{"href":"https:\/\/blitzconquista.com.br\/index.php?rest_route=%2Fwp%2Fv2%2Fmedia&parent=90932"}],"wp:term":[{"taxonomy":"category","embeddable":true,"href":"https:\/\/blitzconquista.com.br\/index.php?rest_route=%2Fwp%2Fv2%2Fcategories&post=90932"},{"taxonomy":"post_tag","embeddable":true,"href":"https:\/\/blitzconquista.com.br\/index.php?rest_route=%2Fwp%2Fv2%2Ftags&post=90932"}],"curies":[{"name":"wp","href":"https:\/\/api.w.org\/{rel}","templated":true}]}}