{"id":90975,"date":"2020-04-14T23:57:23","date_gmt":"2020-04-15T02:57:23","guid":{"rendered":"http:\/\/blitzconquista.com.br\/?p=90975"},"modified":"2020-04-15T01:24:20","modified_gmt":"2020-04-15T04:24:20","slug":"video-rui-sobre-herzem-ele-esta-muito-mal-avaliado-e-quer-a-polemica-para-tentar-capitalizar","status":"publish","type":"post","link":"https:\/\/blitzconquista.com.br\/?p=90975","title":{"rendered":"[V\u00cdDEO] Rui sobre Herzem: Ele est\u00e1 muito mal avaliado e quer a pol\u00eamica para tentar capitalizar"},"content":{"rendered":"<blockquote><p><em><strong>\u201cSei que Ele est\u00e1 muito mal avaliado. Ele quer a pol\u00eamica para tentar capitalizar em cima da pol\u00eamica. E eu n\u00e3o vou fazer o jogo do prefeito&#8230;\u201d<\/strong><\/em><\/p><\/blockquote>\n<p><img decoding=\"async\" loading=\"lazy\" class=\"aligncenter size-full wp-image-90980\" src=\"http:\/\/blitzconquista.com.br\/wp-content\/uploads\/2020\/04\/rui-costa-papo-correria.jpg\" alt=\"\" width=\"831\" height=\"540\" srcset=\"https:\/\/blitzconquista.com.br\/wp-content\/uploads\/2020\/04\/rui-costa-papo-correria.jpg 831w, https:\/\/blitzconquista.com.br\/wp-content\/uploads\/2020\/04\/rui-costa-papo-correria-300x195.jpg 300w, https:\/\/blitzconquista.com.br\/wp-content\/uploads\/2020\/04\/rui-costa-papo-correria-695x452.jpg 695w, https:\/\/blitzconquista.com.br\/wp-content\/uploads\/2020\/04\/rui-costa-papo-correria-768x499.jpg 768w\" sizes=\"(max-width: 831px) 100vw, 831px\" \/><\/p>\n<p>O prefeito de Vit\u00f3ria da Conquista, Herzem Gusm\u00e3o Pereira, at\u00e9 tentou sair de cena, depois da repercuss\u00e3o negativa das entrevistas concedidas ao Bahia Meio Dia \u2013 edi\u00e7\u00e3o estadual, ancorado pela jornalista J\u00e9ssica Senra, e edi\u00e7\u00e3o local, apresentado por Judson Almeida. Para linha de frente, a fim de evitar mais desgastes, o alcaide conquistense empregou seus secret\u00e1rios de Administra\u00e7\u00e3o e de Sa\u00fade para lan\u00e7ar ataques contra o Governo do Estado. A entrevista coletiva concedida a imprensa conquistense patenteou a estrat\u00e9gia, no s\u00e1bado (11). (<a href=\"http:\/\/blitzconquista.com.br\/secretarios-de-herzem-confrontam-governo-do-estado-e-ao-mesmo-tempo-falam-em-restabelecer-dialogo\/\">Secret\u00e1rios de Herzem confrontam Governo do Estado e ao mesmo tempo falam em restabelecer di\u00e1logo<\/a>)<\/p>\n<p>Uma semana depois, exatamente, e Gusm\u00e3o Pereira voltou a ser alvo de cr\u00edticas repercutidas em todo Estado. Dessa vez as observa\u00e7\u00f5es foram do governador Rui Costa, que, at\u00e9 ent\u00e3o, evitava comentar sobre os constantes ataques do executivo conquistense ao Governo do Estado.<\/p>\n<p>No seu programa transmitido nas redes sociais, Papo Correria, desta ter\u00e7a-feira (14), uma internauta conquistense perguntou: &#8220;Governador, aqui o prefeito est\u00e1 criticando muito o Governo na luta contra o Coronav\u00edrus. Ele est\u00e1 certo ou est\u00e1 fazendo pol\u00edtica?&#8221;<\/p>\n<p>Rui Costa iniciou dizendo que tem evitado responder declara\u00e7\u00f5es de prefeitos, mas disparou: <strong>\u201calguns <\/strong>[prefeitos]<strong>, inclusive <em>Esse<\/em> de Vit\u00f3ria da Conquista, tem feito op\u00e7\u00e3o pela pol\u00edtica\u201d<\/strong>.<\/p>\n<p>Durante seu pronunciamento, Rui n\u00e3o citou o nome de Herzem, optando pelas refer\u00eancias prenominais.<\/p>\n<blockquote><p><em>\u201cSei que <strong>Ele<\/strong> est\u00e1 muito mal avaliado. <strong>Ele<\/strong> quer a pol\u00eamica para tentar capitalizar em cima da pol\u00eamica. E eu n\u00e3o vou fazer o jogo do prefeito&#8230;\u201d<\/em><\/p>\n<p><em>\u201cEu lhe desejo boa sorte. Que Deus ilumine a sua cabe\u00e7a, seu cora\u00e7\u00e3o. E que <strong>Ele<\/strong> definitivamente deixe a politicagem de lado. E vamos cuidar de gente, cuidar do povo de Conquista!\u201d<\/em><\/p><\/blockquote>\n<p>Rui tamb\u00e9m respondeu sobre o recurso que o executivo conquistense afirma que deveria ser repassado ao munic\u00edpio. O governador esclareceu que n\u00e3o h\u00e1 pend\u00eancias e disse que n\u00e3o h\u00e1 necessidade de judicializar, reafirmando que se o prefeito quiser o recurso \u00e9 s\u00f3 assumir o contrato com o HCC (Hospital das Cl\u00ednicas), que tem valor muito superior ao questionado pelo prefeito, segundo Rui.<\/p>\n<blockquote><p><em>\u201cE por favor, deixe de pol\u00edtica, deixa de pensar na pol\u00edtica, no partido, e vamos pensar no povo de Conquista que \u00e9 melhor&#8230; mesmo prefeitos que n\u00e3o s\u00e3o de nossa base tem deixado a pol\u00edtica partid\u00e1ria de lado. Eu fa\u00e7o o mesmo apelo ao prefeito de Conquista: Pense no povo de Conquista, em primeiro lugar; deixe de pensar na elei\u00e7\u00e3o, no partido. Isso n\u00e3o vai levar a lugar nenhum. Esse \u00e9 o meu apelo pra <strong>Voc\u00ea<\/strong><\/em>[Herzem]<em> e pra ajudar o povo de Conquista\u201d,<\/em>concluiu Rui.<\/p><\/blockquote>\n<p><iframe loading=\"lazy\" style=\"border: none; overflow: hidden;\" src=\"https:\/\/web.facebook.com\/plugins\/video.php?href=https%3A%2F%2Fweb.facebook.com%2FBlitzConquista%2Fvideos%2F250314412812687%2F&amp;show_text=0&amp;width=560\" width=\"560\" height=\"315\" frameborder=\"0\" scrolling=\"no\" allowfullscreen=\"allowfullscreen\"><\/iframe><\/p>\n","protected":false},"excerpt":{"rendered":"<p>\u201cSei que Ele est\u00e1 muito mal avaliado. Ele quer a pol\u00eamica para tentar capitalizar em cima da pol\u00eamica. E eu n\u00e3o vou fazer o jogo do prefeito&#8230;\u201d O prefeito de Vit\u00f3ria da Conquista, Herzem Gusm\u00e3o Pereira, at\u00e9 tentou sair de cena, depois da repercuss\u00e3o negativa das entrevistas concedidas ao Bahia Meio Dia \u2013 edi\u00e7\u00e3o estadual, [&hellip;]<\/p>\n","protected":false},"author":1,"featured_media":90980,"comment_status":"closed","ping_status":"closed","sticky":false,"template":"","format":"standard","meta":[],"categories":[212,5],"tags":[],"_links":{"self":[{"href":"https:\/\/blitzconquista.com.br\/index.php?rest_route=\/wp\/v2\/posts\/90975"}],"collection":[{"href":"https:\/\/blitzconquista.com.br\/index.php?rest_route=\/wp\/v2\/posts"}],"about":[{"href":"https:\/\/blitzconquista.com.br\/index.php?rest_route=\/wp\/v2\/types\/post"}],"author":[{"embeddable":true,"href":"https:\/\/blitzconquista.com.br\/index.php?rest_route=\/wp\/v2\/users\/1"}],"replies":[{"embeddable":true,"href":"https:\/\/blitzconquista.com.br\/index.php?rest_route=%2Fwp%2Fv2%2Fcomments&post=90975"}],"version-history":[{"count":7,"href":"https:\/\/blitzconquista.com.br\/index.php?rest_route=\/wp\/v2\/posts\/90975\/revisions"}],"predecessor-version":[{"id":90998,"href":"https:\/\/blitzconquista.com.br\/index.php?rest_route=\/wp\/v2\/posts\/90975\/revisions\/90998"}],"wp:featuredmedia":[{"embeddable":true,"href":"https:\/\/blitzconquista.com.br\/index.php?rest_route=\/wp\/v2\/media\/90980"}],"wp:attachment":[{"href":"https:\/\/blitzconquista.com.br\/index.php?rest_route=%2Fwp%2Fv2%2Fmedia&parent=90975"}],"wp:term":[{"taxonomy":"category","embeddable":true,"href":"https:\/\/blitzconquista.com.br\/index.php?rest_route=%2Fwp%2Fv2%2Fcategories&post=90975"},{"taxonomy":"post_tag","embeddable":true,"href":"https:\/\/blitzconquista.com.br\/index.php?rest_route=%2Fwp%2Fv2%2Ftags&post=90975"}],"curies":[{"name":"wp","href":"https:\/\/api.w.org\/{rel}","templated":true}]}}