{"id":90989,"date":"2020-04-14T17:12:26","date_gmt":"2020-04-14T20:12:26","guid":{"rendered":"http:\/\/blitzconquista.com.br\/?p=90989"},"modified":"2020-04-15T01:17:33","modified_gmt":"2020-04-15T04:17:33","slug":"prefeitura-distribui-kits-alimentares-a-estudantes-a-partir-desta-quarta-feira-15","status":"publish","type":"post","link":"https:\/\/blitzconquista.com.br\/?p=90989","title":{"rendered":"Prefeitura distribui kits alimentares a estudantes a partir desta quarta-feira (15)"},"content":{"rendered":"<p><img decoding=\"async\" loading=\"lazy\" class=\"aligncenter size-full wp-image-90991\" src=\"http:\/\/blitzconquista.com.br\/wp-content\/uploads\/2020\/04\/montagem-kits-alimentares-4-907x680-1.jpeg\" alt=\"\" width=\"907\" height=\"680\" srcset=\"https:\/\/blitzconquista.com.br\/wp-content\/uploads\/2020\/04\/montagem-kits-alimentares-4-907x680-1.jpeg 907w, https:\/\/blitzconquista.com.br\/wp-content\/uploads\/2020\/04\/montagem-kits-alimentares-4-907x680-1-300x225.jpeg 300w, https:\/\/blitzconquista.com.br\/wp-content\/uploads\/2020\/04\/montagem-kits-alimentares-4-907x680-1-695x521.jpeg 695w, https:\/\/blitzconquista.com.br\/wp-content\/uploads\/2020\/04\/montagem-kits-alimentares-4-907x680-1-768x576.jpeg 768w, https:\/\/blitzconquista.com.br\/wp-content\/uploads\/2020\/04\/montagem-kits-alimentares-4-907x680-1-74x55.jpeg 74w, https:\/\/blitzconquista.com.br\/wp-content\/uploads\/2020\/04\/montagem-kits-alimentares-4-907x680-1-111x83.jpeg 111w, https:\/\/blitzconquista.com.br\/wp-content\/uploads\/2020\/04\/montagem-kits-alimentares-4-907x680-1-215x161.jpeg 215w\" sizes=\"(max-width: 907px) 100vw, 907px\" \/><\/p>\n<p>A Secretaria Municipal de Educa\u00e7\u00e3o (Smed) vai come\u00e7ar a entregar, a partir desta quarta-feira (15), os kits de alimenta\u00e7\u00e3o na Rede Municipal de Ensino, que conta com mais de 45 mil alunos.<\/p>\n<p>Com a medida, o Governo Municipal cumpre a Lei n\u00ba 13.987\/2020, sancionada pelo Governo Federal no \u00faltimo dia 7 e que autoriza, em car\u00e1ter excepcional, a distribui\u00e7\u00e3o de g\u00eaneros aliment\u00edcios adquiridos com recursos do Programa Nacional de Alimenta\u00e7\u00e3o Escolar (PNAE) aos pais ou respons\u00e1veis dos estudantes das escolas p\u00fablicas da educa\u00e7\u00e3o b\u00e1sica, enquanto durar o per\u00edodo de suspens\u00e3o das aulas em raz\u00e3o da pandemia do coronav\u00edrus.<\/p>\n<p>As regras para a distribui\u00e7\u00e3o dos alimentos foram definidas pelo Fundo Nacional de Desenvolvimento da Educa\u00e7\u00e3o (FNDE), autarquia vinculada ao Minist\u00e9rio da Educa\u00e7\u00e3o. Cada fam\u00edlia ter\u00e1 direito a um kit que, seguindo as determina\u00e7\u00f5es da legisla\u00e7\u00e3o do PNAE no que se refere \u00e0 qualidade nutricional e sanit\u00e1ria, ser\u00e1 composto por itens como arroz, feij\u00e3o, caf\u00e9, a\u00e7\u00facar, \u00f3leo, farinha, leite, sardinha, dentre outros, que foram submetidos \u00e0 an\u00e1lise e aprovados pela equipe de nutricionistas do munic\u00edpio. Por\u00e9m, na fam\u00edlia que tiver a partir de tr\u00eas alunos matriculados ser\u00e3o entregues dois kits.<\/p>\n<div id=\"attachment_178226\" class=\"wp-caption aligncenter\"><img decoding=\"async\" loading=\"lazy\" class=\" wp-image-178226 colorbox-178231\" src=\"http:\/\/www.pmvc.ba.gov.br\/wp-content\/uploads\/kit-escolar-higieniza\u00e7\u00e3o.jpg\" alt=\"\" width=\"600\" height=\"486\" aria-describedby=\"caption-attachment-178226\" \/><\/p>\n<p id=\"caption-attachment-178226\" class=\"wp-caption-text\">Local onde os kits est\u00e3o sendo montados foi totalmente higienizado com solu\u00e7\u00e3o \u00e0 base de hipoclorito<\/p>\n<\/div>\n<p>Os kits est\u00e3o sendo identificados com o nome do aluno e do respons\u00e1vel. O local de montagem dos kits foi totalmente higienizado, pela Secretaria de Servi\u00e7os P\u00fablicos, com uma solu\u00e7\u00e3o \u00e0 base de hipoclorito de s\u00f3dio. Ainda assim, v\u00e3o ser dadas orienta\u00e7\u00f5es \u00e0s fam\u00edlias dos estudantes para que lavem com \u00e1gua e sab\u00e3o todas as embalagens entregues no kit, conforme recomenda o FNDE.<\/p>\n<p>Somado a isso, o setor de Artes e Eventos da Smed confeccionou as m\u00e1scaras lav\u00e1veis que t\u00eam sido utilizadas pelos profissionais envolvidos na montagem dos kits. Antes e durante o manuseio dos produtos, esses profissionais higienizam constantemente as m\u00e3os com \u00e1lcool em gel e, em pias, com \u00e1gua e sab\u00e3o.<\/p>\n<p>As primeiras fam\u00edlias que receber\u00e3o os kits s\u00e3o aquelas que t\u00eam filhos matriculados na Escola Municipal Nossa Senhora Aparecida e no Centro Municipal de Educa\u00e7\u00e3o Infantil Frei Graciano do Santo Elp\u00eddio, ambas as unidades localizadas no bairro Nossa Senhora Aparecida. O dia e o hor\u00e1rio de retirada dos kits das demais unidades ser\u00e3o comunicados pela dire\u00e7\u00e3o das escolas e creches diretamente aos pais ou respons\u00e1veis dos alunos. Essa medida visa garantir o escalonamento no ato da entrega assegurando que n\u00e3o haja aglomera\u00e7\u00e3o nas unidades e para que seja mantido o distanciamento necess\u00e1rio, conforme orienta\u00e7\u00e3o da Organiza\u00e7\u00e3o Mundial de Sa\u00fade (OMS) e do Minist\u00e9rio da Sa\u00fade.<\/p>\n<p>Todo o plano de a\u00e7\u00e3o relacionado \u00e0 distribui\u00e7\u00e3o dos g\u00eaneros aliment\u00edcios adquiridos com recursos do PNAE foi elaborado pela Coordena\u00e7\u00e3o de Alimenta\u00e7\u00e3o Escolar, ligada \u00e0 Smed. Em seguida, ele foi apresentado e aprovado pelo Conselho Municipal de Alimenta\u00e7\u00e3o Escolar.<\/p>\n<p>*Secom<\/p>\n","protected":false},"excerpt":{"rendered":"<p>A Secretaria Municipal de Educa\u00e7\u00e3o (Smed) vai come\u00e7ar a entregar, a partir desta quarta-feira (15), os kits de alimenta\u00e7\u00e3o na Rede Municipal de Ensino, que conta com mais de 45 mil alunos. Com a medida, o Governo Municipal cumpre a Lei n\u00ba 13.987\/2020, sancionada pelo Governo Federal no \u00faltimo dia 7 e que autoriza, em [&hellip;]<\/p>\n","protected":false},"author":1,"featured_media":90991,"comment_status":"closed","ping_status":"closed","sticky":false,"template":"","format":"standard","meta":[],"categories":[212,28],"tags":[],"_links":{"self":[{"href":"https:\/\/blitzconquista.com.br\/index.php?rest_route=\/wp\/v2\/posts\/90989"}],"collection":[{"href":"https:\/\/blitzconquista.com.br\/index.php?rest_route=\/wp\/v2\/posts"}],"about":[{"href":"https:\/\/blitzconquista.com.br\/index.php?rest_route=\/wp\/v2\/types\/post"}],"author":[{"embeddable":true,"href":"https:\/\/blitzconquista.com.br\/index.php?rest_route=\/wp\/v2\/users\/1"}],"replies":[{"embeddable":true,"href":"https:\/\/blitzconquista.com.br\/index.php?rest_route=%2Fwp%2Fv2%2Fcomments&post=90989"}],"version-history":[{"count":1,"href":"https:\/\/blitzconquista.com.br\/index.php?rest_route=\/wp\/v2\/posts\/90989\/revisions"}],"predecessor-version":[{"id":90992,"href":"https:\/\/blitzconquista.com.br\/index.php?rest_route=\/wp\/v2\/posts\/90989\/revisions\/90992"}],"wp:featuredmedia":[{"embeddable":true,"href":"https:\/\/blitzconquista.com.br\/index.php?rest_route=\/wp\/v2\/media\/90991"}],"wp:attachment":[{"href":"https:\/\/blitzconquista.com.br\/index.php?rest_route=%2Fwp%2Fv2%2Fmedia&parent=90989"}],"wp:term":[{"taxonomy":"category","embeddable":true,"href":"https:\/\/blitzconquista.com.br\/index.php?rest_route=%2Fwp%2Fv2%2Fcategories&post=90989"},{"taxonomy":"post_tag","embeddable":true,"href":"https:\/\/blitzconquista.com.br\/index.php?rest_route=%2Fwp%2Fv2%2Ftags&post=90989"}],"curies":[{"name":"wp","href":"https:\/\/api.w.org\/{rel}","templated":true}]}}