{"id":91004,"date":"2020-04-15T18:57:16","date_gmt":"2020-04-15T21:57:16","guid":{"rendered":"http:\/\/blitzconquista.com.br\/?p=91004"},"modified":"2020-04-15T18:57:16","modified_gmt":"2020-04-15T21:57:16","slug":"vereador-valdemir-dias-repudia-autoritarismo-da-prefeitura-na-decisao-de-aulas-ead-e-parabeniza-o-simmp-por-pautar-o-debate","status":"publish","type":"post","link":"https:\/\/blitzconquista.com.br\/?p=91004","title":{"rendered":"Vereador Valdemir Dias repudia autoritarismo da prefeitura na decis\u00e3o de aulas EaD e parabeniza o SIMMP por pautar o debate"},"content":{"rendered":"<figure id=\"attachment_84337\" aria-describedby=\"caption-attachment-84337\" style=\"width: 355px\" class=\"wp-caption aligncenter\"><img decoding=\"async\" loading=\"lazy\" class=\" wp-image-84337\" src=\"http:\/\/blitzconquista.com.br\/wp-content\/uploads\/2019\/07\/valdemir-dias-772x515-300x200.jpg\" alt=\"\" width=\"355\" height=\"237\" srcset=\"https:\/\/blitzconquista.com.br\/wp-content\/uploads\/2019\/07\/valdemir-dias-772x515-300x200.jpg 300w, https:\/\/blitzconquista.com.br\/wp-content\/uploads\/2019\/07\/valdemir-dias-772x515-768x512.jpg 768w, https:\/\/blitzconquista.com.br\/wp-content\/uploads\/2019\/07\/valdemir-dias-772x515-695x464.jpg 695w, https:\/\/blitzconquista.com.br\/wp-content\/uploads\/2019\/07\/valdemir-dias-772x515-414x276.jpg 414w, https:\/\/blitzconquista.com.br\/wp-content\/uploads\/2019\/07\/valdemir-dias-772x515-470x313.jpg 470w, https:\/\/blitzconquista.com.br\/wp-content\/uploads\/2019\/07\/valdemir-dias-772x515-640x426.jpg 640w, https:\/\/blitzconquista.com.br\/wp-content\/uploads\/2019\/07\/valdemir-dias-772x515-130x86.jpg 130w, https:\/\/blitzconquista.com.br\/wp-content\/uploads\/2019\/07\/valdemir-dias-772x515-187x124.jpg 187w, https:\/\/blitzconquista.com.br\/wp-content\/uploads\/2019\/07\/valdemir-dias-772x515.jpg 772w\" sizes=\"(max-width: 355px) 100vw, 355px\" \/><figcaption id=\"caption-attachment-84337\" class=\"wp-caption-text\">Valdemir Dias \u00e9 administrador, ex-secret\u00e1rio de educa\u00e7\u00e3o de Conquista e atualmente vereador pelo PT<\/figcaption><\/figure>\n<p>Em contato com a imprensa conquistense, o vereador Valdemir Dias (PT) criticou, na tarde desta quarta-feira(15), a decis\u00e3o da prefeitura de Vit\u00f3ria da Conquista de lan\u00e7ar a modalidade de Ensino \u00e0 Dist\u00e2ncia (EaD) para os alunos da rede municipal, durante a suspens\u00e3o das aulas presencias (medida para conten\u00e7\u00e3o do Novo Coronav\u00edrus). Segundo o vereador, a grande maioria dos alunos da rede p\u00fablica n\u00e3o t\u00eam recursos tecnol\u00f3gicos para estudar \u00e0 dist\u00e2ncia. O edil promete levar a discuss\u00e3o \u00e0 C\u00e2mara Municipal, e parabenizou o Sindicato dos Profissionais da Educa\u00e7\u00e3o por ter pautado o debate.<\/p>\n<p>Valdemir Dias j\u00e1 foi secret\u00e1rio de municipal de educa\u00e7\u00e3o e conhece bem realidade dos alunos. &#8220;Nem todos tem computador e acesso \u00e0 internet de qualidade&#8221;, pontuou. &#8220;Na rede p\u00fablica de educa\u00e7\u00e3o h\u00e1 fam\u00edlias em situa\u00e7\u00e3o de muita pobreza, casos em que a \u00fanica refei\u00e7\u00e3o que a crian\u00e7a faz \u00e9 na escola. Achar que todas as fam\u00edlias t\u00eam um computador, internet em casa \u00e9 desconhecer completamente a realidade do nosso munic\u00edpio, do Nordeste, do Brasil&#8221;, frisou. Outro problema apontado foi o acompanhamento para crian\u00e7as das s\u00e9ries iniciais. &#8220;Os pais de grande parte dessas crian\u00e7as n\u00e3o tem dom\u00ednio tecnol\u00f3gico para poder assessorar seus filhos durante aulas EaD&#8221;, disse.<\/p>\n<p>O vereador criticou tamb\u00e9m o fato da prefeitura n\u00e3o ter consultado todos os membros do Conselho Municipal de Educa\u00e7\u00e3o (CME) para tomar tal decis\u00e3o. &#8220;A prefeitura n\u00e3o consultou o Conselho, mostrando mais uma vez o autoritarismo desse Governo&#8221;, disse. &#8220;Os professores tamb\u00e9m n\u00e3o foram escutados. Eles precisariam adaptar as aulas presenciais para EaD. A prefeitura vai dar o suporte tecnol\u00f3gico pra isso? &#8220;, indagou.<\/p>\n<p>Enquanto membro da Comiss\u00e3o de Fiscaliza\u00e7\u00e3o dos Atos do Executivo, Valdemir garantiu que levar\u00e1 a discuss\u00e3o \u00e0 C\u00e2mara Municipal. &#8220;Estarei propondo a cria\u00e7\u00e3o de uma Comiss\u00e3o Mista com a participa\u00e7\u00e3o da Comiss\u00e3o que fa\u00e7o parte e a Comiss\u00e3o de Educa\u00e7\u00e3o. O prefeito n\u00e3o pode continuar tomando decis\u00f5es sem escutar ningu\u00e9m&#8221;, disparou.<\/p>\n<p>Na oportunidade, o vereador parabenizou o SIMMP por pautar essa discuss\u00e3o das aulas EaD e defender uma educa\u00e7\u00e3o de qualidade. &#8220;O SIMMP demonstrou mais uma vez que n\u00e3o foge \u00e0 luta quando o assunto \u00e9 defender a educa\u00e7\u00e3o p\u00fablica. Pautou o debate sobre a modalidade EaD e denunciou o autoritarismo da prefeitura ao tomar decis\u00f5es sem consultar os professores e o Conselho Municipal de Educa\u00e7\u00e3o, que tem com fun\u00e7\u00e3o normatizar, deliberar e fiscalizar a educa\u00e7\u00e3o do nosso munic\u00edpio&#8221; finalizou<\/p>\n","protected":false},"excerpt":{"rendered":"<p>Em contato com a imprensa conquistense, o vereador Valdemir Dias (PT) criticou, na tarde desta quarta-feira(15), a decis\u00e3o da prefeitura de Vit\u00f3ria da Conquista de lan\u00e7ar a modalidade de Ensino \u00e0 Dist\u00e2ncia (EaD) para os alunos da rede municipal, durante a suspens\u00e3o das aulas presencias (medida para conten\u00e7\u00e3o do Novo Coronav\u00edrus). Segundo o vereador, a [&hellip;]<\/p>\n","protected":false},"author":1,"featured_media":88954,"comment_status":"closed","ping_status":"closed","sticky":false,"template":"","format":"standard","meta":[],"categories":[212,28,5],"tags":[],"_links":{"self":[{"href":"https:\/\/blitzconquista.com.br\/index.php?rest_route=\/wp\/v2\/posts\/91004"}],"collection":[{"href":"https:\/\/blitzconquista.com.br\/index.php?rest_route=\/wp\/v2\/posts"}],"about":[{"href":"https:\/\/blitzconquista.com.br\/index.php?rest_route=\/wp\/v2\/types\/post"}],"author":[{"embeddable":true,"href":"https:\/\/blitzconquista.com.br\/index.php?rest_route=\/wp\/v2\/users\/1"}],"replies":[{"embeddable":true,"href":"https:\/\/blitzconquista.com.br\/index.php?rest_route=%2Fwp%2Fv2%2Fcomments&post=91004"}],"version-history":[{"count":1,"href":"https:\/\/blitzconquista.com.br\/index.php?rest_route=\/wp\/v2\/posts\/91004\/revisions"}],"predecessor-version":[{"id":91005,"href":"https:\/\/blitzconquista.com.br\/index.php?rest_route=\/wp\/v2\/posts\/91004\/revisions\/91005"}],"wp:featuredmedia":[{"embeddable":true,"href":"https:\/\/blitzconquista.com.br\/index.php?rest_route=\/wp\/v2\/media\/88954"}],"wp:attachment":[{"href":"https:\/\/blitzconquista.com.br\/index.php?rest_route=%2Fwp%2Fv2%2Fmedia&parent=91004"}],"wp:term":[{"taxonomy":"category","embeddable":true,"href":"https:\/\/blitzconquista.com.br\/index.php?rest_route=%2Fwp%2Fv2%2Fcategories&post=91004"},{"taxonomy":"post_tag","embeddable":true,"href":"https:\/\/blitzconquista.com.br\/index.php?rest_route=%2Fwp%2Fv2%2Ftags&post=91004"}],"curies":[{"name":"wp","href":"https:\/\/api.w.org\/{rel}","templated":true}]}}