{"id":91006,"date":"2020-04-16T23:37:00","date_gmt":"2020-04-17T02:37:00","guid":{"rendered":"http:\/\/blitzconquista.com.br\/?p=91006"},"modified":"2020-04-16T23:37:00","modified_gmt":"2020-04-17T02:37:00","slug":"camara-intermediara-dialogo-entre-governo-do-estado-e-prefeitura-sobre-verbas-de-enfrentamento-a-covid-19","status":"publish","type":"post","link":"https:\/\/blitzconquista.com.br\/?p=91006","title":{"rendered":"C\u00e2mara intermediar\u00e1 di\u00e1logo entre Governo do Estado e Prefeitura sobre verbas de enfrentamento \u00e0 Covid-19"},"content":{"rendered":"<p><strong>Vereadora cobrou que Prefeitura divulgue como ser\u00e3o gastos os R$ 7 milh\u00f5es recebidos diretamente do Governo Federal para enfrentamento a Pandemia.<\/strong><\/p>\n<p><img decoding=\"async\" loading=\"lazy\" class=\"aligncenter size-full wp-image-91008\" src=\"http:\/\/blitzconquista.com.br\/wp-content\/uploads\/2020\/04\/30229_noticia.jpeg\" alt=\"\" width=\"700\" height=\"400\" srcset=\"https:\/\/blitzconquista.com.br\/wp-content\/uploads\/2020\/04\/30229_noticia.jpeg 700w, https:\/\/blitzconquista.com.br\/wp-content\/uploads\/2020\/04\/30229_noticia-300x171.jpeg 300w, https:\/\/blitzconquista.com.br\/wp-content\/uploads\/2020\/04\/30229_noticia-695x397.jpeg 695w\" sizes=\"(max-width: 700px) 100vw, 700px\" \/><\/p>\n<p>Durante reuni\u00e3o por videoconfer\u00eancia entre a C\u00e2mara Municipal de Vit\u00f3ria da Conquista e a Prefeitura na tarde desta quinta-feira, 16, o presidente da Casa, vereador Luciano Gomes (PCdoB), assegurou que o Poder Legislativo Municipal buscar\u00e1 intermediar uma reuni\u00e3o entre os governos estadual e municipal para que as estrat\u00e9gias de enfrentamento \u00e0 Covid-19 sejam tra\u00e7adas em parceria, com di\u00e1logo cont\u00ednuo, que garanta seguran\u00e7a \u00e0 popula\u00e7\u00e3o neste momento de crise.<\/p>\n<p>\u201cNesse momento em que Prefeitura e Estado est\u00e3o se confrontando em rela\u00e7\u00e3o aos recursos, n\u00f3s vamos promover uma reuni\u00e3o entre Estado e Munic\u00edpio. O que interessa \u00e9 cuidar da popula\u00e7\u00e3o. A C\u00e2mara mais uma vez entra como intermedi\u00e1ria\u201d, explicou Gomes ap\u00f3s o t\u00e9rmino da reuni\u00e3o.<\/p>\n<p><strong>Questionamentos da C\u00e2mara &#8211;<\/strong> Durante a videoconfer\u00eancia, a vereadora Viviane Sampaio (PT) ressaltou a necessidade de o Executivo Municipal dar publicidade especial ao destino dos recursos espec\u00edficos de combate ao coronav\u00edrus (cerca de R$ 7 milh\u00f5es), favorecendo a fiscaliza\u00e7\u00e3o por parte dos \u00f3rg\u00e3os de controle e fiscaliza\u00e7\u00e3o e tamb\u00e9m dos cidad\u00e3os conquistenses. Al\u00e9m disso, a parlamentar sugeriu que contratos de assessorias sejam suspensos e os recursos oriundos dessa economia sejam totalmente aplicados em estra<\/p>\n<p>t\u00e9gias de enfrentamento \u00e0 pandemia no munic\u00edpio.<\/p>\n<p>Sampaio apontou ainda que a zona rural do munic\u00edpio precisa de aten\u00e7\u00e3o especial neste momento pois a popula\u00e7\u00e3o continua promovendo aglomera\u00e7\u00f5es e circulando pelas ruas dos povoados e distritos. \u201cA zona rural \u00e9 muito extensa e precisa de aten\u00e7\u00e3o especial, a zona rural continua tendo movimento, continua tendo as aglomera\u00e7\u00f5es\u201d, disse a parlamentar.<\/p>\n<p>Outro questionamento apresentado foi quanto \u00e0 montagem de hospital de campanha para atender poss\u00edveis v\u00edtimas da Covid-19.<\/p>\n<p>O vereador Luciano Gomes voltou a cobrar a inclus\u00e3o da C\u00e2mara Municipal no Comit\u00ea de Crise criado pela prefeitura. \u201cA prefeitura deixou a C\u00e2mara de lado. N\u00f3s n\u00e3o tivemos a oportunidade de ajudar, de somar. Fomos praticamente ignorados em todas as nossas solicita\u00e7\u00f5es\u201d, lembrou Luciano, destacando que o Legislativo Municipal enviou \u00e0 prefeitura um documento com oito sugest\u00f5es de a\u00e7\u00f5es de enfrentamento da crise. \u201c\u00c9 um comit\u00ea muito fechado\u201d, analisou o presidente da C\u00e2mara.<\/p>\n<p>Ele questionou tamb\u00e9m os crit\u00e9rios de log\u00edstica de entrega da merenda escolar aos pais de aluno, uma vez que, com a distribui\u00e7\u00e3o nas escolas, a prefeitura acaba por promover aglomera\u00e7\u00e3o nas unidades escolares, o que precisa ser evitado. Gomes sugeriu que o Governo Municipal fa\u00e7a as entregas nas casas dos alunos.<\/p>\n<p><strong>Posicionamento da Prefeitura &#8211;<\/strong> O secret\u00e1rio municipal de Administra\u00e7\u00e3o, Kairan Rocha, que representou o Governo Municipal no encontro, reconheceu a import\u00e2ncia da entrada da C\u00e2mara no Comit\u00ea de Crise. Ele explicou que o atual comit\u00ea ser\u00e1 dividido em tr\u00eas corpos (t\u00e9cnico, rela\u00e7\u00f5es institucionais e de secretarias sem liga\u00e7\u00e3o direta com o enfrentamento) e que a C\u00e2mara e institui\u00e7\u00f5es como o Minist\u00e9rio P\u00fablico e a OAB ser\u00e3o convidadas para participar do corpo de rela\u00e7\u00f5es institucionais do Comit\u00ea de Crise.<\/p>\n<p>Ele esclareceu que os R$ 7 milh\u00f5es encaminhados diretamente pelo Governo Federal para as a\u00e7\u00f5es de combate ao coronav\u00edrus ainda n\u00e3o come\u00e7aram a ser aplicados por quest\u00f5es meramente burocr\u00e1ticas que j\u00e1 est\u00e3o sendo resolvidas. Ele adiantou, ainda, que ser\u00e1 criado uma aba no site da PMVC detalhando a aplica\u00e7\u00e3o dos recursos no combate \u00e0 Covid.<\/p>\n<p>De acordo com o secret\u00e1rio, ser\u00e3o habilitados mais leitos de UTI para atender a popula\u00e7\u00e3o. Ele revelou que h\u00e1 negocia\u00e7\u00f5es em andamento com a Santa Casa e com o Hospital Samur. \u201cNesse ponto eu at\u00e9 concordo com o secret\u00e1rio (estadual) de Sa\u00fade quando ele diz que n\u00e3o precisa de hospitais de campanha em Conquista. A gente tem estruturas hospitalares em Conquista adequadas\u201d, apontou Kairan.<\/p>\n<p>Al\u00e9m disso, ele explicou que a prefeitura comprou 7 mil testes r\u00e1pidos da Covid-19 que chegar\u00e3o \u00e0 cidade at\u00e9 o final do m\u00eas, proporcionando uma m\u00e9dia de um teste para cada 50 pessoas. \u201cO que nos d\u00e1 uma m\u00e9dia de testagem muito interessante. Algo muito parecido com o que foi praticado na Alemanha\u201d, disse ele, citando o pa\u00eds com uma das menores taxas de letalidade por coronav\u00edrus na Europa.<\/p>\n<p><strong>Queda na arrecada\u00e7\u00e3o e economia de recursos &#8211;<\/strong> A respeito do pedido da C\u00e2mara de prorroga\u00e7\u00e3o dos prazos de pagamento de IPTU, ISS, ITBI e taxas municipais em 120 dias, Kairan disse que a prefeitura j\u00e1 atendeu parcialmente, uma vez que ampliou em 30 dias o prazo para pagamento do IPTU.<\/p>\n<p>Rocha ponderou, no entanto, que impostos como o ISS n\u00e3o podem ter seus prazos de pagamento prorrogados porque a cidade j\u00e1 vivencia uma dr\u00e1stica queda em sua arrecada\u00e7\u00e3o.<\/p>\n<p>De acordo com o secret\u00e1rio, em busca de reduzir gastos e economizar recursos, o Governo Municipal publicar\u00e1 no Di\u00e1rio Oficial a revis\u00e3o de contratos de presta\u00e7\u00e3o de servi\u00e7os e aluguel, com redu\u00e7\u00f5es de seus valores que variam de 30% a 50%, al\u00e9m da extin\u00e7\u00e3o de contratos que com a crise acabaram ficando economicamente invi\u00e1veis.<\/p>\n<p>Quanto \u00e0 garantia de renda emergencial m\u00ednima para fam\u00edlias em situa\u00e7\u00e3o de vulnerabilidade, Kairan disse que o munic\u00edpio n\u00e3o tem condi\u00e7\u00f5es financeiras para promover um programa desse tipo devido \u00e0 falta de recursos.<\/p>\n<p>Distribui\u00e7\u00e3o da merenda escolar &#8211; Kairan explicou que a entrega da merenda escolar aos alunos da zona rural come\u00e7a na pr\u00f3xima segunda-feira, 20, e a pr\u00f3pria dire\u00e7\u00e3o das escolas ser\u00e1 respons\u00e1vel pela distribui\u00e7\u00e3o nas unidades escolares mensalmente, at\u00e9 que as aulas retornem \u00e0 normalidade.<\/p>\n<p>Quanto ao pedido do vereador Luciano Gomes, ele alegou que a prefeitura n\u00e3o tem condi\u00e7\u00f5es de fazer a entrega de casa a casa, uma vez que os contratos do transporte escolar ser\u00e3o suspensos. Desse modo, ele justificou a op\u00e7\u00e3o por fazer a distribui\u00e7\u00e3o nas pr\u00f3prias unidades escolares.<\/p>\n<p><strong>Visitas &#8211; <\/strong>Ficou acordado entre a C\u00e2mara e a Prefeitura Municipal que no pr\u00f3ximo final de semana ser\u00e3o realizadas visitas \u00e0s unidades de sa\u00fade conveniadas ao munic\u00edpio a fim de que os vereadores possam conhecer melhor as a\u00e7\u00f5es que est\u00e3o sendo implementadas pelo Governo Municipal. Tamb\u00e9m ser\u00e1 uma reuni\u00e3o no pr\u00f3ximo dia 20, \u00e0s 14h.<\/p>\n<p>*Fonte: CMVC<\/p>\n","protected":false},"excerpt":{"rendered":"<p>Vereadora cobrou que Prefeitura divulgue como ser\u00e3o gastos os R$ 7 milh\u00f5es recebidos diretamente do Governo Federal para enfrentamento a Pandemia. Durante reuni\u00e3o por videoconfer\u00eancia entre a C\u00e2mara Municipal de Vit\u00f3ria da Conquista e a Prefeitura na tarde desta quinta-feira, 16, o presidente da Casa, vereador Luciano Gomes (PCdoB), assegurou que o Poder Legislativo Municipal [&hellip;]<\/p>\n","protected":false},"author":1,"featured_media":91008,"comment_status":"closed","ping_status":"closed","sticky":false,"template":"","format":"standard","meta":[],"categories":[212,5],"tags":[],"_links":{"self":[{"href":"https:\/\/blitzconquista.com.br\/index.php?rest_route=\/wp\/v2\/posts\/91006"}],"collection":[{"href":"https:\/\/blitzconquista.com.br\/index.php?rest_route=\/wp\/v2\/posts"}],"about":[{"href":"https:\/\/blitzconquista.com.br\/index.php?rest_route=\/wp\/v2\/types\/post"}],"author":[{"embeddable":true,"href":"https:\/\/blitzconquista.com.br\/index.php?rest_route=\/wp\/v2\/users\/1"}],"replies":[{"embeddable":true,"href":"https:\/\/blitzconquista.com.br\/index.php?rest_route=%2Fwp%2Fv2%2Fcomments&post=91006"}],"version-history":[{"count":1,"href":"https:\/\/blitzconquista.com.br\/index.php?rest_route=\/wp\/v2\/posts\/91006\/revisions"}],"predecessor-version":[{"id":91009,"href":"https:\/\/blitzconquista.com.br\/index.php?rest_route=\/wp\/v2\/posts\/91006\/revisions\/91009"}],"wp:featuredmedia":[{"embeddable":true,"href":"https:\/\/blitzconquista.com.br\/index.php?rest_route=\/wp\/v2\/media\/91008"}],"wp:attachment":[{"href":"https:\/\/blitzconquista.com.br\/index.php?rest_route=%2Fwp%2Fv2%2Fmedia&parent=91006"}],"wp:term":[{"taxonomy":"category","embeddable":true,"href":"https:\/\/blitzconquista.com.br\/index.php?rest_route=%2Fwp%2Fv2%2Fcategories&post=91006"},{"taxonomy":"post_tag","embeddable":true,"href":"https:\/\/blitzconquista.com.br\/index.php?rest_route=%2Fwp%2Fv2%2Ftags&post=91006"}],"curies":[{"name":"wp","href":"https:\/\/api.w.org\/{rel}","templated":true}]}}