{"id":91014,"date":"2020-04-16T18:41:45","date_gmt":"2020-04-16T21:41:45","guid":{"rendered":"http:\/\/blitzconquista.com.br\/?p=91014"},"modified":"2020-04-16T23:55:14","modified_gmt":"2020-04-17T02:55:14","slug":"471-casos-suspeitos-de-coronavirus-notificados-em-vitoria-da-conquista-diz-prefeitura","status":"publish","type":"post","link":"https:\/\/blitzconquista.com.br\/?p=91014","title":{"rendered":"471 casos suspeitos de Coronav\u00edrus notificados em Vit\u00f3ria da Conquista, diz Prefeitura"},"content":{"rendered":"<p><strong>Munic\u00edpio continua com 20 casos confirmados. Os bairros Centro, Brasil, Recreio, Alto Maron, Urbis VI, Candeias, Primavera e Lagoa das Flores, foram as localidades que registraram casos confirmados de pacientes com Covid-19 no munic\u00edpio.<\/strong><\/p>\n<p><strong>471 casos notificados<\/strong> com suspeita cl\u00ednica e epidemiol\u00f3gica de infec\u00e7\u00e3o pelo Novo Coronav\u00edrus foram registrados em Conquista at\u00e9 o fim da tarde desta quinta-feira (16). At\u00e9 agora, j\u00e1 foram confirmados 20 casos, sendo que 17 evolu\u00edram para cura e 1 evoluiu para \u00f3bito.<\/p>\n<p>De acordo com informa\u00e7\u00f5es da Secretaria Municipal de Sa\u00fade,<strong> 329 casos j\u00e1 foram descartados e outros 122 est\u00e3o em investiga\u00e7\u00e3o<\/strong>, sendo que 61 est\u00e3o aguardando resultado laboratorial e 61 aguardam coleta de amostra para serem enviadas ao Lacen Estadual, em Salvador.<\/p>\n<p>A an\u00e1lise das amostras coletadas dos casos suspeitos notificados no munic\u00edpio, bem como a divulga\u00e7\u00e3o dos resultados dos exames, s\u00e3o feitos pelo Lacen que transmite as informa\u00e7\u00f5es \u00e0 Vigil\u00e2ncia do munic\u00edpio por meio do sistema Gerenciador de Ambiente Laboratorial (GAL).<\/p>\n<p>Os bairros Centro, Brasil, Recreio, Alto Maron, Urbis VI, Candeias, Primavera e Lagoa das Flores, foram as localidades que registraram casos confirmados de pacientes com Covid-19 no munic\u00edpio.<\/p>\n<p><img decoding=\"async\" loading=\"lazy\" class=\"aligncenter wp-image-178483 colorbox-178479\" src=\"http:\/\/www.pmvc.ba.gov.br\/wp-content\/uploads\/16abril.jpeg\" sizes=\"(max-width: 600px) 100vw, 600px\" srcset=\"https:\/\/www.pmvc.ba.gov.br\/wp-content\/uploads\/16abril.jpeg 1200w, https:\/\/www.pmvc.ba.gov.br\/wp-content\/uploads\/16abril-315x315.jpeg 315w, https:\/\/www.pmvc.ba.gov.br\/wp-content\/uploads\/16abril-768x768.jpeg 768w, https:\/\/www.pmvc.ba.gov.br\/wp-content\/uploads\/16abril-680x680.jpeg 680w, https:\/\/www.pmvc.ba.gov.br\/wp-content\/uploads\/16abril-150x150.jpeg 150w\" alt=\"\" width=\"600\" height=\"600\" \/><\/p>\n<p>Ainda de acordo com a Secretaria Municipal de Sa\u00fade, desde o dia 20 de mar\u00e7o a transmiss\u00e3o do novo coronav\u00edrus passou a ser considerada comunit\u00e1ria em todo o territ\u00f3rio nacional, e, por esse motivo, defini\u00e7\u00f5es operacionais foram discutidas com o objetivo de orientar o servi\u00e7o de Vigil\u00e2ncia na identifica\u00e7\u00e3o e notifica\u00e7\u00e3o dos casos de Covid-19. Essas defini\u00e7\u00f5es s\u00e3o orientadas por meio do Guia de Vigil\u00e2ncia Epidemiol\u00f3gica Emerg\u00eancia de Sa\u00fade P\u00fablica de import\u00e2ncia Nacional pela doen\u00e7a da Covid-19 e na <a href=\"http:\/\/www.saude.ba.gov.br\/wp-content\/uploads\/2020\/04\/NT_n%C2%BA-54-SIVEP-GRIPE-E-E-SUS_01_APROVADA.pdf\">Nota T\u00e9cnica COE Sa\u00fade N\u00ba 54 de 8 de abril de 2020<\/a>, da Secretaria de Sa\u00fade do Estado.<\/p>\n<p>A Secretaria Municipal de Sa\u00fade refor\u00e7a a import\u00e2ncia de que, neste momento, a popula\u00e7\u00e3o siga as orienta\u00e7\u00f5es de distanciamento f\u00edsico e isolamento social, mantendo os cuidados de higiene, evitando aglomera\u00e7\u00f5es e, caso apresente sintomas da doen\u00e7a, entre em contato imediatamente com uma Unidade de Sa\u00fade ou com o Call Center.<\/p>\n<p><strong>Call Center \u2013<\/strong>A Secretaria Municipal de Sa\u00fade disponibiliza um Call Center para tirar d\u00favidas da popula\u00e7\u00e3o sobre a Covid-19 e atender pessoas que estiveram em viagem para as \u00e1reas de transmiss\u00e3o ou em contato com pessoas desse perfil, apresentando febre ou, pelo menos, um sintoma respirat\u00f3rio.<\/p>\n<h3>Contatos:<\/h3>\n<ul>\n<li>Telefones fixos: (77) 3429-7451\/3429-7434\/3429-7436<\/li>\n<li>Celulares: (77) 98834-9988\/98834-9900\/98834-9977\/98834-9911<\/li>\n<\/ul>\n","protected":false},"excerpt":{"rendered":"<p>Munic\u00edpio continua com 20 casos confirmados. Os bairros Centro, Brasil, Recreio, Alto Maron, Urbis VI, Candeias, Primavera e Lagoa das Flores, foram as localidades que registraram casos confirmados de pacientes com Covid-19 no munic\u00edpio. 471 casos notificados com suspeita cl\u00ednica e epidemiol\u00f3gica de infec\u00e7\u00e3o pelo Novo Coronav\u00edrus foram registrados em Conquista at\u00e9 o fim da [&hellip;]<\/p>\n","protected":false},"author":1,"featured_media":91016,"comment_status":"closed","ping_status":"closed","sticky":false,"template":"","format":"standard","meta":[],"categories":[212,30],"tags":[],"_links":{"self":[{"href":"https:\/\/blitzconquista.com.br\/index.php?rest_route=\/wp\/v2\/posts\/91014"}],"collection":[{"href":"https:\/\/blitzconquista.com.br\/index.php?rest_route=\/wp\/v2\/posts"}],"about":[{"href":"https:\/\/blitzconquista.com.br\/index.php?rest_route=\/wp\/v2\/types\/post"}],"author":[{"embeddable":true,"href":"https:\/\/blitzconquista.com.br\/index.php?rest_route=\/wp\/v2\/users\/1"}],"replies":[{"embeddable":true,"href":"https:\/\/blitzconquista.com.br\/index.php?rest_route=%2Fwp%2Fv2%2Fcomments&post=91014"}],"version-history":[{"count":1,"href":"https:\/\/blitzconquista.com.br\/index.php?rest_route=\/wp\/v2\/posts\/91014\/revisions"}],"predecessor-version":[{"id":91017,"href":"https:\/\/blitzconquista.com.br\/index.php?rest_route=\/wp\/v2\/posts\/91014\/revisions\/91017"}],"wp:featuredmedia":[{"embeddable":true,"href":"https:\/\/blitzconquista.com.br\/index.php?rest_route=\/wp\/v2\/media\/91016"}],"wp:attachment":[{"href":"https:\/\/blitzconquista.com.br\/index.php?rest_route=%2Fwp%2Fv2%2Fmedia&parent=91014"}],"wp:term":[{"taxonomy":"category","embeddable":true,"href":"https:\/\/blitzconquista.com.br\/index.php?rest_route=%2Fwp%2Fv2%2Fcategories&post=91014"},{"taxonomy":"post_tag","embeddable":true,"href":"https:\/\/blitzconquista.com.br\/index.php?rest_route=%2Fwp%2Fv2%2Ftags&post=91014"}],"curies":[{"name":"wp","href":"https:\/\/api.w.org\/{rel}","templated":true}]}}