{"id":91018,"date":"2020-04-16T21:46:14","date_gmt":"2020-04-17T00:46:14","guid":{"rendered":"http:\/\/blitzconquista.com.br\/?p=91018"},"modified":"2020-04-16T23:52:34","modified_gmt":"2020-04-17T02:52:34","slug":"politicos-de-esquerda-e-direita-lamentam-queda-de-mandetta-mas-congresso-nao-deve-retaliar-agora","status":"publish","type":"post","link":"https:\/\/blitzconquista.com.br\/?p=91018","title":{"rendered":"Pol\u00edticos de esquerda e direita lamentam queda de Mandetta, mas Congresso n\u00e3o deve retaliar agora"},"content":{"rendered":"<p><img decoding=\"async\" loading=\"lazy\" class=\"aligncenter size-full wp-image-91020\" src=\"http:\/\/blitzconquista.com.br\/wp-content\/uploads\/2020\/04\/BB12Kq5W.img_.jpg\" alt=\"\" width=\"799\" height=\"449\" srcset=\"https:\/\/blitzconquista.com.br\/wp-content\/uploads\/2020\/04\/BB12Kq5W.img_.jpg 799w, https:\/\/blitzconquista.com.br\/wp-content\/uploads\/2020\/04\/BB12Kq5W.img_-300x168.jpg 300w, https:\/\/blitzconquista.com.br\/wp-content\/uploads\/2020\/04\/BB12Kq5W.img_-695x391.jpg 695w, https:\/\/blitzconquista.com.br\/wp-content\/uploads\/2020\/04\/BB12Kq5W.img_-768x432.jpg 768w, https:\/\/blitzconquista.com.br\/wp-content\/uploads\/2020\/04\/BB12Kq5W.img_-470x264.jpg 470w, https:\/\/blitzconquista.com.br\/wp-content\/uploads\/2020\/04\/BB12Kq5W.img_-640x360.jpg 640w, https:\/\/blitzconquista.com.br\/wp-content\/uploads\/2020\/04\/BB12Kq5W.img_-215x120.jpg 215w, https:\/\/blitzconquista.com.br\/wp-content\/uploads\/2020\/04\/BB12Kq5W.img_-414x232.jpg 414w\" sizes=\"(max-width: 799px) 100vw, 799px\" \/><\/p>\n<p>Pol\u00edticos de praticamente todas as cores ideol\u00f3gicas lamentaram a sa\u00edda do agora ex-ministro da Sa\u00fade, o m\u00e9dico e ex-deputado federal Luiz Henrique Mandetta.<\/p>\n<p>A percep\u00e7\u00e3o da maioria dos congressistas \u00e9 de que a troca no comando do Minist\u00e9rio da Sa\u00fade no meio da pandemia da covid-19 aumenta os riscos para o pa\u00eds.<\/p>\n<p>A BBC News Brasil conversou nas \u00faltimas horas com uma dezena de pol\u00edticos, a maioria deles l\u00edderes de suas respectivas bancadas no Congresso.<\/p>\n<p>Apesar dos temores provocados pela queda de Mandetta, a maioria deles diz que n\u00e3o \u00e9 hora de o Congresso retaliar o governo por causa da troca. A mudan\u00e7a, afinal, \u00e9 uma prerrogativa do presidente da Rep\u00fablica como chefe do Executivo.<\/p>\n<p>Mandetta anunciou sua sa\u00edda com um post no Twitter. &#8220;Acabo de ouvir do presidente <a href=\"https:\/\/www.bbc.co.uk\/portuguese\/topics\/f21d4493-e3bd-47df-b23c-1d57f0e3e818?xtor=AL-73-%5Bpartner%5D-%5Bmicrosoft%5D-%5Blink%5D-%5Bbrazil%5D-%5Bbizdev%5D-%5Bisapi%5D\" target=\"_blank\" rel=\"noopener noreferrer\" data-id=\"220\" data-m=\"{&quot;i&quot;:220,&quot;p&quot;:212,&quot;n&quot;:&quot;partnerLink&quot;,&quot;y&quot;:24,&quot;o&quot;:8}\">Jair Bolsonaro<\/a> o aviso da minha demiss\u00e3o&#8221;, escreveu ele. A publica\u00e7\u00e3o do ministro recebeu quase 300 mil curtidas na rede social, at\u00e9 o fechamento deste texto.<\/p>\n<blockquote class=\"twitter-tweet\">\n<p dir=\"ltr\" lang=\"pt\">Acabo de ouvir do presidente Jair Bolsonaro o aviso da minha demiss\u00e3o do Minist\u00e9rio da Sa\u00fade.<br \/>\nQuero agradecer a oportunidade que me foi dada, de ser gerente do nosso SUS, de p\u00f4r de p\u00e9 o projeto de melhoria da sa\u00fade dos brasileiros e<\/p>\n<p>\u2014 Henrique Mandetta (@lhmandetta) <a href=\"https:\/\/twitter.com\/lhmandetta\/status\/1250865863755997189?ref_src=twsrc%5Etfw\">April 16, 2020<\/a><\/p><\/blockquote>\n<p><script async src=\"https:\/\/platform.twitter.com\/widgets.js\" charset=\"utf-8\"><\/script><\/p>\n<p>Agora, o ministro deve seguir formulando pol\u00edticas para a \u00e1rea de sa\u00fade em seu partido, o DEM. Ele n\u00e3o dever\u00e1 se tornar secret\u00e1rio de Sa\u00fade do Estado de Goi\u00e1s, apesar de a possibilidade ter sido aventada pelo governador Ronaldo Caiado (DEM), dias atr\u00e1s.<\/p>\n<p>No mesmo instante em que Mandetta concedia uma entrevista a jornalistas no Minist\u00e9rio da Sa\u00fade para anunciar sua demiss\u00e3o, Bolsonaro chamou a imprensa ao Pal\u00e1cio do Planalto para anunciar a substitui\u00e7\u00e3o dele pelo oncologista Nelson Teich.<\/p>\n<p>A exonera\u00e7\u00e3o de Mandetta e a nomea\u00e7\u00e3o de Teich foram oficializadas em uma edi\u00e7\u00e3o extra do Di\u00e1rio Oficial da Uni\u00e3o nesta quinta-feira (16\/04).<\/p>\n<p>*BBC<\/p>\n","protected":false},"excerpt":{"rendered":"<p>Pol\u00edticos de praticamente todas as cores ideol\u00f3gicas lamentaram a sa\u00edda do agora ex-ministro da Sa\u00fade, o m\u00e9dico e ex-deputado federal Luiz Henrique Mandetta. A percep\u00e7\u00e3o da maioria dos congressistas \u00e9 de que a troca no comando do Minist\u00e9rio da Sa\u00fade no meio da pandemia da covid-19 aumenta os riscos para o pa\u00eds. A BBC News [&hellip;]<\/p>\n","protected":false},"author":1,"featured_media":91020,"comment_status":"closed","ping_status":"closed","sticky":false,"template":"","format":"standard","meta":[],"categories":[212,5],"tags":[],"_links":{"self":[{"href":"https:\/\/blitzconquista.com.br\/index.php?rest_route=\/wp\/v2\/posts\/91018"}],"collection":[{"href":"https:\/\/blitzconquista.com.br\/index.php?rest_route=\/wp\/v2\/posts"}],"about":[{"href":"https:\/\/blitzconquista.com.br\/index.php?rest_route=\/wp\/v2\/types\/post"}],"author":[{"embeddable":true,"href":"https:\/\/blitzconquista.com.br\/index.php?rest_route=\/wp\/v2\/users\/1"}],"replies":[{"embeddable":true,"href":"https:\/\/blitzconquista.com.br\/index.php?rest_route=%2Fwp%2Fv2%2Fcomments&post=91018"}],"version-history":[{"count":1,"href":"https:\/\/blitzconquista.com.br\/index.php?rest_route=\/wp\/v2\/posts\/91018\/revisions"}],"predecessor-version":[{"id":91021,"href":"https:\/\/blitzconquista.com.br\/index.php?rest_route=\/wp\/v2\/posts\/91018\/revisions\/91021"}],"wp:featuredmedia":[{"embeddable":true,"href":"https:\/\/blitzconquista.com.br\/index.php?rest_route=\/wp\/v2\/media\/91020"}],"wp:attachment":[{"href":"https:\/\/blitzconquista.com.br\/index.php?rest_route=%2Fwp%2Fv2%2Fmedia&parent=91018"}],"wp:term":[{"taxonomy":"category","embeddable":true,"href":"https:\/\/blitzconquista.com.br\/index.php?rest_route=%2Fwp%2Fv2%2Fcategories&post=91018"},{"taxonomy":"post_tag","embeddable":true,"href":"https:\/\/blitzconquista.com.br\/index.php?rest_route=%2Fwp%2Fv2%2Ftags&post=91018"}],"curies":[{"name":"wp","href":"https:\/\/api.w.org\/{rel}","templated":true}]}}