{"id":91026,"date":"2020-04-16T22:57:38","date_gmt":"2020-04-17T01:57:38","guid":{"rendered":"http:\/\/blitzconquista.com.br\/?p=91026"},"modified":"2020-04-17T00:12:17","modified_gmt":"2020-04-17T03:12:17","slug":"comercio-deve-permanecer-fechado-na-proxima-semana-sinaliza-prefeito-de-conquista","status":"publish","type":"post","link":"https:\/\/blitzconquista.com.br\/?p=91026","title":{"rendered":"Com\u00e9rcio deve permanecer fechado na pr\u00f3xima semana, sinaliza Prefeito de Conquista"},"content":{"rendered":"<p><img decoding=\"async\" loading=\"lazy\" class=\"aligncenter size-full wp-image-91030\" src=\"http:\/\/blitzconquista.com.br\/wp-content\/uploads\/2020\/04\/comercio-fechado-conquista.jpg\" alt=\"\" width=\"1280\" height=\"960\" srcset=\"https:\/\/blitzconquista.com.br\/wp-content\/uploads\/2020\/04\/comercio-fechado-conquista.jpg 1280w, https:\/\/blitzconquista.com.br\/wp-content\/uploads\/2020\/04\/comercio-fechado-conquista-300x225.jpg 300w, https:\/\/blitzconquista.com.br\/wp-content\/uploads\/2020\/04\/comercio-fechado-conquista-695x521.jpg 695w, https:\/\/blitzconquista.com.br\/wp-content\/uploads\/2020\/04\/comercio-fechado-conquista-768x576.jpg 768w, https:\/\/blitzconquista.com.br\/wp-content\/uploads\/2020\/04\/comercio-fechado-conquista-74x55.jpg 74w, https:\/\/blitzconquista.com.br\/wp-content\/uploads\/2020\/04\/comercio-fechado-conquista-111x83.jpg 111w, https:\/\/blitzconquista.com.br\/wp-content\/uploads\/2020\/04\/comercio-fechado-conquista-215x161.jpg 215w, https:\/\/blitzconquista.com.br\/wp-content\/uploads\/2020\/04\/comercio-fechado-conquista-990x743.jpg 990w\" sizes=\"(max-width: 1280px) 100vw, 1280px\" \/><\/p>\n<p>Em publica\u00e7\u00e3o no site oficial da Prefeitura, o prefeito de Vit\u00f3ria da Conquista, Herzem Gusm\u00e3o Pereira, sinalizou que deve manter o decreto que determina o fechamento do com\u00e9rcio. A medida \u00e9 considerada a mais eficaz para conter a pandemia do Coronav\u00edrus, segundo as principais autoridades sanit\u00e1rias brasileiras.<\/p>\n<p>De acordo com a Prefeitura, em reuni\u00e3o da FNP (Frente Nacional de Prefeitos), Jonas Donizete (Campinas-SP), presidente da FNP declarou: \u201cSe os prefeitos abrem, a Justi\u00e7a manda fechar\u201d<\/p>\n<p>O Presidente da FNP teria dito que os munic\u00edpios que t\u00eam autorizado a reabertura do com\u00e9rcio s\u00e3o, imediatamente, acionados pelo Minist\u00e9rio P\u00fablico que determina o fechamento das lojas. Em muitos casos, as a\u00e7\u00f5es chegam \u00e0 Justi\u00e7a Federal, que tem acatado todas as a\u00e7\u00f5es do MP.<\/p>\n<p>S\u00e3o in\u00fameros os casos no pa\u00eds: Farroupilha, no Rio Grande do Sul; Altamira, no Par\u00e1 e S\u00e3o Jo\u00e3o do Iva\u00ed, no Paran\u00e1, s\u00e3o exemplos. A cidade de Volta Redonda, no Rio de Janeiro, cujo prefeito n\u00e3o determinou o fechamento do com\u00e9rcio, teve que baixar as portas das lojas por decis\u00e3o judicial.<\/p>\n<p><img decoding=\"async\" loading=\"lazy\" class=\"aligncenter size-full wp-image-91031\" src=\"http:\/\/blitzconquista.com.br\/wp-content\/uploads\/2020\/04\/luto-comercio-fechado.jpg\" alt=\"\" width=\"1280\" height=\"960\" srcset=\"https:\/\/blitzconquista.com.br\/wp-content\/uploads\/2020\/04\/luto-comercio-fechado.jpg 1280w, https:\/\/blitzconquista.com.br\/wp-content\/uploads\/2020\/04\/luto-comercio-fechado-300x225.jpg 300w, https:\/\/blitzconquista.com.br\/wp-content\/uploads\/2020\/04\/luto-comercio-fechado-695x521.jpg 695w, https:\/\/blitzconquista.com.br\/wp-content\/uploads\/2020\/04\/luto-comercio-fechado-768x576.jpg 768w, https:\/\/blitzconquista.com.br\/wp-content\/uploads\/2020\/04\/luto-comercio-fechado-74x55.jpg 74w, https:\/\/blitzconquista.com.br\/wp-content\/uploads\/2020\/04\/luto-comercio-fechado-111x83.jpg 111w, https:\/\/blitzconquista.com.br\/wp-content\/uploads\/2020\/04\/luto-comercio-fechado-215x161.jpg 215w, https:\/\/blitzconquista.com.br\/wp-content\/uploads\/2020\/04\/luto-comercio-fechado-990x743.jpg 990w\" sizes=\"(max-width: 1280px) 100vw, 1280px\" \/><\/p>\n<p>O Prefeito Pereira Gusm\u00e3o disse que o munic\u00edpio tem &#8220;seguido e ouvido atentamente as determina\u00e7\u00f5es do Minist\u00e9rio da Sa\u00fade e do Conselho Nacional de Sa\u00fade&#8221;, sinalizado que o com\u00e9rcio deve permanecer fechado at\u00e9 que as autoridades sanit\u00e1rias tenham posi\u00e7\u00e3o contraria ao isolamento horizontal, mesmo com protestos de muitos empres\u00e1rios e comerciantes locais.<\/p>\n<p>*Com informa\u00e7\u00f5es da Secom<\/p>\n","protected":false},"excerpt":{"rendered":"<p>Em publica\u00e7\u00e3o no site oficial da Prefeitura, o prefeito de Vit\u00f3ria da Conquista, Herzem Gusm\u00e3o Pereira, sinalizou que deve manter o decreto que determina o fechamento do com\u00e9rcio. A medida \u00e9 considerada a mais eficaz para conter a pandemia do Coronav\u00edrus, segundo as principais autoridades sanit\u00e1rias brasileiras. De acordo com a Prefeitura, em reuni\u00e3o da [&hellip;]<\/p>\n","protected":false},"author":1,"featured_media":91030,"comment_status":"closed","ping_status":"closed","sticky":false,"template":"","format":"standard","meta":[],"categories":[4,212],"tags":[],"_links":{"self":[{"href":"https:\/\/blitzconquista.com.br\/index.php?rest_route=\/wp\/v2\/posts\/91026"}],"collection":[{"href":"https:\/\/blitzconquista.com.br\/index.php?rest_route=\/wp\/v2\/posts"}],"about":[{"href":"https:\/\/blitzconquista.com.br\/index.php?rest_route=\/wp\/v2\/types\/post"}],"author":[{"embeddable":true,"href":"https:\/\/blitzconquista.com.br\/index.php?rest_route=\/wp\/v2\/users\/1"}],"replies":[{"embeddable":true,"href":"https:\/\/blitzconquista.com.br\/index.php?rest_route=%2Fwp%2Fv2%2Fcomments&post=91026"}],"version-history":[{"count":1,"href":"https:\/\/blitzconquista.com.br\/index.php?rest_route=\/wp\/v2\/posts\/91026\/revisions"}],"predecessor-version":[{"id":91032,"href":"https:\/\/blitzconquista.com.br\/index.php?rest_route=\/wp\/v2\/posts\/91026\/revisions\/91032"}],"wp:featuredmedia":[{"embeddable":true,"href":"https:\/\/blitzconquista.com.br\/index.php?rest_route=\/wp\/v2\/media\/91030"}],"wp:attachment":[{"href":"https:\/\/blitzconquista.com.br\/index.php?rest_route=%2Fwp%2Fv2%2Fmedia&parent=91026"}],"wp:term":[{"taxonomy":"category","embeddable":true,"href":"https:\/\/blitzconquista.com.br\/index.php?rest_route=%2Fwp%2Fv2%2Fcategories&post=91026"},{"taxonomy":"post_tag","embeddable":true,"href":"https:\/\/blitzconquista.com.br\/index.php?rest_route=%2Fwp%2Fv2%2Ftags&post=91026"}],"curies":[{"name":"wp","href":"https:\/\/api.w.org\/{rel}","templated":true}]}}