{"id":91036,"date":"2020-04-16T22:17:39","date_gmt":"2020-04-17T01:17:39","guid":{"rendered":"http:\/\/blitzconquista.com.br\/?p=91036"},"modified":"2020-04-17T00:25:27","modified_gmt":"2020-04-17T03:25:27","slug":"novo-ministro-fala-sobre-programa-de-teste-e-descarta-definicoes-bruscas","status":"publish","type":"post","link":"https:\/\/blitzconquista.com.br\/?p=91036","title":{"rendered":"Novo ministro fala sobre programa de teste e descarta \u2018defini\u00e7\u00f5es bruscas\u2019"},"content":{"rendered":"<p><strong>Com ideia incipiente, Teich afirmou que ainda \u00e9 preciso definir melhor forma e amostra ideal para o programa de teste do coronav\u00edrus<\/strong><\/p>\n<figure id=\"attachment_91038\" aria-describedby=\"caption-attachment-91038\" style=\"width: 600px\" class=\"wp-caption aligncenter\"><img decoding=\"async\" loading=\"lazy\" class=\"size-full wp-image-91038\" src=\"http:\/\/blitzconquista.com.br\/wp-content\/uploads\/2020\/04\/bahia-ba-nelson-teich-bolsonaro-foto-marcello-casal-jr-foto-abr.jpg\" alt=\"\" width=\"600\" height=\"421\" srcset=\"https:\/\/blitzconquista.com.br\/wp-content\/uploads\/2020\/04\/bahia-ba-nelson-teich-bolsonaro-foto-marcello-casal-jr-foto-abr.jpg 600w, https:\/\/blitzconquista.com.br\/wp-content\/uploads\/2020\/04\/bahia-ba-nelson-teich-bolsonaro-foto-marcello-casal-jr-foto-abr-300x211.jpg 300w\" sizes=\"(max-width: 600px) 100vw, 600px\" \/><figcaption id=\"caption-attachment-91038\" class=\"wp-caption-text\">O presidente Jair Bolsonaro e o novo ministro da Sa\u00fade, Nelson Teich, durante pronunciamento no Pal\u00e1cio do Planalto<\/figcaption><\/figure>\n<p>O novo ministro da Sa\u00fade, Nelson Teisch, chega \u00e0 Esplanada de Minist\u00e9rio de Jair Bolsonaro com a defesa de um \u201cprograma de teste\u201d para conhecer a doen\u00e7a causada pelo novo coronav\u00edrus. A ideia do m\u00e9dico oncologista, com atua\u00e7\u00e3o no mercado empresarial, \u00e9 reunir o Sistema \u00danico de Sa\u00fade, a rede de Sa\u00fade Suplementar e empres\u00e1rios em um \u201cgrande programa\u201d.<\/p>\n<p>A ideia ainda \u00e9 incipiente, j\u00e1 que, segundo o pr\u00f3prio Teich, \u00e9 preciso definir a melhor forma, qual a amostra ideal, se pacientes sintom\u00e1ticos ou assintom\u00e1ticos. Mas a expectativa \u00e9 grande.<\/p>\n<p>\u201cIsso vai gerar a capacidade de entender o problema e definir a\u00e7\u00f5es, conseguir controlar o que est\u00e1 acontecendo hoje\u201d, disse ele, em pronunciamento nesta quinta-feira (16).<\/p>\n<p>Sobre as medidas de distanciamento social, ponto de conflito entre o presidente Jair Bolsonaro e o <a href=\"http:\/\/blitzconquista.com.br\/politicos-de-esquerda-e-direita-lamentam-queda-de-mandetta-mas-congresso-nao-deve-retaliar-agora\/\">ex-ministro Luiz Henrique Mandetta<\/a>, Teich evitou dar certezas. Em suas pr\u00f3prias palavras, n\u00e3o existe \u201cqualquer defini\u00e7\u00e3o brusca\u201d.<\/p>\n<p>O ministro acredita ser necess\u00e1rio avaliar de acordo com as informa\u00e7\u00f5es reunidas no dia sobre como as pessoas est\u00e3o reagindo. A partir disso, se poderia entender o momento e definir qual a melhor forma de isolamento. A decis\u00e3o, ele voltou a dizer, precisa ser baseada em \u201cinforma\u00e7\u00e3o s\u00f3lida\u201d.<\/p>\n<p><strong>T\u00e9cnica e ci\u00eancia<\/strong><\/p>\n<p>Outro aspecto bastante defendido pelo presidente Bolsonaro \u00e9 o rem\u00e9dio que seria a cura da Covid-19, a hidroxicloroquina. Embora n\u00e3o haja qualquer certeza quanto \u00e0 efic\u00e1cia da subst\u00e2ncia, porque ainda est\u00e3o sendo feitos estudos com a medica\u00e7\u00e3o, o presidente toma essa como argumento para tranquilizar a popula\u00e7\u00e3o diante da pandemia de coronav\u00edrus. O novo ministro da Sa\u00fade, em pronunciamento nesta quinta (16), garantiu que vai tratar o assunto de forma t\u00e9cnica.<\/p>\n<p>\u201cTudo aqui vai ser tratado de forma t\u00e9cnica e cient\u00edfica. (\u2026) disponibilizar o que existe hoje em termos de vacina e tratamento dentro de coisas que funcionem como projeto de pesquisa. Permite que colha o maior n\u00famero de informa\u00e7\u00e3o no menor espa\u00e7o de tempo\u201d, afirmou.<\/p>\n<p><strong>Sa\u00fade e economia<\/strong><\/p>\n<p>Com atua\u00e7\u00e3o nos dois lados, o novo ministro da Sa\u00fade, Nelson Teich, tem um discurso pacificador quanto \u00e0 rela\u00e7\u00e3o entre sa\u00fade e economia. Para ele, colocar ambos como oposi\u00e7\u00e3o \u00e9 polarizar setores que s\u00e3o \u201ccompletamente complementares\u201d. Para o m\u00e9dico oncologista, n\u00e3o \u00e9 produtivo tratar como se fosse minimamente \u201cpessoas versus dinheiro\u201d ou \u201cempregos versus pessoas doentes\u201d, ainda que na pr\u00e1tica o cen\u00e1rio pare\u00e7a se desenhar nesse sentido.<\/p>\n<p>O ministro cita os determinantes sociais na sa\u00fade, que re\u00fane o cuidado com a sa\u00fade, estabilidade econ\u00f4mica e educa\u00e7\u00e3o. O desenvolvimento econ\u00f4mico \u00e9 importante porque, na avalia\u00e7\u00e3o de Teich, \u201carrasta\u201d outros investimentos. \u201cE isso tem impacto na expectativa de vida da sociedade\u201d, afirmou.<\/p>\n<p>*Bahia.ba<\/p>\n","protected":false},"excerpt":{"rendered":"<p>Com ideia incipiente, Teich afirmou que ainda \u00e9 preciso definir melhor forma e amostra ideal para o programa de teste do coronav\u00edrus O novo ministro da Sa\u00fade, Nelson Teisch, chega \u00e0 Esplanada de Minist\u00e9rio de Jair Bolsonaro com a defesa de um \u201cprograma de teste\u201d para conhecer a doen\u00e7a causada pelo novo coronav\u00edrus. A ideia [&hellip;]<\/p>\n","protected":false},"author":1,"featured_media":91038,"comment_status":"closed","ping_status":"closed","sticky":false,"template":"","format":"standard","meta":[],"categories":[5],"tags":[],"_links":{"self":[{"href":"https:\/\/blitzconquista.com.br\/index.php?rest_route=\/wp\/v2\/posts\/91036"}],"collection":[{"href":"https:\/\/blitzconquista.com.br\/index.php?rest_route=\/wp\/v2\/posts"}],"about":[{"href":"https:\/\/blitzconquista.com.br\/index.php?rest_route=\/wp\/v2\/types\/post"}],"author":[{"embeddable":true,"href":"https:\/\/blitzconquista.com.br\/index.php?rest_route=\/wp\/v2\/users\/1"}],"replies":[{"embeddable":true,"href":"https:\/\/blitzconquista.com.br\/index.php?rest_route=%2Fwp%2Fv2%2Fcomments&post=91036"}],"version-history":[{"count":1,"href":"https:\/\/blitzconquista.com.br\/index.php?rest_route=\/wp\/v2\/posts\/91036\/revisions"}],"predecessor-version":[{"id":91039,"href":"https:\/\/blitzconquista.com.br\/index.php?rest_route=\/wp\/v2\/posts\/91036\/revisions\/91039"}],"wp:featuredmedia":[{"embeddable":true,"href":"https:\/\/blitzconquista.com.br\/index.php?rest_route=\/wp\/v2\/media\/91038"}],"wp:attachment":[{"href":"https:\/\/blitzconquista.com.br\/index.php?rest_route=%2Fwp%2Fv2%2Fmedia&parent=91036"}],"wp:term":[{"taxonomy":"category","embeddable":true,"href":"https:\/\/blitzconquista.com.br\/index.php?rest_route=%2Fwp%2Fv2%2Fcategories&post=91036"},{"taxonomy":"post_tag","embeddable":true,"href":"https:\/\/blitzconquista.com.br\/index.php?rest_route=%2Fwp%2Fv2%2Ftags&post=91036"}],"curies":[{"name":"wp","href":"https:\/\/api.w.org\/{rel}","templated":true}]}}