{"id":91044,"date":"2020-04-16T22:30:41","date_gmt":"2020-04-17T01:30:41","guid":{"rendered":"http:\/\/blitzconquista.com.br\/?p=91044"},"modified":"2020-04-17T00:31:46","modified_gmt":"2020-04-17T03:31:46","slug":"bancada-do-pt-pede-suspensao-do-enem-2020-a-procuradoria-federal-dos-direitos-do-cidadao","status":"publish","type":"post","link":"https:\/\/blitzconquista.com.br\/?p=91044","title":{"rendered":"Bancada do PT pede suspens\u00e3o do ENEM 2020 \u00e0 procuradoria federal dos direitos do cidad\u00e3o"},"content":{"rendered":"<p><img decoding=\"async\" loading=\"lazy\" class=\"aligncenter size-full wp-image-91046\" src=\"http:\/\/blitzconquista.com.br\/wp-content\/uploads\/2020\/04\/n\u00facleo-de-educa\u00e7\u00e3o.jpg\" alt=\"\" width=\"780\" height=\"440\" srcset=\"https:\/\/blitzconquista.com.br\/wp-content\/uploads\/2020\/04\/n\u00facleo-de-educa\u00e7\u00e3o.jpg 780w, https:\/\/blitzconquista.com.br\/wp-content\/uploads\/2020\/04\/n\u00facleo-de-educa\u00e7\u00e3o-300x168.jpg 300w, https:\/\/blitzconquista.com.br\/wp-content\/uploads\/2020\/04\/n\u00facleo-de-educa\u00e7\u00e3o-695x392.jpg 695w, https:\/\/blitzconquista.com.br\/wp-content\/uploads\/2020\/04\/n\u00facleo-de-educa\u00e7\u00e3o-768x433.jpg 768w, https:\/\/blitzconquista.com.br\/wp-content\/uploads\/2020\/04\/n\u00facleo-de-educa\u00e7\u00e3o-470x264.jpg 470w, https:\/\/blitzconquista.com.br\/wp-content\/uploads\/2020\/04\/n\u00facleo-de-educa\u00e7\u00e3o-640x360.jpg 640w, https:\/\/blitzconquista.com.br\/wp-content\/uploads\/2020\/04\/n\u00facleo-de-educa\u00e7\u00e3o-215x120.jpg 215w\" sizes=\"(max-width: 780px) 100vw, 780px\" \/><\/p>\n<p>A suspens\u00e3o do ENEM 2020 foi solicitada \u00e0 Procuradoria Federal dos Direitos do Cidad\u00e3o, em of\u00edcio encaminhado nesta \u00faltima quarta-feira (15), assinado pela bancada federal petista e o N\u00facleo de Educa\u00e7\u00e3o e Cultura do PT no Congresso Nacional, que re\u00fane senadores, deputados e representantes de entidades das duas \u00e1reas. O documento foi encaminhado \u00e0 procuradora Deborah Macedo Duprat de Britto Pereira.<\/p>\n<p>Como coordenador do N\u00facleo de Educa\u00e7\u00e3o do PT, o deputado Waldenor Pereira explicou o motivo do pedido da suspens\u00e3o do exame: \u201cMantidas as datas fixadas pelo MEC para inscri\u00e7\u00e3o e realiza\u00e7\u00e3o das provas do ENEM 2020, isso configurar\u00e1 como um est\u00edmulo a amplia\u00e7\u00e3o das desigualdades educacionais, pois a incompatibilidade do calend\u00e1rio escolar e dificuldades de acesso \u00e0 internet durante a pandemia impedir\u00e3o que milh\u00f5es de estudantes brasileiros participem do exame\u201d.<\/p>\n<p>De acordo com o of\u00edcio, iniciar as a\u00e7\u00f5es de execu\u00e7\u00e3o do ENEM sem considerar a realidade imposta por uma trag\u00e9dia ocorrida por uma pandemia e as suas consequ\u00eancias \u201c\u00e9 no m\u00ednimo um ato descabido, sendo leve na adjetiva\u00e7\u00e3o, de um gestor\u201d, al\u00e9m de contr\u00e1rio aos princ\u00edpios constitucionais de igualdade de condi\u00e7\u00f5es para acesso e perman\u00eancia na escola e garantia de padr\u00e3o de qualidade.<\/p>\n<p>\u201cOs alunos da rede privada, na maioria dos casos est\u00e3o tendo aulas \u00e0 dist\u00e2ncia, mas nem todas. As da rede p\u00fablica nem poderiam contar com esta possibilidade, por esta ser uma das situa\u00e7\u00f5es proporcionadas pela desigualdade. O acesso a tecnologias tanto das escolas, quanto dos profissionais da educa\u00e7\u00e3o e dos alunos das redes p\u00fablicas \u00e9 inexistente para considerar a possibilidade de educa\u00e7\u00e3o a dist\u00e2ncia como uma solu\u00e7\u00e3o ao per\u00edodo de isolamento e suspens\u00e3o das aulas\u201d, diz o documento.<\/p>\n<p>Para agravar a situa\u00e7\u00e3o, em 42% das casas do pa\u00eds n\u00e3o existem computadores e mesmo tendo um \u00edndice alto de acesso a internet ela n\u00e3o tem capacidade para al\u00e9m de redes sociais. \u201cPortanto a oferta de educa\u00e7\u00e3o \u00e0 dist\u00e2ncia para este per\u00edodo de pandemia \u00e9 excludente, n\u00e3o oferece igualdade de condi\u00e7\u00f5es de acesso e qualidade a educa\u00e7\u00e3o\u201d. Al\u00e9m disso, o of\u00edcio destaca as condi\u00e7\u00f5es desiguais dos ambientes dom\u00e9sticos inadequados aos estudos, afetando a concentra\u00e7\u00e3o, o foco e a organiza\u00e7\u00e3o, agravadas pelo isolamento diante da pandemia.<\/p>\n<p>O documento \u00e9 assinado por Waldenor Pereira, pelo l\u00edder da bancada federal, Enio Verri (PT\/PR) e os deputados Airton Faleiro (PA), Alencar Santana Braga (SP), Jos\u00e9 Guimar\u00e3es (CE), Jos\u00e9 Ricardo (AM), Margarida Salom\u00e3o (MG), Maria do Ros\u00e1rio (RS), Nat\u00e1lia Bonavides (RN) , Dep. Patrus Ananias (MG) Pedro Uczai (SC), Professora Rosa Neide (MT), Reginaldo Lopes (MG), Rejane Dias (PI), Rog\u00e9rio Correia (MG) e Zeca Dirceu (PR).<img decoding=\"async\" loading=\"lazy\" class=\"aligncenter size-full wp-image-91046\" src=\"http:\/\/blitzconquista.com.br\/wp-content\/uploads\/2020\/04\/n\u00facleo-de-educa\u00e7\u00e3o.jpg\" alt=\"\" width=\"780\" height=\"440\" srcset=\"https:\/\/blitzconquista.com.br\/wp-content\/uploads\/2020\/04\/n\u00facleo-de-educa\u00e7\u00e3o.jpg 780w, https:\/\/blitzconquista.com.br\/wp-content\/uploads\/2020\/04\/n\u00facleo-de-educa\u00e7\u00e3o-300x168.jpg 300w, https:\/\/blitzconquista.com.br\/wp-content\/uploads\/2020\/04\/n\u00facleo-de-educa\u00e7\u00e3o-695x392.jpg 695w, https:\/\/blitzconquista.com.br\/wp-content\/uploads\/2020\/04\/n\u00facleo-de-educa\u00e7\u00e3o-768x433.jpg 768w, https:\/\/blitzconquista.com.br\/wp-content\/uploads\/2020\/04\/n\u00facleo-de-educa\u00e7\u00e3o-470x264.jpg 470w, https:\/\/blitzconquista.com.br\/wp-content\/uploads\/2020\/04\/n\u00facleo-de-educa\u00e7\u00e3o-640x360.jpg 640w, https:\/\/blitzconquista.com.br\/wp-content\/uploads\/2020\/04\/n\u00facleo-de-educa\u00e7\u00e3o-215x120.jpg 215w\" sizes=\"(max-width: 780px) 100vw, 780px\" \/><\/p>\n","protected":false},"excerpt":{"rendered":"<p>A suspens\u00e3o do ENEM 2020 foi solicitada \u00e0 Procuradoria Federal dos Direitos do Cidad\u00e3o, em of\u00edcio encaminhado nesta \u00faltima quarta-feira (15), assinado pela bancada federal petista e o N\u00facleo de Educa\u00e7\u00e3o e Cultura do PT no Congresso Nacional, que re\u00fane senadores, deputados e representantes de entidades das duas \u00e1reas. O documento foi encaminhado \u00e0 procuradora [&hellip;]<\/p>\n","protected":false},"author":1,"featured_media":91046,"comment_status":"closed","ping_status":"closed","sticky":false,"template":"","format":"standard","meta":[],"categories":[5],"tags":[],"_links":{"self":[{"href":"https:\/\/blitzconquista.com.br\/index.php?rest_route=\/wp\/v2\/posts\/91044"}],"collection":[{"href":"https:\/\/blitzconquista.com.br\/index.php?rest_route=\/wp\/v2\/posts"}],"about":[{"href":"https:\/\/blitzconquista.com.br\/index.php?rest_route=\/wp\/v2\/types\/post"}],"author":[{"embeddable":true,"href":"https:\/\/blitzconquista.com.br\/index.php?rest_route=\/wp\/v2\/users\/1"}],"replies":[{"embeddable":true,"href":"https:\/\/blitzconquista.com.br\/index.php?rest_route=%2Fwp%2Fv2%2Fcomments&post=91044"}],"version-history":[{"count":1,"href":"https:\/\/blitzconquista.com.br\/index.php?rest_route=\/wp\/v2\/posts\/91044\/revisions"}],"predecessor-version":[{"id":91047,"href":"https:\/\/blitzconquista.com.br\/index.php?rest_route=\/wp\/v2\/posts\/91044\/revisions\/91047"}],"wp:featuredmedia":[{"embeddable":true,"href":"https:\/\/blitzconquista.com.br\/index.php?rest_route=\/wp\/v2\/media\/91046"}],"wp:attachment":[{"href":"https:\/\/blitzconquista.com.br\/index.php?rest_route=%2Fwp%2Fv2%2Fmedia&parent=91044"}],"wp:term":[{"taxonomy":"category","embeddable":true,"href":"https:\/\/blitzconquista.com.br\/index.php?rest_route=%2Fwp%2Fv2%2Fcategories&post=91044"},{"taxonomy":"post_tag","embeddable":true,"href":"https:\/\/blitzconquista.com.br\/index.php?rest_route=%2Fwp%2Fv2%2Ftags&post=91044"}],"curies":[{"name":"wp","href":"https:\/\/api.w.org\/{rel}","templated":true}]}}