{"id":91051,"date":"2020-04-17T10:00:16","date_gmt":"2020-04-17T13:00:16","guid":{"rendered":"http:\/\/blitzconquista.com.br\/?p=91051"},"modified":"2020-04-17T00:42:09","modified_gmt":"2020-04-17T03:42:09","slug":"um-retrato-da-extrema-pobreza-em-conquista-em-tempos-de-pandemia","status":"publish","type":"post","link":"https:\/\/blitzconquista.com.br\/?p=91051","title":{"rendered":"Um retrato da extrema pobreza em Conquista em tempos de pandemia"},"content":{"rendered":"<p><strong><span class=\"olho\">Uma parte das fam\u00edlias da cidade vive sem renda fixa, depende de programas sociais, como Bolsa Fam\u00edlia, e a merenda escolar \u00e9 o \u00fanico alimento garantido dos filhos<\/span><\/strong><\/p>\n<p><img decoding=\"async\" loading=\"lazy\" class=\"aligncenter size-full wp-image-91053\" src=\"http:\/\/blitzconquista.com.br\/wp-content\/uploads\/2020\/04\/DSCN7393-1110x450-1.jpg\" alt=\"\" width=\"1110\" height=\"450\" srcset=\"https:\/\/blitzconquista.com.br\/wp-content\/uploads\/2020\/04\/DSCN7393-1110x450-1.jpg 1110w, https:\/\/blitzconquista.com.br\/wp-content\/uploads\/2020\/04\/DSCN7393-1110x450-1-300x122.jpg 300w, https:\/\/blitzconquista.com.br\/wp-content\/uploads\/2020\/04\/DSCN7393-1110x450-1-695x282.jpg 695w, https:\/\/blitzconquista.com.br\/wp-content\/uploads\/2020\/04\/DSCN7393-1110x450-1-768x311.jpg 768w, https:\/\/blitzconquista.com.br\/wp-content\/uploads\/2020\/04\/DSCN7393-1110x450-1-990x401.jpg 990w\" sizes=\"(max-width: 1110px) 100vw, 1110px\" \/><\/p>\n<p><a href=\"https:\/\/avoador.com.br\/pagina-central\/um-retrato-da-extrema-pobreza-em-conquista-em-tempos-de-pandemia\/\">Avoador<\/a> &#8211; A aproximadamente 10 metros da Base Comunit\u00e1ria de Seguran\u00e7a do bairro Nova Cidade, em Vit\u00f3ria da Conquista, fica a resid\u00eancia de Bruna Jesus Santos, 26 anos. Quem nos levou at\u00e9 ela foi o pequeno Carlos Henrique*, 11, um de seus cinco filhos. O encontramos por volta das 12 horas da \u00faltima ter\u00e7a-feira, 14, na rua, onde seguia para casa de p\u00e9s descal\u00e7os no ch\u00e3o de asfalto, junto com a sua prima J\u00e9ssica*, 10.<\/p>\n<p>Em dias normais nesse hor\u00e1rio, os dois estariam deixando a Escola Municipal Ant\u00f4nio Helder Thomaz, onde estudam. As aulas, contudo, <a href=\"https:\/\/www.pmvc.ba.gov.br\/escolas-fechadas-e-eventos-publicos-suspensos-prefeito-amplia-atraves-de-decreto-prevencao-ao-coronavirus-em-conquista\/\">foram suspensas desde o dia 18 de mar\u00e7o<\/a>, por conta da pandemia do novo coronav\u00edrus. O decreto de suspens\u00e3o havia sido publicado dois dias antes, mas Bruna conta que a fam\u00edlia s\u00f3 ficou sabendo da informa\u00e7\u00e3o quando as crian\u00e7as se depararam com um aviso colocado na entrada da institui\u00e7\u00e3o, no dia 17.<\/p>\n<div id=\"attachment_7605\" class=\"wp-caption alignnone\"><img decoding=\"async\" loading=\"lazy\" class=\"wp-image-7605 size-full lazyloaded\" src=\"https:\/\/avoador.com.br\/wp-content\/uploads\/2020\/04\/DSCN7429.jpg\" sizes=\"(max-width: 1200px) 100vw, 1200px\" srcset=\"https:\/\/avoador.com.br\/wp-content\/uploads\/2020\/04\/DSCN7429.jpg 1200w, https:\/\/avoador.com.br\/wp-content\/uploads\/2020\/04\/DSCN7429-300x225.jpg 300w, https:\/\/avoador.com.br\/wp-content\/uploads\/2020\/04\/DSCN7429-980x735.jpg 980w\" alt=\"pobreza em tempos de pandemia\" width=\"1200\" height=\"900\" aria-describedby=\"caption-attachment-7605\" data-attachment-id=\"7605\" data-permalink=\"https:\/\/avoador.com.br\/pagina-central\/um-retrato-da-extrema-pobreza-em-conquista-em-tempos-de-pandemia\/attachment\/dscn7429\/\" data-orig-file=\"https:\/\/avoador.com.br\/wp-content\/uploads\/2020\/04\/DSCN7429.jpg\" data-orig-size=\"1200,900\" data-comments-opened=\"1\" data-image-meta=\"{&quot;aperture&quot;:&quot;0&quot;,&quot;credit&quot;:&quot;&quot;,&quot;camera&quot;:&quot;&quot;,&quot;caption&quot;:&quot;&quot;,&quot;created_timestamp&quot;:&quot;0&quot;,&quot;copyright&quot;:&quot;&quot;,&quot;focal_length&quot;:&quot;0&quot;,&quot;iso&quot;:&quot;0&quot;,&quot;shutter_speed&quot;:&quot;0&quot;,&quot;title&quot;:&quot;&quot;,&quot;orientation&quot;:&quot;0&quot;}\" data-image-title=\"DSCN7429\" data-image-description=\"\" data-medium-file=\"https:\/\/avoador.com.br\/wp-content\/uploads\/2020\/04\/DSCN7429-300x225.jpg\" data-large-file=\"https:\/\/avoador.com.br\/wp-content\/uploads\/2020\/04\/DSCN7429-980x735.jpg\" data-lazy-srcset=\"https:\/\/avoador.com.br\/wp-content\/uploads\/2020\/04\/DSCN7429.jpg 1200w, https:\/\/avoador.com.br\/wp-content\/uploads\/2020\/04\/DSCN7429-300x225.jpg 300w, https:\/\/avoador.com.br\/wp-content\/uploads\/2020\/04\/DSCN7429-980x735.jpg 980w\" data-lazy-sizes=\"(max-width: 1200px) 100vw, 1200px\" data-lazy-src=\"https:\/\/avoador.com.br\/wp-content\/uploads\/2020\/04\/DSCN7429.jpg\" data-was-processed=\"true\" \/><\/p>\n<p id=\"caption-attachment-7605\" class=\"wp-caption-text\">Base Comunit\u00e1ria de Seguran\u00e7a do Nova Cidade, bairro onde moram Bruna e sua fam\u00edlia. Foto: Afonso Ribas.<\/p>\n<\/div>\n<p>No casebre de tr\u00eas c\u00f4modos onde vive com os filhos e o marido, ningu\u00e9m tem celular, muito menos acesso \u00e0 internet. Bruna nos recebe com um ar de estranheza e curiosidade. Tamb\u00e9m demonstra vergonha, mas nos convida a entrar, enquanto segura no colo o ca\u00e7ula, de apenas dois anos. Uma pequena \u00e1rea repleta de m\u00f3veis e eletrodom\u00e9sticos quebrados separa o port\u00e3o de entrada da porta da sala. Esta tem seu espa\u00e7o preenchido por dois sof\u00e1s velhos, um tapete e um rack com uma televis\u00e3o anal\u00f3gica.<\/p>\n<p>O c\u00f4modo pintado com as cores azul e rosa parece se encolher com a nossa chegada. Al\u00e9m de Bruna e seus cinco filhos, dividimos o ambiente ainda com outras duas crian\u00e7as, ambas suas sobrinhas. O rel\u00f3gio indica que \u00e9 hor\u00e1rio de almo\u00e7o, mas n\u00e3o h\u00e1 barulho, cheiro nem qualquer outro sinal de panela no fogo ou de comida pronta. A mesma situa\u00e7\u00e3o, descobrir\u00edamos pouco tempo depois, se repete na casa da sua irm\u00e3, Joilma Jesus dos Santos, 32, e da sua prima, Marina Rodrigues dos Santos, 29.<\/p>\n<p>Todas elas est\u00e3o cadastradas no <a href=\"http:\/\/www.caixa.gov.br\/programas-sociais\/bolsa-familia\/Paginas\/default.aspx\">Programa Bolsa Fam\u00edlia<\/a>, que concede um aux\u00edlio financeiro \u00e0 popula\u00e7\u00e3o do pa\u00eds em situa\u00e7\u00e3o de vulnerabilidade e mis\u00e9ria. O valor recebido por cada fam\u00edlia depende do n\u00famero de filhos e da presen\u00e7a deles na escola. Das mais de 13,9 milh\u00f5es de fam\u00edlias brasileiras atendidas pelo programa, <a href=\"https:\/\/avoador.com.br\/wp-content\/uploads\/2020\/04\/VIT\u00d3RIA-DA-CONQUISTA_BA-Bolsa-Fam\u00edlia-e-Cadastro-\u00danico.pdf\">quase 19,5 mil moram em Vit\u00f3ria da Conquista<\/a>. Dentre essas, 94,6% tem a mulher como principal respons\u00e1vel familiar.<\/p>\n<p>Contudo, somente Bruna faz parte das mais de 68 mil pessoas diretamente beneficiadas pelo PBF na cidade, n\u00famero que corresponde a 20% da popula\u00e7\u00e3o total do munic\u00edpio, que \u00e9 de 338.480 habitantes. As demais, Joilma e Marina, integram um grupo pequeno de 46 pessoas que est\u00e3o com o aux\u00edlio bloqueado e que, por isso, n\u00e3o viram sequer um centavo dos mais de 3,5 milh\u00f5es de reais que foram repassados em mar\u00e7o pelo governo federal.<\/p>\n<p>O dinheiro que conseguem para sobreviver vem de doa\u00e7\u00f5es feitas por familiares e, principalmente, pessoas na rua. Com o isolamento social decorrente da pandemia da covid-19, a renda que adv\u00e9m dessas doa\u00e7\u00f5es tem sido quase inexistente. Por conta disso, a condi\u00e7\u00e3o de extrema pobreza em que vivem se agravou e a fome, situa\u00e7\u00e3o j\u00e1 conhecida nas casas vez ou outra, passou a ser permanente.<\/p>\n<div id=\"gallery-3\" class=\"gallery galleryid-7600 gallery-columns-2 gallery-size-large\" data-carousel-extra=\"{&quot;blog_id&quot;:1,&quot;permalink&quot;:&quot;https:\\\/\\\/avoador.com.br\\\/pagina-central\\\/um-retrato-da-extrema-pobreza-em-conquista-em-tempos-de-pandemia\\\/&quot;}\">\n<dl class=\"gallery-item\">\n<dt class=\"gallery-icon landscape\"><a href=\"https:\/\/avoador.com.br\/wp-content\/uploads\/2020\/04\/DSCN7414.jpg\"><img decoding=\"async\" loading=\"lazy\" class=\"attachment-large size-large jetpack-lazy-image jetpack-lazy-image--handled lazyloaded\" src=\"https:\/\/avoador.com.br\/wp-content\/uploads\/2020\/04\/DSCN7414-980x735.jpg?is-pending-load=1\" sizes=\"(max-width: 980px) 100vw, 980px\" srcset=\"https:\/\/avoador.com.br\/wp-content\/uploads\/2020\/04\/DSCN7414-980x735.jpg 980w, https:\/\/avoador.com.br\/wp-content\/uploads\/2020\/04\/DSCN7414-300x225.jpg 300w, https:\/\/avoador.com.br\/wp-content\/uploads\/2020\/04\/DSCN7414.jpg 1200w\" alt=\"\" width=\"980\" height=\"735\" aria-describedby=\"gallery-3-7606\" data-attachment-id=\"7606\" data-permalink=\"https:\/\/avoador.com.br\/pagina-central\/um-retrato-da-extrema-pobreza-em-conquista-em-tempos-de-pandemia\/attachment\/dscn7414\/\" data-orig-file=\"https:\/\/avoador.com.br\/wp-content\/uploads\/2020\/04\/DSCN7414.jpg\" data-orig-size=\"1200,900\" data-comments-opened=\"1\" data-image-meta=\"{&quot;aperture&quot;:&quot;0&quot;,&quot;credit&quot;:&quot;&quot;,&quot;camera&quot;:&quot;&quot;,&quot;caption&quot;:&quot;&quot;,&quot;created_timestamp&quot;:&quot;0&quot;,&quot;copyright&quot;:&quot;&quot;,&quot;focal_length&quot;:&quot;0&quot;,&quot;iso&quot;:&quot;0&quot;,&quot;shutter_speed&quot;:&quot;0&quot;,&quot;title&quot;:&quot;&quot;,&quot;orientation&quot;:&quot;0&quot;}\" data-image-title=\"DSCN7414\" data-image-description=\"\" data-medium-file=\"https:\/\/avoador.com.br\/wp-content\/uploads\/2020\/04\/DSCN7414-300x225.jpg\" data-large-file=\"https:\/\/avoador.com.br\/wp-content\/uploads\/2020\/04\/DSCN7414-980x735.jpg\" data-was-processed=\"true\" data-lazy-loaded=\"1\" \/><\/a><\/dt>\n<dd id=\"gallery-3-7606\" class=\"wp-caption-text gallery-caption\">Diversas fam\u00edlias em situa\u00e7\u00e3o de extrema pobreza como a de Bruna, Marina e Joilma vivem em habita\u00e7\u00f5es prec\u00e1rias na periferia de Conquista. Foto: Afonso Ribas.<\/dd>\n<\/dl>\n<dl class=\"gallery-item\">\n<dt class=\"gallery-icon landscape\"><a href=\"https:\/\/avoador.com.br\/wp-content\/uploads\/2020\/04\/DSCN7420.jpg\"><img decoding=\"async\" loading=\"lazy\" class=\"attachment-large size-large jetpack-lazy-image jetpack-lazy-image--handled lazyloaded\" src=\"https:\/\/avoador.com.br\/wp-content\/uploads\/2020\/04\/DSCN7420-980x735.jpg?is-pending-load=1\" sizes=\"(max-width: 980px) 100vw, 980px\" srcset=\"https:\/\/avoador.com.br\/wp-content\/uploads\/2020\/04\/DSCN7420-980x735.jpg 980w, https:\/\/avoador.com.br\/wp-content\/uploads\/2020\/04\/DSCN7420-300x225.jpg 300w, https:\/\/avoador.com.br\/wp-content\/uploads\/2020\/04\/DSCN7420.jpg 1200w\" alt=\"\" width=\"980\" height=\"735\" aria-describedby=\"gallery-3-7607\" data-attachment-id=\"7607\" data-permalink=\"https:\/\/avoador.com.br\/pagina-central\/um-retrato-da-extrema-pobreza-em-conquista-em-tempos-de-pandemia\/attachment\/dscn7420\/\" data-orig-file=\"https:\/\/avoador.com.br\/wp-content\/uploads\/2020\/04\/DSCN7420.jpg\" data-orig-size=\"1200,900\" data-comments-opened=\"1\" data-image-meta=\"{&quot;aperture&quot;:&quot;0&quot;,&quot;credit&quot;:&quot;&quot;,&quot;camera&quot;:&quot;&quot;,&quot;caption&quot;:&quot;&quot;,&quot;created_timestamp&quot;:&quot;0&quot;,&quot;copyright&quot;:&quot;&quot;,&quot;focal_length&quot;:&quot;0&quot;,&quot;iso&quot;:&quot;0&quot;,&quot;shutter_speed&quot;:&quot;0&quot;,&quot;title&quot;:&quot;&quot;,&quot;orientation&quot;:&quot;0&quot;}\" data-image-title=\"DSCN7420\" data-image-description=\"\" data-medium-file=\"https:\/\/avoador.com.br\/wp-content\/uploads\/2020\/04\/DSCN7420-300x225.jpg\" data-large-file=\"https:\/\/avoador.com.br\/wp-content\/uploads\/2020\/04\/DSCN7420-980x735.jpg\" data-was-processed=\"true\" data-lazy-loaded=\"1\" \/><\/a><\/dt>\n<dd id=\"gallery-3-7607\" class=\"wp-caption-text gallery-caption\">\u00c9 poss\u00edvel observar diversos casebres como esse em bairros como o Panorama e o Nova Cidade. Foto: Afonso Ribas.<\/dd>\n<\/dl>\n<\/div>\n<p>Apesar de ser a \u00fanica a receber o Bolsa Fam\u00edlia no valor de 386 reais \u2013 que passar\u00e1, inclusive, para a casa dos 600 com a <a href=\"https:\/\/g1.globo.com\/economia\/noticia\/2020\/04\/16\/caixa-comeca-a-pagar-nesta-quinta-auxilio-emergencial-para-beneficiarios-do-bolsa-familia-e-cadastrados-via-app-e-site-veja-calendario.ghtml\">libera\u00e7\u00e3o do Aux\u00edlio Emergencial pelo Governo Federal<\/a> \u2013 Bruna diz que o dinheiro \u00e9 insuficiente para sustentar toda a fam\u00edlia e tamb\u00e9m conta com a bondade de outras pessoas para conseguir colocar comida na mesa para os seus filhos, algo que tem sido cada vez mais dif\u00edcil. A \u00faltima ajuda que obteve foi uma cesta b\u00e1sica doada pelo Centro de Refer\u00eancia de Assist\u00eancia Social (CRAS) do munic\u00edpio.<\/p>\n<p>Segundo ela, a merenda escolar faz falta para as crian\u00e7as. \u201cEu s\u00f3 vou pra escola pra comer\u201d, diz Carlos Henrique*, interrompendo a conversa. O assunto desperta aten\u00e7\u00e3o dos demais, que come\u00e7am a nos contar o que, geralmente, costumam comer nos intervalos das aulas. O card\u00e1pio, de acordo com eles, inclui farofa, macarr\u00e3o, p\u00e3o com manteiga, arroz com ovo, frutas, entre outros alimentos. \u201cTem vez que s\u00f3 d\u00e3o pra gente um copo de suco com tr\u00eas bolachas\u201d, relata Rafaela*, a filha mais velha de Bruna.<\/p>\n<p>\u00c9 Rafaela que, ap\u00f3s o fim da nossa conversa na casa de Bruna, nos leva at\u00e9 a resid\u00eancia de Marina, localizada apenas a alguns metros mais adiante. A encontramos sentada na cal\u00e7ada, junto com alguns amigos e parentes. Ao falarmos da reportagem, prontamente ela aceita conceder uma entrevista.<\/p>\n<div id=\"attachment_7608\" class=\"wp-caption alignnone\"><img decoding=\"async\" loading=\"lazy\" class=\"wp-image-7608 size-full lazyloaded\" src=\"https:\/\/avoador.com.br\/wp-content\/uploads\/2020\/04\/DSCN7411.jpg\" sizes=\"(max-width: 1200px) 100vw, 1200px\" srcset=\"https:\/\/avoador.com.br\/wp-content\/uploads\/2020\/04\/DSCN7411.jpg 1200w, https:\/\/avoador.com.br\/wp-content\/uploads\/2020\/04\/DSCN7411-300x225.jpg 300w, https:\/\/avoador.com.br\/wp-content\/uploads\/2020\/04\/DSCN7411-980x735.jpg 980w\" alt=\"pobreza em tempos de pandemia\" width=\"1200\" height=\"900\" aria-describedby=\"caption-attachment-7608\" data-attachment-id=\"7608\" data-permalink=\"https:\/\/avoador.com.br\/pagina-central\/um-retrato-da-extrema-pobreza-em-conquista-em-tempos-de-pandemia\/attachment\/dscn7411\/\" data-orig-file=\"https:\/\/avoador.com.br\/wp-content\/uploads\/2020\/04\/DSCN7411.jpg\" data-orig-size=\"1200,900\" data-comments-opened=\"1\" data-image-meta=\"{&quot;aperture&quot;:&quot;0&quot;,&quot;credit&quot;:&quot;&quot;,&quot;camera&quot;:&quot;&quot;,&quot;caption&quot;:&quot;&quot;,&quot;created_timestamp&quot;:&quot;0&quot;,&quot;copyright&quot;:&quot;&quot;,&quot;focal_length&quot;:&quot;0&quot;,&quot;iso&quot;:&quot;0&quot;,&quot;shutter_speed&quot;:&quot;0&quot;,&quot;title&quot;:&quot;&quot;,&quot;orientation&quot;:&quot;0&quot;}\" data-image-title=\"DSCN7411\" data-image-description=\"\" data-medium-file=\"https:\/\/avoador.com.br\/wp-content\/uploads\/2020\/04\/DSCN7411-300x225.jpg\" data-large-file=\"https:\/\/avoador.com.br\/wp-content\/uploads\/2020\/04\/DSCN7411-980x735.jpg\" data-lazy-srcset=\"https:\/\/avoador.com.br\/wp-content\/uploads\/2020\/04\/DSCN7411.jpg 1200w, https:\/\/avoador.com.br\/wp-content\/uploads\/2020\/04\/DSCN7411-300x225.jpg 300w, https:\/\/avoador.com.br\/wp-content\/uploads\/2020\/04\/DSCN7411-980x735.jpg 980w\" data-lazy-sizes=\"(max-width: 1200px) 100vw, 1200px\" data-lazy-src=\"https:\/\/avoador.com.br\/wp-content\/uploads\/2020\/04\/DSCN7411.jpg\" data-was-processed=\"true\" \/><\/p>\n<p id=\"caption-attachment-7608\" class=\"wp-caption-text\">Marina acompanhada de parentes e amigos, na frente de casa. Foto: Afonso Ribas.<\/p>\n<\/div>\n<p>M\u00e3e solteira, Marina mora com seus quatro filhos. Dois deles tamb\u00e9m estudam na Escola Ant\u00f4nio Helder Thomaz, assim como tr\u00eas dos filhos de Bruna. A mais velha estuda no Col\u00e9gio Estadual Carlos Santana. J\u00e1 o filho ca\u00e7ula, de apenas dois anos, aguarda uma vaga no Centro Municipal de Educa\u00e7\u00e3o Infantil Pablo Pithon, inaugurado no fim de outubro do ano passado.<\/p>\n<p>\u201cA gente j\u00e1 bota na escola mesmo porque tem hora que a gente n\u00e3o tem um caf\u00e9, n\u00e9, pra dar um p\u00e3o. E a\u00ed na escola pelo menos eles t\u00eam uma alimenta\u00e7\u00e3o\u201d, contou. Essa alimenta\u00e7\u00e3o, por\u00e9m, deixou de existir para os seus filhos desde o dia 18 de mar\u00e7o, ap\u00f3s a suspens\u00e3o das aulas no munic\u00edpio.<\/p>\n<p><strong>Repasses do Governo Federal<\/strong><\/p>\n<p>Entretanto, os repasses feitos pelo <a href=\"https:\/\/www.fnde.gov.br\/programas\/pnae\">Programa Nacional de Alimenta\u00e7\u00e3o Escolar (PNAE)<\/a> \u00e0 Prefeitura de Conquista n\u00e3o cessaram durante esse per\u00edodo. Dados dispon\u00edveis no <a href=\"https:\/\/www.fnde.gov.br\/pls\/simad\/internet_fnde.liberacoes_result_pc\">site do Fundo Nacional de Desenvolvimento da Educa\u00e7\u00e3o<\/a> mostram que o munic\u00edpio recebeu mais de 1,3 milh\u00e3o do Programa entre fevereiro e abril deste ano (ver tabela abaixo). Mas <a href=\"http:\/\/www.pmvc.ba.gov.br\/prefeitura-distribui-kits-alimentares-a-estudantes-a-partir-desta-quarta-feira-15\/\">somente, nesta quarta-feira (15\/04),<\/a> a Prefeitura deu in\u00edcio \u00e0 distribui\u00e7\u00e3o de kits de alimenta\u00e7\u00e3o na Rede Municipal de Ensino, em cumprimento \u00e0 <a href=\"http:\/\/www.planalto.gov.br\/ccivil_03\/_ato2019-2022\/2020\/lei\/l13987.htm\">Lei Federal n\u00b0 13.987\/2020<\/a>.<\/p>\n<p><img decoding=\"async\" loading=\"lazy\" class=\"alignnone wp-image-7609 size-full lazyloaded\" src=\"https:\/\/avoador.com.br\/wp-content\/uploads\/2020\/04\/Repasses-do-PNAE-\u00e0-PMVC-em-2020.png\" sizes=\"(max-width: 1359px) 100vw, 1359px\" srcset=\"https:\/\/avoador.com.br\/wp-content\/uploads\/2020\/04\/Repasses-do-PNAE-\u00e0-PMVC-em-2020.png 1359w, https:\/\/avoador.com.br\/wp-content\/uploads\/2020\/04\/Repasses-do-PNAE-\u00e0-PMVC-em-2020-300x119.png 300w, https:\/\/avoador.com.br\/wp-content\/uploads\/2020\/04\/Repasses-do-PNAE-\u00e0-PMVC-em-2020-980x387.png 980w\" alt=\"\" width=\"1359\" height=\"537\" data-attachment-id=\"7609\" data-permalink=\"https:\/\/avoador.com.br\/pagina-central\/um-retrato-da-extrema-pobreza-em-conquista-em-tempos-de-pandemia\/attachment\/repasses-do-pnae-a-pmvc-em-2020\/\" data-orig-file=\"https:\/\/avoador.com.br\/wp-content\/uploads\/2020\/04\/Repasses-do-PNAE-\u00e0-PMVC-em-2020.png\" data-orig-size=\"1359,537\" data-comments-opened=\"1\" data-image-meta=\"{&quot;aperture&quot;:&quot;0&quot;,&quot;credit&quot;:&quot;&quot;,&quot;camera&quot;:&quot;&quot;,&quot;caption&quot;:&quot;&quot;,&quot;created_timestamp&quot;:&quot;0&quot;,&quot;copyright&quot;:&quot;&quot;,&quot;focal_length&quot;:&quot;0&quot;,&quot;iso&quot;:&quot;0&quot;,&quot;shutter_speed&quot;:&quot;0&quot;,&quot;title&quot;:&quot;&quot;,&quot;orientation&quot;:&quot;0&quot;}\" data-image-title=\"Repasses do PNAE \u00e0 PMVC em 2020\" data-image-description=\"\" data-medium-file=\"https:\/\/avoador.com.br\/wp-content\/uploads\/2020\/04\/Repasses-do-PNAE-\u00e0-PMVC-em-2020-300x119.png\" data-large-file=\"https:\/\/avoador.com.br\/wp-content\/uploads\/2020\/04\/Repasses-do-PNAE-\u00e0-PMVC-em-2020-980x387.png\" data-lazy-srcset=\"https:\/\/avoador.com.br\/wp-content\/uploads\/2020\/04\/Repasses-do-PNAE-\u00e0-PMVC-em-2020.png 1359w, https:\/\/avoador.com.br\/wp-content\/uploads\/2020\/04\/Repasses-do-PNAE-\u00e0-PMVC-em-2020-300x119.png 300w, https:\/\/avoador.com.br\/wp-content\/uploads\/2020\/04\/Repasses-do-PNAE-\u00e0-PMVC-em-2020-980x387.png 980w\" data-lazy-sizes=\"(max-width: 1359px) 100vw, 1359px\" data-lazy-src=\"https:\/\/avoador.com.br\/wp-content\/uploads\/2020\/04\/Repasses-do-PNAE-\u00e0-PMVC-em-2020.png\" data-was-processed=\"true\" \/><\/p>\n<p>Sancionada no dia 7 de abril pelo presidente Jair Bolsonaro, essa normativa autorizou a distribui\u00e7\u00e3o imediata de alimentos adquiridos com recursos do PNAE aos pais ou respons\u00e1veis dos estudantes matriculados nas escolas p\u00fablicas da educa\u00e7\u00e3o b\u00e1sica. A Lei dever\u00e1 vigorar enquanto durar o per\u00edodo de suspens\u00e3o das aulas em raz\u00e3o da pandemia do coronav\u00edrus.<\/p>\n<p>Cidades como <a href=\"https:\/\/g1.globo.com\/ba\/bahia\/noticia\/2020\/03\/22\/distribuicao-de-cestas-basicas-para-alunos-da-rede-municipal-de-salvador-comeca-segunda-feira-veja-cronograma.ghtml\">Salvador j\u00e1 haviam come\u00e7ado a fazer a distribui\u00e7\u00e3o de cestas b\u00e1sicas<\/a> nas escolas municipais desde o dia 23 de mar\u00e7o. Em Conquista, os kits come\u00e7aram a ser entregues nas <a href=\"https:\/\/www.pmvc.ba.gov.br\/estudantes-municipais-comecam-a-receber-kits-alimentares\/\">institui\u00e7\u00f5es do bairro Nossa Senhora Aparecida<\/a>, na zona oeste do munic\u00edpio. Enquanto eles n\u00e3o chegam at\u00e9 as m\u00e3os de Marina, ela conta com a solidariedade de outras pessoas. \u201c\u00c9 Deus que est\u00e1 me ajudando e uma mulher dona de um supermercado aqui pr\u00f3ximo que me d\u00e1 uma feirinha todo m\u00eas\u201d, conta.<\/p>\n<div id=\"gallery-4\" class=\"gallery galleryid-7600 gallery-columns-2 gallery-size-medium\" data-carousel-extra=\"{&quot;blog_id&quot;:1,&quot;permalink&quot;:&quot;https:\\\/\\\/avoador.com.br\\\/pagina-central\\\/um-retrato-da-extrema-pobreza-em-conquista-em-tempos-de-pandemia\\\/&quot;}\">\n<dl class=\"gallery-item\">\n<dt class=\"gallery-icon landscape\"><a href=\"https:\/\/avoador.com.br\/wp-content\/uploads\/2020\/04\/DSCN7447.jpg\"><img decoding=\"async\" loading=\"lazy\" class=\"attachment-medium size-medium jetpack-lazy-image lazyloaded jetpack-lazy-image--handled\" src=\"https:\/\/avoador.com.br\/wp-content\/uploads\/2020\/04\/DSCN7447-300x225.jpg?is-pending-load=1\" sizes=\"(max-width: 300px) 100vw, 300px\" srcset=\"https:\/\/avoador.com.br\/wp-content\/uploads\/2020\/04\/DSCN7447-300x225.jpg 300w, https:\/\/avoador.com.br\/wp-content\/uploads\/2020\/04\/DSCN7447-980x735.jpg 980w, https:\/\/avoador.com.br\/wp-content\/uploads\/2020\/04\/DSCN7447.jpg 1200w\" alt=\"\" width=\"300\" height=\"225\" aria-describedby=\"gallery-4-7610\" data-attachment-id=\"7610\" data-permalink=\"https:\/\/avoador.com.br\/pagina-central\/um-retrato-da-extrema-pobreza-em-conquista-em-tempos-de-pandemia\/attachment\/dscn7447\/\" data-orig-file=\"https:\/\/avoador.com.br\/wp-content\/uploads\/2020\/04\/DSCN7447.jpg\" data-orig-size=\"1200,900\" data-comments-opened=\"1\" data-image-meta=\"{&quot;aperture&quot;:&quot;0&quot;,&quot;credit&quot;:&quot;&quot;,&quot;camera&quot;:&quot;&quot;,&quot;caption&quot;:&quot;&quot;,&quot;created_timestamp&quot;:&quot;0&quot;,&quot;copyright&quot;:&quot;&quot;,&quot;focal_length&quot;:&quot;0&quot;,&quot;iso&quot;:&quot;0&quot;,&quot;shutter_speed&quot;:&quot;0&quot;,&quot;title&quot;:&quot;&quot;,&quot;orientation&quot;:&quot;0&quot;}\" data-image-title=\"DSCN7447\" data-image-description=\"\" data-medium-file=\"https:\/\/avoador.com.br\/wp-content\/uploads\/2020\/04\/DSCN7447-300x225.jpg\" data-large-file=\"https:\/\/avoador.com.br\/wp-content\/uploads\/2020\/04\/DSCN7447-980x735.jpg\" data-was-processed=\"true\" data-lazy-loaded=\"1\" \/><\/a><\/dt>\n<dd id=\"gallery-4-7610\" class=\"wp-caption-text gallery-caption\">Dep\u00f3sito da merenda escolar comprada em Conquista com os recursos do PNAE fica no bairro Fel\u00edcia. Foto: Afonso Ribas.<\/dd>\n<\/dl>\n<dl class=\"gallery-item\">\n<dt class=\"gallery-icon landscape\"><a href=\"https:\/\/avoador.com.br\/wp-content\/uploads\/2020\/04\/DSCN7449.jpg\"><img decoding=\"async\" loading=\"lazy\" class=\"attachment-medium size-medium jetpack-lazy-image lazyloaded jetpack-lazy-image--handled\" src=\"https:\/\/avoador.com.br\/wp-content\/uploads\/2020\/04\/DSCN7449-300x225.jpg?is-pending-load=1\" sizes=\"(max-width: 300px) 100vw, 300px\" srcset=\"https:\/\/avoador.com.br\/wp-content\/uploads\/2020\/04\/DSCN7449-300x225.jpg 300w, https:\/\/avoador.com.br\/wp-content\/uploads\/2020\/04\/DSCN7449-980x735.jpg 980w, https:\/\/avoador.com.br\/wp-content\/uploads\/2020\/04\/DSCN7449.jpg 1200w\" alt=\"\" width=\"300\" height=\"225\" aria-describedby=\"gallery-4-7611\" data-attachment-id=\"7611\" data-permalink=\"https:\/\/avoador.com.br\/pagina-central\/um-retrato-da-extrema-pobreza-em-conquista-em-tempos-de-pandemia\/attachment\/dscn7449\/\" data-orig-file=\"https:\/\/avoador.com.br\/wp-content\/uploads\/2020\/04\/DSCN7449.jpg\" data-orig-size=\"1200,900\" data-comments-opened=\"1\" data-image-meta=\"{&quot;aperture&quot;:&quot;0&quot;,&quot;credit&quot;:&quot;&quot;,&quot;camera&quot;:&quot;&quot;,&quot;caption&quot;:&quot;&quot;,&quot;created_timestamp&quot;:&quot;0&quot;,&quot;copyright&quot;:&quot;&quot;,&quot;focal_length&quot;:&quot;0&quot;,&quot;iso&quot;:&quot;0&quot;,&quot;shutter_speed&quot;:&quot;0&quot;,&quot;title&quot;:&quot;&quot;,&quot;orientation&quot;:&quot;0&quot;}\" data-image-title=\"DSCN7449\" data-image-description=\"\" data-medium-file=\"https:\/\/avoador.com.br\/wp-content\/uploads\/2020\/04\/DSCN7449-300x225.jpg\" data-large-file=\"https:\/\/avoador.com.br\/wp-content\/uploads\/2020\/04\/DSCN7449-980x735.jpg\" data-was-processed=\"true\" data-lazy-loaded=\"1\" \/><\/a><\/dt>\n<dd id=\"gallery-4-7611\" class=\"wp-caption-text gallery-caption\">Caminhonete \u00e9 carregada com kits de alimenta\u00e7\u00e3o. Foto: Afonso Ribas<\/dd>\n<\/dl>\n<dl class=\"gallery-item\">\n<dt class=\"gallery-icon landscape\"><a href=\"https:\/\/avoador.com.br\/wp-content\/uploads\/2020\/04\/DSCN7454.jpg\"><img decoding=\"async\" loading=\"lazy\" class=\"attachment-medium size-medium jetpack-lazy-image jetpack-lazy-image--handled lazyloaded\" src=\"https:\/\/avoador.com.br\/wp-content\/uploads\/2020\/04\/DSCN7454-300x225.jpg?is-pending-load=1\" sizes=\"(max-width: 300px) 100vw, 300px\" srcset=\"https:\/\/avoador.com.br\/wp-content\/uploads\/2020\/04\/DSCN7454-300x225.jpg 300w, https:\/\/avoador.com.br\/wp-content\/uploads\/2020\/04\/DSCN7454-980x735.jpg 980w, https:\/\/avoador.com.br\/wp-content\/uploads\/2020\/04\/DSCN7454.jpg 1200w\" alt=\"\" width=\"300\" height=\"225\" aria-describedby=\"gallery-4-7612\" data-attachment-id=\"7612\" data-permalink=\"https:\/\/avoador.com.br\/pagina-central\/um-retrato-da-extrema-pobreza-em-conquista-em-tempos-de-pandemia\/attachment\/dscn7454\/\" data-orig-file=\"https:\/\/avoador.com.br\/wp-content\/uploads\/2020\/04\/DSCN7454.jpg\" data-orig-size=\"1200,900\" data-comments-opened=\"1\" data-image-meta=\"{&quot;aperture&quot;:&quot;0&quot;,&quot;credit&quot;:&quot;&quot;,&quot;camera&quot;:&quot;&quot;,&quot;caption&quot;:&quot;&quot;,&quot;created_timestamp&quot;:&quot;0&quot;,&quot;copyright&quot;:&quot;&quot;,&quot;focal_length&quot;:&quot;0&quot;,&quot;iso&quot;:&quot;0&quot;,&quot;shutter_speed&quot;:&quot;0&quot;,&quot;title&quot;:&quot;&quot;,&quot;orientation&quot;:&quot;0&quot;}\" data-image-title=\"DSCN7454\" data-image-description=\"\" data-medium-file=\"https:\/\/avoador.com.br\/wp-content\/uploads\/2020\/04\/DSCN7454-300x225.jpg\" data-large-file=\"https:\/\/avoador.com.br\/wp-content\/uploads\/2020\/04\/DSCN7454-980x735.jpg\" data-was-processed=\"true\" data-lazy-loaded=\"1\" \/><\/a><\/dt>\n<dd id=\"gallery-4-7612\" class=\"wp-caption-text gallery-caption\">Funcion\u00e1rios municipais organizam kits de alimenta\u00e7\u00e3o para distribui\u00e7\u00e3o nas escolas da educa\u00e7\u00e3o fundamental de Conquista. Fotos: Afonso Ribas.<\/dd>\n<\/dl>\n<dl class=\"gallery-item\">\n<dt class=\"gallery-icon landscape\"><a href=\"https:\/\/avoador.com.br\/wp-content\/uploads\/2020\/04\/DSCN7456.jpg\"><img decoding=\"async\" loading=\"lazy\" class=\"attachment-medium size-medium jetpack-lazy-image jetpack-lazy-image--handled lazyloaded\" src=\"https:\/\/avoador.com.br\/wp-content\/uploads\/2020\/04\/DSCN7456-300x225.jpg?is-pending-load=1\" sizes=\"(max-width: 300px) 100vw, 300px\" srcset=\"https:\/\/avoador.com.br\/wp-content\/uploads\/2020\/04\/DSCN7456-300x225.jpg 300w, https:\/\/avoador.com.br\/wp-content\/uploads\/2020\/04\/DSCN7456-980x735.jpg 980w, https:\/\/avoador.com.br\/wp-content\/uploads\/2020\/04\/DSCN7456.jpg 1200w\" alt=\"\" width=\"300\" height=\"225\" aria-describedby=\"gallery-4-7613\" data-attachment-id=\"7613\" data-permalink=\"https:\/\/avoador.com.br\/pagina-central\/um-retrato-da-extrema-pobreza-em-conquista-em-tempos-de-pandemia\/attachment\/dscn7456\/\" data-orig-file=\"https:\/\/avoador.com.br\/wp-content\/uploads\/2020\/04\/DSCN7456.jpg\" data-orig-size=\"1200,900\" data-comments-opened=\"1\" data-image-meta=\"{&quot;aperture&quot;:&quot;0&quot;,&quot;credit&quot;:&quot;&quot;,&quot;camera&quot;:&quot;&quot;,&quot;caption&quot;:&quot;&quot;,&quot;created_timestamp&quot;:&quot;0&quot;,&quot;copyright&quot;:&quot;&quot;,&quot;focal_length&quot;:&quot;0&quot;,&quot;iso&quot;:&quot;0&quot;,&quot;shutter_speed&quot;:&quot;0&quot;,&quot;title&quot;:&quot;&quot;,&quot;orientation&quot;:&quot;0&quot;}\" data-image-title=\"DSCN7456\" data-image-description=\"\" data-medium-file=\"https:\/\/avoador.com.br\/wp-content\/uploads\/2020\/04\/DSCN7456-300x225.jpg\" data-large-file=\"https:\/\/avoador.com.br\/wp-content\/uploads\/2020\/04\/DSCN7456-980x735.jpg\" data-was-processed=\"true\" data-lazy-loaded=\"1\" \/><\/a><\/dt>\n<dd id=\"gallery-4-7613\" class=\"wp-caption-text gallery-caption\">Os kits come\u00e7aram a ser distribu\u00eddos nessa \u00faltima quarta-feira, 15. Foto: Afonso Ribas.<\/dd>\n<\/dl>\n<\/div>\n<p>Ela diz ainda que a Base Comunit\u00e1ria do Nova Cidade tamb\u00e9m tem ajudado sua fam\u00edlia. \u201cN\u00e3o vou mentir que eu estava sem as coisas aqui dentro de casa, sem um feij\u00e3o e um a\u00e7\u00facar, a\u00ed as meninas l\u00e1 da Base que me conhecem me deram uma cesta b\u00e1sica. Mas agora mesmo meu menino pequeno j\u00e1 t\u00e1 sem leite\u201d, ressaltou.<\/p>\n<p>O pouco dinheiro que ganhava vinha do seu trabalho informal como cabeleireira. \u201cEscovo o cabelo e dou progressiva em casa. \u00c0s vezes, eu recebo dez, cinco, vinte reais. Mas, agora, eu n\u00e3o tenho nem pra comprar o material, a\u00ed n\u00e3o tem como trabalhar\u201d, concluiu.<\/p>\n<div id=\"attachment_7618\" class=\"wp-caption alignnone\"><img decoding=\"async\" loading=\"lazy\" class=\"wp-image-7618 size-full lazyloaded\" src=\"https:\/\/avoador.com.br\/wp-content\/uploads\/2020\/04\/DSCN7397.jpg\" sizes=\"(max-width: 1200px) 100vw, 1200px\" srcset=\"https:\/\/avoador.com.br\/wp-content\/uploads\/2020\/04\/DSCN7397.jpg 1200w, https:\/\/avoador.com.br\/wp-content\/uploads\/2020\/04\/DSCN7397-300x225.jpg 300w, https:\/\/avoador.com.br\/wp-content\/uploads\/2020\/04\/DSCN7397-980x735.jpg 980w\" alt=\"pobreza em tempos de pandemia\" width=\"1200\" height=\"900\" aria-describedby=\"caption-attachment-7618\" data-attachment-id=\"7618\" data-permalink=\"https:\/\/avoador.com.br\/pagina-central\/um-retrato-da-extrema-pobreza-em-conquista-em-tempos-de-pandemia\/attachment\/dscn7397\/\" data-orig-file=\"https:\/\/avoador.com.br\/wp-content\/uploads\/2020\/04\/DSCN7397.jpg\" data-orig-size=\"1200,900\" data-comments-opened=\"1\" data-image-meta=\"{&quot;aperture&quot;:&quot;0&quot;,&quot;credit&quot;:&quot;&quot;,&quot;camera&quot;:&quot;&quot;,&quot;caption&quot;:&quot;&quot;,&quot;created_timestamp&quot;:&quot;0&quot;,&quot;copyright&quot;:&quot;&quot;,&quot;focal_length&quot;:&quot;0&quot;,&quot;iso&quot;:&quot;0&quot;,&quot;shutter_speed&quot;:&quot;0&quot;,&quot;title&quot;:&quot;&quot;,&quot;orientation&quot;:&quot;0&quot;}\" data-image-title=\"DSCN7397\" data-image-description=\"\" data-medium-file=\"https:\/\/avoador.com.br\/wp-content\/uploads\/2020\/04\/DSCN7397-300x225.jpg\" data-large-file=\"https:\/\/avoador.com.br\/wp-content\/uploads\/2020\/04\/DSCN7397-980x735.jpg\" data-lazy-srcset=\"https:\/\/avoador.com.br\/wp-content\/uploads\/2020\/04\/DSCN7397.jpg 1200w, https:\/\/avoador.com.br\/wp-content\/uploads\/2020\/04\/DSCN7397-300x225.jpg 300w, https:\/\/avoador.com.br\/wp-content\/uploads\/2020\/04\/DSCN7397-980x735.jpg 980w\" data-lazy-sizes=\"(max-width: 1200px) 100vw, 1200px\" data-lazy-src=\"https:\/\/avoador.com.br\/wp-content\/uploads\/2020\/04\/DSCN7397.jpg\" data-was-processed=\"true\" \/><\/p>\n<p id=\"caption-attachment-7618\" class=\"wp-caption-text\">Marina e seu filho mais novo, de dois anos. Foto: Afonso Ribas.<\/p>\n<\/div>\n<p><strong>Desemprego<\/strong><\/p>\n<p>A situa\u00e7\u00e3o de sua prima, Joilma, tamb\u00e9m \u00e9 delicada. Al\u00e9m de estar desempregada, tamb\u00e9m est\u00e1 \u00e0 espera do quinto filho. Sua gesta\u00e7\u00e3o j\u00e1 dura tr\u00eas meses, mas a alimenta\u00e7\u00e3o escassa que mant\u00e9m passa longe daquela que seria necess\u00e1ria para uma mulher gr\u00e1vida. Ela se mostra disposta a contar sua hist\u00f3ria antes mesmo de pedirmos uma entrevista.<\/p>\n<p>Diferentemente de Bruna e Marina, Joilma mora no bairro Panorama, que fica acima do Nova Cidade. L\u00e1, divide uma pequena casa com os quatro filhos e o atual companheiro, pai do beb\u00ea que est\u00e1 por vir. Estudou at\u00e9 a quinta s\u00e9rie. Deixou a escola assim que ficou gr\u00e1vida do primog\u00eanito, hoje com 15 anos. A chegada dos filhos a fez ainda largar seu emprego como diarista.<\/p>\n<p>Seu companheiro tamb\u00e9m est\u00e1 desempregado. Pouco antes do in\u00edcio da crise do coronav\u00edrus, fez uma sele\u00e7\u00e3o para uma vaga na DASS Outlet. Chegou a fazer o exame de admiss\u00e3o da empresa, mas a pandemia veio e acabou com a sua oportunidade de deixar de viver de bicos como ajudante de pedreiro.<\/p>\n<div id=\"attachment_7619\" class=\"wp-caption alignnone\"><img decoding=\"async\" loading=\"lazy\" class=\"wp-image-7619 size-full lazyloaded\" src=\"https:\/\/avoador.com.br\/wp-content\/uploads\/2020\/04\/DSCN7409.jpg\" sizes=\"(max-width: 1200px) 100vw, 1200px\" srcset=\"https:\/\/avoador.com.br\/wp-content\/uploads\/2020\/04\/DSCN7409.jpg 1200w, https:\/\/avoador.com.br\/wp-content\/uploads\/2020\/04\/DSCN7409-300x225.jpg 300w, https:\/\/avoador.com.br\/wp-content\/uploads\/2020\/04\/DSCN7409-980x735.jpg 980w\" alt=\"pobreza em tempos de pandemia\" width=\"1200\" height=\"900\" aria-describedby=\"caption-attachment-7619\" data-attachment-id=\"7619\" data-permalink=\"https:\/\/avoador.com.br\/pagina-central\/um-retrato-da-extrema-pobreza-em-conquista-em-tempos-de-pandemia\/attachment\/dscn7409\/\" data-orig-file=\"https:\/\/avoador.com.br\/wp-content\/uploads\/2020\/04\/DSCN7409.jpg\" data-orig-size=\"1200,900\" data-comments-opened=\"1\" data-image-meta=\"{&quot;aperture&quot;:&quot;0&quot;,&quot;credit&quot;:&quot;&quot;,&quot;camera&quot;:&quot;&quot;,&quot;caption&quot;:&quot;&quot;,&quot;created_timestamp&quot;:&quot;0&quot;,&quot;copyright&quot;:&quot;&quot;,&quot;focal_length&quot;:&quot;0&quot;,&quot;iso&quot;:&quot;0&quot;,&quot;shutter_speed&quot;:&quot;0&quot;,&quot;title&quot;:&quot;&quot;,&quot;orientation&quot;:&quot;0&quot;}\" data-image-title=\"DSCN7409\" data-image-description=\"\" data-medium-file=\"https:\/\/avoador.com.br\/wp-content\/uploads\/2020\/04\/DSCN7409-300x225.jpg\" data-large-file=\"https:\/\/avoador.com.br\/wp-content\/uploads\/2020\/04\/DSCN7409-980x735.jpg\" data-lazy-srcset=\"https:\/\/avoador.com.br\/wp-content\/uploads\/2020\/04\/DSCN7409.jpg 1200w, https:\/\/avoador.com.br\/wp-content\/uploads\/2020\/04\/DSCN7409-300x225.jpg 300w, https:\/\/avoador.com.br\/wp-content\/uploads\/2020\/04\/DSCN7409-980x735.jpg 980w\" data-lazy-sizes=\"(max-width: 1200px) 100vw, 1200px\" data-lazy-src=\"https:\/\/avoador.com.br\/wp-content\/uploads\/2020\/04\/DSCN7409.jpg\" data-was-processed=\"true\" \/><\/p>\n<p id=\"caption-attachment-7619\" class=\"wp-caption-text\">Gr\u00e1vida de tr\u00eas meses e m\u00e3e de outros quatro filhos, Joilma aguarda Aux\u00edlio Emergencial do Governo para sobreviver durante a pandemia. Foto: Afonso Ribas.<\/p>\n<\/div>\n<p>Cheios de d\u00edvidas, Joilma e o marido t\u00eam vivido da ajuda alheia, tal qual Marina e Bruna. \u201cVai pra rua eu e mais algumas crian\u00e7as. Chega l\u00e1, eu conto minha situa\u00e7\u00e3o, falo que eu estou precisando, que eu n\u00e3o estou podendo trabalhar, a\u00ed eles v\u00e3o l\u00e1 e ajuda como pode\u201d, explicou ela.<\/p>\n<p>Com o isolamento, ela espera agora pelo Aux\u00edlio Emergencial prometido pelo Governo Federal. Mas a previs\u00e3o \u00e9 de que ela receba o benef\u00edcio somente no dia 30 deste m\u00eas. \u201cDaqui at\u00e9 l\u00e1, s\u00f3 Deus sabe o que vai acontecer\u201d, lamentou.<\/p>\n<p>*Nomes alterados para preservar a identidade das crian\u00e7as.<\/p>\n<p><strong><a href=\"https:\/\/avoador.com.br\/\">*Avoador \u00e9 um Projeto de Extens\u00e3o &#8220;Jornalismo como Transforma\u00e7\u00e3o Social&#8221; da Uesb &#8211; Universidade Estadual do Sudoeste da Bahia.<\/a><\/strong><\/p>\n","protected":false},"excerpt":{"rendered":"<p>Uma parte das fam\u00edlias da cidade vive sem renda fixa, depende de programas sociais, como Bolsa Fam\u00edlia, e a merenda escolar \u00e9 o \u00fanico alimento garantido dos filhos Avoador &#8211; A aproximadamente 10 metros da Base Comunit\u00e1ria de Seguran\u00e7a do bairro Nova Cidade, em Vit\u00f3ria da Conquista, fica a resid\u00eancia de Bruna Jesus Santos, 26 [&hellip;]<\/p>\n","protected":false},"author":1,"featured_media":91053,"comment_status":"closed","ping_status":"closed","sticky":false,"template":"","format":"standard","meta":[],"categories":[4,212],"tags":[],"_links":{"self":[{"href":"https:\/\/blitzconquista.com.br\/index.php?rest_route=\/wp\/v2\/posts\/91051"}],"collection":[{"href":"https:\/\/blitzconquista.com.br\/index.php?rest_route=\/wp\/v2\/posts"}],"about":[{"href":"https:\/\/blitzconquista.com.br\/index.php?rest_route=\/wp\/v2\/types\/post"}],"author":[{"embeddable":true,"href":"https:\/\/blitzconquista.com.br\/index.php?rest_route=\/wp\/v2\/users\/1"}],"replies":[{"embeddable":true,"href":"https:\/\/blitzconquista.com.br\/index.php?rest_route=%2Fwp%2Fv2%2Fcomments&post=91051"}],"version-history":[{"count":1,"href":"https:\/\/blitzconquista.com.br\/index.php?rest_route=\/wp\/v2\/posts\/91051\/revisions"}],"predecessor-version":[{"id":91054,"href":"https:\/\/blitzconquista.com.br\/index.php?rest_route=\/wp\/v2\/posts\/91051\/revisions\/91054"}],"wp:featuredmedia":[{"embeddable":true,"href":"https:\/\/blitzconquista.com.br\/index.php?rest_route=\/wp\/v2\/media\/91053"}],"wp:attachment":[{"href":"https:\/\/blitzconquista.com.br\/index.php?rest_route=%2Fwp%2Fv2%2Fmedia&parent=91051"}],"wp:term":[{"taxonomy":"category","embeddable":true,"href":"https:\/\/blitzconquista.com.br\/index.php?rest_route=%2Fwp%2Fv2%2Fcategories&post=91051"},{"taxonomy":"post_tag","embeddable":true,"href":"https:\/\/blitzconquista.com.br\/index.php?rest_route=%2Fwp%2Fv2%2Ftags&post=91051"}],"curies":[{"name":"wp","href":"https:\/\/api.w.org\/{rel}","templated":true}]}}