{"id":91066,"date":"2020-04-17T19:30:57","date_gmt":"2020-04-17T22:30:57","guid":{"rendered":"http:\/\/blitzconquista.com.br\/?p=91066"},"modified":"2020-04-17T19:44:41","modified_gmt":"2020-04-17T22:44:41","slug":"cai-o-secretario-da-saude-de-conquista-alexsandro-costa","status":"publish","type":"post","link":"https:\/\/blitzconquista.com.br\/?p=91066","title":{"rendered":"Cai o secret\u00e1rio da Sa\u00fade de Conquista Alexsandro Costa"},"content":{"rendered":"<p><img decoding=\"async\" loading=\"lazy\" class=\"aligncenter size-full wp-image-91068\" src=\"http:\/\/blitzconquista.com.br\/wp-content\/uploads\/2020\/04\/alexsandro-secretario.jpg\" alt=\"\" width=\"700\" height=\"514\" srcset=\"https:\/\/blitzconquista.com.br\/wp-content\/uploads\/2020\/04\/alexsandro-secretario.jpg 700w, https:\/\/blitzconquista.com.br\/wp-content\/uploads\/2020\/04\/alexsandro-secretario-300x220.jpg 300w, https:\/\/blitzconquista.com.br\/wp-content\/uploads\/2020\/04\/alexsandro-secretario-695x510.jpg 695w, https:\/\/blitzconquista.com.br\/wp-content\/uploads\/2020\/04\/alexsandro-secretario-74x55.jpg 74w, https:\/\/blitzconquista.com.br\/wp-content\/uploads\/2020\/04\/alexsandro-secretario-111x83.jpg 111w\" sizes=\"(max-width: 700px) 100vw, 700px\" \/><\/p>\n<p>Na tarde desta sexta-feira, 17, o secret\u00e1rio de Sa\u00fade Alexsandro Costa foi exonerado pelo prefeito Herzem Gusm\u00e3o Pereira. Em publica\u00e7\u00e3o no site oficial, a prefeitura alega que a exonera\u00e7\u00e3o ocorreu a pedido, pois Costa alegou problemas de sa\u00fade.<\/p>\n<p>Desde o in\u00edcio da pandemia, Costa apareceu poucas vezes para esclarecer sobre as a\u00e7\u00f5es tomadas pelo executivo a fim de minimizar o avan\u00e7o do Coronav\u00edrus. Nas recentes vezes que se pronunciou, optou pelo embate com Governo do Estado. Fontes afirmam que ele estava desautorizado a dialogar com o secret\u00e1rio de sa\u00fade do Estado, F\u00e1bio Villas Boas.<\/p>\n<p>Quem senta interinamente na cadeira deixada por Costa \u00e9 a subsecret\u00e1ria Ramona Cerqueira. Ela j\u00e1 assumiu a pasta na atual gest\u00e3o, mas foi exonerada durante uma discuss\u00e3o acalorada com o prefeito Herzem. Bramidos ecoaram da sala onde os dois se reuniram, quando ocorrido o fato em agosto de 2019.<\/p>\n","protected":false},"excerpt":{"rendered":"<p>Na tarde desta sexta-feira, 17, o secret\u00e1rio de Sa\u00fade Alexsandro Costa foi exonerado pelo prefeito Herzem Gusm\u00e3o Pereira. Em publica\u00e7\u00e3o no site oficial, a prefeitura alega que a exonera\u00e7\u00e3o ocorreu a pedido, pois Costa alegou problemas de sa\u00fade. Desde o in\u00edcio da pandemia, Costa apareceu poucas vezes para esclarecer sobre as a\u00e7\u00f5es tomadas pelo executivo [&hellip;]<\/p>\n","protected":false},"author":1,"featured_media":91068,"comment_status":"closed","ping_status":"closed","sticky":false,"template":"","format":"standard","meta":[],"categories":[212,5],"tags":[],"_links":{"self":[{"href":"https:\/\/blitzconquista.com.br\/index.php?rest_route=\/wp\/v2\/posts\/91066"}],"collection":[{"href":"https:\/\/blitzconquista.com.br\/index.php?rest_route=\/wp\/v2\/posts"}],"about":[{"href":"https:\/\/blitzconquista.com.br\/index.php?rest_route=\/wp\/v2\/types\/post"}],"author":[{"embeddable":true,"href":"https:\/\/blitzconquista.com.br\/index.php?rest_route=\/wp\/v2\/users\/1"}],"replies":[{"embeddable":true,"href":"https:\/\/blitzconquista.com.br\/index.php?rest_route=%2Fwp%2Fv2%2Fcomments&post=91066"}],"version-history":[{"count":3,"href":"https:\/\/blitzconquista.com.br\/index.php?rest_route=\/wp\/v2\/posts\/91066\/revisions"}],"predecessor-version":[{"id":91071,"href":"https:\/\/blitzconquista.com.br\/index.php?rest_route=\/wp\/v2\/posts\/91066\/revisions\/91071"}],"wp:featuredmedia":[{"embeddable":true,"href":"https:\/\/blitzconquista.com.br\/index.php?rest_route=\/wp\/v2\/media\/91068"}],"wp:attachment":[{"href":"https:\/\/blitzconquista.com.br\/index.php?rest_route=%2Fwp%2Fv2%2Fmedia&parent=91066"}],"wp:term":[{"taxonomy":"category","embeddable":true,"href":"https:\/\/blitzconquista.com.br\/index.php?rest_route=%2Fwp%2Fv2%2Fcategories&post=91066"},{"taxonomy":"post_tag","embeddable":true,"href":"https:\/\/blitzconquista.com.br\/index.php?rest_route=%2Fwp%2Fv2%2Ftags&post=91066"}],"curies":[{"name":"wp","href":"https:\/\/api.w.org\/{rel}","templated":true}]}}