{"id":92874,"date":"2020-08-10T17:01:57","date_gmt":"2020-08-10T20:01:57","guid":{"rendered":"http:\/\/blitzconquista.com.br\/?p=92874"},"modified":"2020-08-10T17:03:59","modified_gmt":"2020-08-10T20:03:59","slug":"flexibilizacao-do-transporte-intermunicipal-e-iniciada-nesta-segunda-feira-10","status":"publish","type":"post","link":"https:\/\/blitzconquista.com.br\/?p=92874","title":{"rendered":"Flexibiliza\u00e7\u00e3o do transporte intermunicipal \u00e9 iniciada nesta segunda-feira (10)"},"content":{"rendered":"<p><em>Cidades distantes at\u00e9 100 km de Salvador ter\u00e3o a circula\u00e7\u00e3o de \u00f4nibus liberada entre si<\/em><\/p>\n<p>Come\u00e7a nesta segunda-feira (10) a primeira fase da flexibiliza\u00e7\u00e3o do transporte intermunicipal. Para a reabertura, o Governo do Estado tomou como par\u00e2metro a taxa de ocupa\u00e7\u00e3o dos leitos de UTI, que permaneceu abaixo de 70% durante cinco dias. Dessa forma, ser\u00e1 liberada a circula\u00e7\u00e3o de \u00f4nibus e embarca\u00e7\u00f5es entre as cidades distantes at\u00e9 100 quil\u00f4metros de Salvador. Para tornar o processo o mais seguro poss\u00edvel e evitar a contamina\u00e7\u00e3o pelo COVID-19, alguns protocolos est\u00e3o sendo exigidos, como a testagem peri\u00f3dica dos funcion\u00e1rios que atuam nos transportes e terminais, e a ocupa\u00e7\u00e3o da capacidade em 50%. A Secretaria de Infraestrutura da Bahia (Seinfra) e a Agerba est\u00e3o acompanhando e fiscalizando as determina\u00e7\u00f5es para a reabertura. Especificamente nesta segunda-feira (10), os hor\u00e1rios de funcionamento do ferry, lanchinhas e rodovi\u00e1ria ser\u00e3o informados no decorrer do dia<\/p>\n<p>No sistema hidrovi\u00e1rio (Lanchinhas e Ferry Boat) continua valendo a ocupa\u00e7\u00e3o m\u00e1xima em 50%. A novidade ser\u00e1 o cumprimento do quadro de hor\u00e1rio regular, incluindo s\u00e1bados, domingos e feriados. Lanchinhas voltam a funcionar a partir das 5h00 at\u00e9 as 20h, e os ferries com sa\u00eddas de hora em hora, de 5h \u00e0s 23h30. A opera\u00e7\u00e3o de Catamar\u00e3s para Cairu (Morro de S\u00e3o Paulo) poder\u00e1 ser retomada, cumprindo o quadro de hor\u00e1rio regular e tamb\u00e9m com restri\u00e7\u00e3o de embarque de 50% da capacidade das embarca\u00e7\u00f5es.<\/p>\n<p>Os \u00f4nibus intermunicipais v\u00e3o poder circular com 50% de ocupa\u00e7\u00e3o, venda de passagens antecipadas e testagem dos funcion\u00e1rios. Fazem parte desta categoria 47 munic\u00edpios, incluindo Salvador e Regi\u00e3o Metropolitana, que ter\u00e3o os transportes liberados entre si. A exemplo est\u00e3o as cidades de Salvador, Feira de Santana, Alagoinhas e Santo Ant\u00f4nio de Jesus, n\u00e3o podendo operar fora do raio definido. As sa\u00eddas e chegadas de transporte interestadual tamb\u00e9m poder\u00e3o ser retomadas apenas nas 47 cidades listadas a seguir, cumprindo todos os protocolos citados, a exemplo de Salvador X Aracaju. N\u00e3o podendo sair linhas interestaduais de munic\u00edpios que n\u00e3o est\u00e3o na lista.<\/p>\n<p>J\u00e1 as opera\u00e7\u00f5es das linhas metropolitanas ser\u00e3o retomadas em todas as cidades com liga\u00e7\u00e3o rodovi\u00e1ria. Salvador, Lauro de Freitas e Sim\u00f5es Filho, que mantinham linhas operando devido \u00e0 liga\u00e7\u00e3o f\u00edsica entre os munic\u00edpios, passam a operar linhas tamb\u00e9m com Cama\u00e7ari, Candeias, Dias D\u2019\u00c1vila, Madre de Deus, Mata de S\u00e3o Jo\u00e3o, Pojuca, S\u00e3o Francisco do Conde e S\u00e3o Sebasti\u00e3o do Pass\u00e9.<\/p>\n<p>Al\u00e9m das novas regras, continuam em vigor medidas de higieniza\u00e7\u00e3o regular e proibi\u00e7\u00e3o de entrada e perman\u00eancia de passageiros sem m\u00e1scara facial em embarca\u00e7\u00f5es, ve\u00edculos e terminais. Nos terminais, o funcionamento dos guich\u00eas dever\u00e1 cumprir os protocolos impostos pelos \u00f3rg\u00e3os de sa\u00fade e fazer cumprir medidas de distanciamento entre passageiros e funcion\u00e1rios. As medidas ser\u00e3o adotadas em todo o plano de retomada dos servi\u00e7os em transportes, e foram definidas a partir de crit\u00e9rios t\u00e9cnicos.<\/p>\n<p>Den\u00fancias, reclama\u00e7\u00f5es e sugest\u00f5es podem ser encaminhadas \u00e0 Ouvidoria da Agerba atrav\u00e9s do telefone gratuito 0800 070 0080 ou pelo e-mail agerba.ouvidoria@agerba.ba.gov.br.<\/p>\n<p>&nbsp;<\/p>\n<p>Confira como fica a retomada gradativa de cada categoria<\/p>\n<p>&nbsp;<\/p>\n<p>TRANSPORTE HIDROVI\u00c1RIO<\/p>\n<p>Ferry-boat (Salvador \u2013 Itaparica)<\/p>\n<p>Sa\u00eddas de hora em hora, nos dois sentidos, das 5h00 \u00e0s 23h30<\/p>\n<p>&nbsp;<\/p>\n<p>Lanchas (Salvador \u2013 Vera Cruz)<\/p>\n<p>Sa\u00eddas de Vera Cruz: 5h00 \u00e0s 18h30<\/p>\n<p>Sa\u00eddas de Salvador: 6h30 \u00e0s 20h00<\/p>\n<p>&nbsp;<\/p>\n<p>Catamar\u00e3s (Salvador &#8211; Morro de S\u00e3o Paulo)<\/p>\n<p>Sa\u00eddas de Salvador: 9h00, 10h30, 13h30 e 14h30<\/p>\n<p>Sa\u00edda de Morro de S\u00e3o Paulo: 9h00, 11h30 e 15h00<\/p>\n<p>&nbsp;<\/p>\n<p>TRANSPORTE RODOVI\u00c1RIO INTERMUNICIPAL &#8211; 47 cidades<\/p>\n<p>&nbsp;<\/p>\n<p>Autorizado retorno de mais de 100 linhas de longa dist\u00e2ncia, intermunicipais, distantes de Salvador em at\u00e9 100 km. Cidades fora deste raio n\u00e3o est\u00e3o autorizadas a retomar os transportes, com quadro de hor\u00e1rio regular.<\/p>\n<p>&nbsp;<\/p>\n<p>Retorno das opera\u00e7\u00f5es de linhas entre as cidades de:<\/p>\n<p>&nbsp;<\/p>\n<p>ALAGOINHAS<\/p>\n<p>AM\u00c9LIA RODRIGUES<\/p>\n<p>ANTONIO CARDOSO<\/p>\n<p>ARA\u00c7AS<\/p>\n<p>ARAMARI<\/p>\n<p>ARATU\u00cdPE<\/p>\n<p>CACHOEIRA<\/p>\n<p>CATU<\/p>\n<p>CAIRU<\/p>\n<p>CONCEI\u00c7\u00c3O DA FEIRA<\/p>\n<p>CONCEI\u00c7\u00c3O DO ALMEIDA<\/p>\n<p>CONCEI\u00c7\u00c3O DO JACUIPE<\/p>\n<p>CORA\u00c7\u00c3O DE MARIA<\/p>\n<p>CRUZ DAS ALMAS<\/p>\n<p>DOM MACEDO COSTA<\/p>\n<p>DIAS D\u2019\u00c1VILA<\/p>\n<p>FEIRA DE SANTANA<\/p>\n<p>GOVERNADOR MANGABEIRA<\/p>\n<p>IPECAET\u00c1<\/p>\n<p>IRAR\u00c1<\/p>\n<p>ITANAGRA<\/p>\n<p>ITAPARICA<\/p>\n<p>JAGUARIPE<\/p>\n<p>MARAGOGIPE<\/p>\n<p>MUNIZ FERREIRA<\/p>\n<p>MURITIBA<\/p>\n<p>NAZAR\u00c9<\/p>\n<p>PEDR\u00c3O<\/p>\n<p>SALINAS DA MARGARIDA<\/p>\n<p>SANTO AMARO<\/p>\n<p>SANTO ANT\u00d4NIO DE JESUS<\/p>\n<p>SANTO ESTEV\u00c3O<\/p>\n<p>S\u00c3O FELIPE<\/p>\n<p>S\u00c3O FELIX<\/p>\n<p>S\u00c3O GON\u00c7ALO DOS CAMPOS<\/p>\n<p>SAUBARA<\/p>\n<p>TEODORO SAMPAIO<\/p>\n<p>CAMA\u00c7ARI<\/p>\n<p>CANDEIAS<\/p>\n<p>LAURO DE FREITAS<\/p>\n<p>MADRE DE DEUS<\/p>\n<p>MATA DE S\u00c3O JO\u00c3O<\/p>\n<p>POJUCA<\/p>\n<p>SALVADOR<\/p>\n<p>S\u00c3O FRANCISCO DO CONDE<\/p>\n<p>S\u00c3O SEBASTI\u00c3O DO PASS\u00c9<\/p>\n<p>VERA CRUZ<\/p>\n","protected":false},"excerpt":{"rendered":"<p>Cidades distantes at\u00e9 100 km de Salvador ter\u00e3o a circula\u00e7\u00e3o de \u00f4nibus liberada entre si Come\u00e7a nesta segunda-feira (10) a primeira fase da flexibiliza\u00e7\u00e3o do transporte intermunicipal. Para a reabertura, o Governo do Estado tomou como par\u00e2metro a taxa de ocupa\u00e7\u00e3o dos leitos de UTI, que permaneceu abaixo de 70% durante cinco dias. Dessa forma, [&hellip;]<\/p>\n","protected":false},"author":1,"featured_media":92876,"comment_status":"closed","ping_status":"closed","sticky":false,"template":"","format":"standard","meta":[],"categories":[1,212,7],"tags":[],"_links":{"self":[{"href":"https:\/\/blitzconquista.com.br\/index.php?rest_route=\/wp\/v2\/posts\/92874"}],"collection":[{"href":"https:\/\/blitzconquista.com.br\/index.php?rest_route=\/wp\/v2\/posts"}],"about":[{"href":"https:\/\/blitzconquista.com.br\/index.php?rest_route=\/wp\/v2\/types\/post"}],"author":[{"embeddable":true,"href":"https:\/\/blitzconquista.com.br\/index.php?rest_route=\/wp\/v2\/users\/1"}],"replies":[{"embeddable":true,"href":"https:\/\/blitzconquista.com.br\/index.php?rest_route=%2Fwp%2Fv2%2Fcomments&post=92874"}],"version-history":[{"count":1,"href":"https:\/\/blitzconquista.com.br\/index.php?rest_route=\/wp\/v2\/posts\/92874\/revisions"}],"predecessor-version":[{"id":92877,"href":"https:\/\/blitzconquista.com.br\/index.php?rest_route=\/wp\/v2\/posts\/92874\/revisions\/92877"}],"wp:featuredmedia":[{"embeddable":true,"href":"https:\/\/blitzconquista.com.br\/index.php?rest_route=\/wp\/v2\/media\/92876"}],"wp:attachment":[{"href":"https:\/\/blitzconquista.com.br\/index.php?rest_route=%2Fwp%2Fv2%2Fmedia&parent=92874"}],"wp:term":[{"taxonomy":"category","embeddable":true,"href":"https:\/\/blitzconquista.com.br\/index.php?rest_route=%2Fwp%2Fv2%2Fcategories&post=92874"},{"taxonomy":"post_tag","embeddable":true,"href":"https:\/\/blitzconquista.com.br\/index.php?rest_route=%2Fwp%2Fv2%2Ftags&post=92874"}],"curies":[{"name":"wp","href":"https:\/\/api.w.org\/{rel}","templated":true}]}}