{"id":92916,"date":"2020-08-12T15:12:01","date_gmt":"2020-08-12T18:12:01","guid":{"rendered":"http:\/\/blitzconquista.com.br\/?p=92916"},"modified":"2020-08-12T15:13:02","modified_gmt":"2020-08-12T18:13:02","slug":"positividade-novo-programa-da-transamerica-valoriza-historia-musical-e-personalidades-conquistenses","status":"publish","type":"post","link":"https:\/\/blitzconquista.com.br\/?p=92916","title":{"rendered":"\u201cPositividade\u201d: Novo programa da Transam\u00e9rica valoriza hist\u00f3ria musical e personalidades conquistenses"},"content":{"rendered":"<p><img decoding=\"async\" loading=\"lazy\" class=\"aligncenter wp-image-92918\" src=\"http:\/\/blitzconquista.com.br\/wp-content\/uploads\/2020\/08\/Positividade.jpg\" alt=\"\" width=\"766\" height=\"575\" srcset=\"https:\/\/blitzconquista.com.br\/wp-content\/uploads\/2020\/08\/Positividade.jpg 1599w, https:\/\/blitzconquista.com.br\/wp-content\/uploads\/2020\/08\/Positividade-300x225.jpg 300w, https:\/\/blitzconquista.com.br\/wp-content\/uploads\/2020\/08\/Positividade-695x522.jpg 695w, https:\/\/blitzconquista.com.br\/wp-content\/uploads\/2020\/08\/Positividade-768x576.jpg 768w, https:\/\/blitzconquista.com.br\/wp-content\/uploads\/2020\/08\/Positividade-1536x1153.jpg 1536w, https:\/\/blitzconquista.com.br\/wp-content\/uploads\/2020\/08\/Positividade-74x55.jpg 74w, https:\/\/blitzconquista.com.br\/wp-content\/uploads\/2020\/08\/Positividade-111x83.jpg 111w, https:\/\/blitzconquista.com.br\/wp-content\/uploads\/2020\/08\/Positividade-215x161.jpg 215w, https:\/\/blitzconquista.com.br\/wp-content\/uploads\/2020\/08\/Positividade-990x743.jpg 990w, https:\/\/blitzconquista.com.br\/wp-content\/uploads\/2020\/08\/Positividade-1320x991.jpg 1320w\" sizes=\"(max-width: 766px) 100vw, 766px\" \/>Vit\u00f3ria da Conquista conta com mais uma grande atra\u00e7\u00e3o nas ondas sonoras do r\u00e1dio. Ao comando de Nagib e Maciel J\u00fanior, foi estreado nesta segunda-feira(10), o programa Positividade, na Transam\u00e9rica FM. Positividade vai ao ar de segunda a sexta, \u00e0s 16h.<\/p>\n<p>Com uma linguagem leve e animada, o programa traz temas sobre cultura, sociedade e neg\u00f3cios, resgatando e valorizando a tradi\u00e7\u00e3o e personalidades de Conquista e regi\u00e3o. E a semana de estr\u00e9ia j\u00e1 tem sido em grande estilo. O quadro \u201cSala de Visitas\u201d j\u00e1 contou com a participa\u00e7\u00e3o de Luiz Caldas falando sobre arte e cultura, Rosa Aurich, falando sobre o projeto cultural, Plural, e a import\u00e2ncia no debate sobre investimentos e empreendimentos sustent\u00e1veis.<\/p>\n<p>\u201cO programa Positividade caiu como uma luva nesse momento t\u00e3o dif\u00edcil que enfrentamos, para falar sobre cultura, arte e temas diversos, trazendo para os ouvintes mensagens positivas para enfrentar o dia a dia\u201d, escreveu Rosa Aurich em suas redes sociais.<\/p>\n<p>Destaque tamb\u00e9m para o quadro \u201cHist\u00f3ria da M\u00fasica\u201d. Todos os dias, os apresentadores trazem curiosidades e detalhes sobre a composi\u00e7\u00e3o de consagradas can\u00e7\u00f5es da M\u00fasica Popular Brasileira.<\/p>\n<p>O Programa tem contado com o apoio de conhecidas personalidades da cultura baiana. Al\u00e9m de Luiz Caldas, grande incentivador do projeto, Carlinhos Brown tamb\u00e9m j\u00e1 enviou seu recado aos ouvintes conquistenses recomendando o Programa Positividade.<\/p>\n<p>Fonte: Blog do Rodrigo Ferraz<\/p>\n","protected":false},"excerpt":{"rendered":"<p>Vit\u00f3ria da Conquista conta com mais uma grande atra\u00e7\u00e3o nas ondas sonoras do r\u00e1dio. Ao comando de Nagib e Maciel J\u00fanior, foi estreado nesta segunda-feira(10), o programa Positividade, na Transam\u00e9rica FM. Positividade vai ao ar de segunda a sexta, \u00e0s 16h. Com uma linguagem leve e animada, o programa traz temas sobre cultura, sociedade e [&hellip;]<\/p>\n","protected":false},"author":1,"featured_media":92919,"comment_status":"closed","ping_status":"closed","sticky":false,"template":"","format":"standard","meta":[],"categories":[4,212],"tags":[],"_links":{"self":[{"href":"https:\/\/blitzconquista.com.br\/index.php?rest_route=\/wp\/v2\/posts\/92916"}],"collection":[{"href":"https:\/\/blitzconquista.com.br\/index.php?rest_route=\/wp\/v2\/posts"}],"about":[{"href":"https:\/\/blitzconquista.com.br\/index.php?rest_route=\/wp\/v2\/types\/post"}],"author":[{"embeddable":true,"href":"https:\/\/blitzconquista.com.br\/index.php?rest_route=\/wp\/v2\/users\/1"}],"replies":[{"embeddable":true,"href":"https:\/\/blitzconquista.com.br\/index.php?rest_route=%2Fwp%2Fv2%2Fcomments&post=92916"}],"version-history":[{"count":2,"href":"https:\/\/blitzconquista.com.br\/index.php?rest_route=\/wp\/v2\/posts\/92916\/revisions"}],"predecessor-version":[{"id":92921,"href":"https:\/\/blitzconquista.com.br\/index.php?rest_route=\/wp\/v2\/posts\/92916\/revisions\/92921"}],"wp:featuredmedia":[{"embeddable":true,"href":"https:\/\/blitzconquista.com.br\/index.php?rest_route=\/wp\/v2\/media\/92919"}],"wp:attachment":[{"href":"https:\/\/blitzconquista.com.br\/index.php?rest_route=%2Fwp%2Fv2%2Fmedia&parent=92916"}],"wp:term":[{"taxonomy":"category","embeddable":true,"href":"https:\/\/blitzconquista.com.br\/index.php?rest_route=%2Fwp%2Fv2%2Fcategories&post=92916"},{"taxonomy":"post_tag","embeddable":true,"href":"https:\/\/blitzconquista.com.br\/index.php?rest_route=%2Fwp%2Fv2%2Ftags&post=92916"}],"curies":[{"name":"wp","href":"https:\/\/api.w.org\/{rel}","templated":true}]}}