{"id":92934,"date":"2020-08-13T08:36:47","date_gmt":"2020-08-13T11:36:47","guid":{"rendered":"http:\/\/blitzconquista.com.br\/?p=92934"},"modified":"2020-08-13T08:36:47","modified_gmt":"2020-08-13T11:36:47","slug":"conselho-de-saude-se-reune-mas-representante-de-herzem-nao-aparece","status":"publish","type":"post","link":"https:\/\/blitzconquista.com.br\/?p=92934","title":{"rendered":"Conselho de Sa\u00fade se re\u00fane, mas representante de Herzem n\u00e3o aparece"},"content":{"rendered":"<p>A reuni\u00e3o do Conselho Municipal de Sa\u00fade que ocorreu na tarde desta quarta (12), teria como pauta a apresenta\u00e7\u00e3o, pelo representante do governo municipal, dos dados\u00a0 e modelo de estudo que subsidiou\u00a0 a manuten\u00e7\u00e3o\u00a0 da reabertura das atividades econ\u00f4micas em Vit\u00f3ria da Conquista, apesar de haver crescimento do n\u00famero de infectados pela covid-19.<\/p>\n<p>Estiveram presentes representantes da Universidade Estadual do Sudoesta da Bahia \u2013 UESB, Universidade Federal da Bahia e do Minist\u00e9rio P\u00fablico Municipal. No entanto, o representante do governo municipal n\u00e3o apareceu. Isso ocorre em um momento cr\u00edtico, porque a imprensa local tem divulgado as declara\u00e7\u00f5es do prefeito contra os membros do Conselho Municipal de Sa\u00fade. Em entrevista recente, HGP declarou que o Conselho \u201c\u00e9 a turma do quanto pior, melhor, servem a partidos pol\u00edticos\u201d.<\/p>\n<p>Apesar da aus\u00eancia da representa\u00e7\u00e3o do executivo municipal, a reuni\u00e3o foi muito proveitosa e esclarecedora devido \u00e0 contribui\u00e7\u00e3o dos representantes das institui\u00e7\u00f5es convidadas:<\/p>\n<p>&nbsp;<\/p>\n<h3>UESB<\/h3>\n<p>Foi representada pelo Reitor Luiz Ot\u00e1vio, juntamente com os professores Carlos Bernard e Rafael Fontan, respons\u00e1veis pelo acompanhamento e estudo dos n\u00fameros da pandemia nas cidades sedes dos tr\u00eas Campi (Vit\u00f3ria da Conquista, Jequi\u00e9 e Itapetinga).<\/p>\n<p>Segundo os pesquisadores os n\u00fameros seguem a tend\u00eancia de crescimento, pois o pico ainda n\u00e3o foi alcan\u00e7ado. Quanto ao crescimento acelerado no aumento no n\u00famero de casos, a causa foi exatamente a flexibiliza\u00e7\u00e3o do com\u00e9rcio. Outro fator que causa expectativa de piora no quadro estat\u00edstico \u00e9 a subnotifica\u00e7\u00e3o no n\u00famero de casos.<\/p>\n<p>&nbsp;<\/p>\n<h3>MPE<\/h3>\n<p>A representante do Minist\u00e9rio P\u00fablico, Dra. Guiomar Miranda se ateve mais a esclarecer a motiva\u00e7\u00e3o existente para acionar juridicamente o munic\u00edpio, com o objetivo de manter o com\u00e9rcio fechado, como medida necess\u00e1ria para conter a dissemina\u00e7\u00e3o r\u00e1pida da covid-19.<\/p>\n<p>&nbsp;<\/p>\n<h3>UFBA<\/h3>\n<p>O Prof. Dr. M\u00e1rcio\u00a0 Galv\u00e3o Guimar\u00e3es de Oliveira apresentou dados obtidos com a realiza\u00e7\u00e3o de estudos cient\u00edficos que demonstram em que condi\u00e7\u00e3o realmente a pandemia est\u00e1 sendo combatida.<\/p>\n<p>O que se evidencia com mais esse epis\u00f3dio \u00e9 que n\u00e3o parece haver dedica\u00e7\u00e3o ao di\u00e1logo diante de situa\u00e7\u00f5es em que a diverg\u00eancia de opini\u00e3o dificulta \u00e0s partes a obten\u00e7\u00e3o do consenso. Diante disso, \u00e9 poss\u00edvel fazer diversos questionamentos: Por qu\u00ea o governo HGP n\u00e3o enviou o seu representante? O CMS \u00e9 realmente partidarista e n\u00e3o age tecnicamente?<\/p>\n<p>O executivo municipal tem o dever de esclarecer, tecnicamente, os motivos das suas decis\u00f5es ao povo!<\/p>\n","protected":false},"excerpt":{"rendered":"<p>A reuni\u00e3o do Conselho Municipal de Sa\u00fade que ocorreu na tarde desta quarta (12), teria como pauta a apresenta\u00e7\u00e3o, pelo representante do governo municipal, dos dados\u00a0 e modelo de estudo que subsidiou\u00a0 a manuten\u00e7\u00e3o\u00a0 da reabertura das atividades econ\u00f4micas em Vit\u00f3ria da Conquista, apesar de haver crescimento do n\u00famero de infectados pela covid-19. Estiveram presentes [&hellip;]<\/p>\n","protected":false},"author":1,"featured_media":92936,"comment_status":"closed","ping_status":"closed","sticky":false,"template":"","format":"standard","meta":[],"categories":[212,30],"tags":[],"_links":{"self":[{"href":"https:\/\/blitzconquista.com.br\/index.php?rest_route=\/wp\/v2\/posts\/92934"}],"collection":[{"href":"https:\/\/blitzconquista.com.br\/index.php?rest_route=\/wp\/v2\/posts"}],"about":[{"href":"https:\/\/blitzconquista.com.br\/index.php?rest_route=\/wp\/v2\/types\/post"}],"author":[{"embeddable":true,"href":"https:\/\/blitzconquista.com.br\/index.php?rest_route=\/wp\/v2\/users\/1"}],"replies":[{"embeddable":true,"href":"https:\/\/blitzconquista.com.br\/index.php?rest_route=%2Fwp%2Fv2%2Fcomments&post=92934"}],"version-history":[{"count":1,"href":"https:\/\/blitzconquista.com.br\/index.php?rest_route=\/wp\/v2\/posts\/92934\/revisions"}],"predecessor-version":[{"id":92937,"href":"https:\/\/blitzconquista.com.br\/index.php?rest_route=\/wp\/v2\/posts\/92934\/revisions\/92937"}],"wp:featuredmedia":[{"embeddable":true,"href":"https:\/\/blitzconquista.com.br\/index.php?rest_route=\/wp\/v2\/media\/92936"}],"wp:attachment":[{"href":"https:\/\/blitzconquista.com.br\/index.php?rest_route=%2Fwp%2Fv2%2Fmedia&parent=92934"}],"wp:term":[{"taxonomy":"category","embeddable":true,"href":"https:\/\/blitzconquista.com.br\/index.php?rest_route=%2Fwp%2Fv2%2Fcategories&post=92934"},{"taxonomy":"post_tag","embeddable":true,"href":"https:\/\/blitzconquista.com.br\/index.php?rest_route=%2Fwp%2Fv2%2Ftags&post=92934"}],"curies":[{"name":"wp","href":"https:\/\/api.w.org\/{rel}","templated":true}]}}