{"id":93028,"date":"2020-08-17T12:19:26","date_gmt":"2020-08-17T15:19:26","guid":{"rendered":"http:\/\/blitzconquista.com.br\/?p=93028"},"modified":"2020-08-17T12:35:50","modified_gmt":"2020-08-17T15:35:50","slug":"dia-29-de-agosto-live-do-ministerio-percussivo-benai-elohim","status":"publish","type":"post","link":"https:\/\/blitzconquista.com.br\/?p=93028","title":{"rendered":"Dia 29 de Agosto &#8211; Live do Minist\u00e9rio Percussivo Benai Elohim"},"content":{"rendered":"<p><a href=\"https:\/\/portalconquistagospel.com.br\/\"><img decoding=\"async\" loading=\"lazy\" class=\" wp-image-92864 aligncenter\" src=\"http:\/\/blitzconquista.com.br\/wp-content\/uploads\/2020\/08\/ANUNCIE-AQUI-3-300x66.png\" alt=\"\" width=\"515\" height=\"115\" \/><\/a><\/p>\n<p>Dia <em><strong>29 de agosto<\/strong><\/em> a partir das 17:30h tem live especial em comemora\u00e7\u00e3o aos 10 anos do Minist\u00e9rio Percussivo Benai Elohim.<\/p>\n<p>Esse Minist\u00e9rio que surgiu aqui na cidade de Vit\u00f3ria da Conquista, mas que j\u00e1 levou o seu estilo musical para diversos lugares no estado da Bahia, j\u00e1 revelou diversos cantores e vem trazendo novidade no repert\u00f3rio musical que ser\u00e1 apresentado nesse dia especial de live e voc\u00ea vai poder conferir de perto.<\/p>\n<p>Basta acessar o link ?? <a href=\"https:\/\/www.youtube.com\/user\/benaielohim1\">https:\/\/bit.ly\/BenaiElohim<\/a> se inscrever no canal e ativar o sininho para ser avisado da live.<\/p>\n<p><img decoding=\"async\" loading=\"lazy\" class=\"size-medium wp-image-93030 aligncenter\" src=\"http:\/\/blitzconquista.com.br\/wp-content\/uploads\/2020\/08\/benai-300x293.jpg\" alt=\"\" width=\"300\" height=\"293\" srcset=\"https:\/\/blitzconquista.com.br\/wp-content\/uploads\/2020\/08\/benai-300x293.jpg 300w, https:\/\/blitzconquista.com.br\/wp-content\/uploads\/2020\/08\/benai-668x653.jpg 668w, https:\/\/blitzconquista.com.br\/wp-content\/uploads\/2020\/08\/benai-768x750.jpg 768w, https:\/\/blitzconquista.com.br\/wp-content\/uploads\/2020\/08\/benai.jpg 777w\" sizes=\"(max-width: 300px) 100vw, 300px\" \/><\/p>\n<p>Fonte :Blog do Simiao Celio<\/p>\n<p>&nbsp;<\/p>\n<p>&nbsp;<\/p>\n","protected":false},"excerpt":{"rendered":"<p>Dia 29 de agosto a partir das 17:30h tem live especial em comemora\u00e7\u00e3o aos 10 anos do Minist\u00e9rio Percussivo Benai Elohim. Esse Minist\u00e9rio que surgiu aqui na cidade de Vit\u00f3ria da Conquista, mas que j\u00e1 levou o seu estilo musical para diversos lugares no estado da Bahia, j\u00e1 revelou diversos cantores e vem trazendo novidade [&hellip;]<\/p>\n","protected":false},"author":1,"featured_media":93030,"comment_status":"closed","ping_status":"closed","sticky":false,"template":"","format":"standard","meta":[],"categories":[410],"tags":[520],"_links":{"self":[{"href":"https:\/\/blitzconquista.com.br\/index.php?rest_route=\/wp\/v2\/posts\/93028"}],"collection":[{"href":"https:\/\/blitzconquista.com.br\/index.php?rest_route=\/wp\/v2\/posts"}],"about":[{"href":"https:\/\/blitzconquista.com.br\/index.php?rest_route=\/wp\/v2\/types\/post"}],"author":[{"embeddable":true,"href":"https:\/\/blitzconquista.com.br\/index.php?rest_route=\/wp\/v2\/users\/1"}],"replies":[{"embeddable":true,"href":"https:\/\/blitzconquista.com.br\/index.php?rest_route=%2Fwp%2Fv2%2Fcomments&post=93028"}],"version-history":[{"count":3,"href":"https:\/\/blitzconquista.com.br\/index.php?rest_route=\/wp\/v2\/posts\/93028\/revisions"}],"predecessor-version":[{"id":93033,"href":"https:\/\/blitzconquista.com.br\/index.php?rest_route=\/wp\/v2\/posts\/93028\/revisions\/93033"}],"wp:featuredmedia":[{"embeddable":true,"href":"https:\/\/blitzconquista.com.br\/index.php?rest_route=\/wp\/v2\/media\/93030"}],"wp:attachment":[{"href":"https:\/\/blitzconquista.com.br\/index.php?rest_route=%2Fwp%2Fv2%2Fmedia&parent=93028"}],"wp:term":[{"taxonomy":"category","embeddable":true,"href":"https:\/\/blitzconquista.com.br\/index.php?rest_route=%2Fwp%2Fv2%2Fcategories&post=93028"},{"taxonomy":"post_tag","embeddable":true,"href":"https:\/\/blitzconquista.com.br\/index.php?rest_route=%2Fwp%2Fv2%2Ftags&post=93028"}],"curies":[{"name":"wp","href":"https:\/\/api.w.org\/{rel}","templated":true}]}}