{"id":94005,"date":"2020-09-23T16:33:30","date_gmt":"2020-09-23T19:33:30","guid":{"rendered":"http:\/\/blitzconquista.com.br\/?p=94005"},"modified":"2020-09-23T16:33:30","modified_gmt":"2020-09-23T19:33:30","slug":"mais-de-100-deputados-federais-assinam-manifesto-contra-corte-de-r-18-bi-no-orcamento-do-mec-para-2021","status":"publish","type":"post","link":"https:\/\/blitzconquista.com.br\/?p=94005","title":{"rendered":"Mais de 100 deputados federais assinam manifesto contra corte de R$ 1,8 bi no or\u00e7amento do MEC para 2021\u00a0"},"content":{"rendered":"<p><span data-contrast=\"auto\">Mais de 100 deputados federais de diversos partidos se comprometeram a reverter o corte de R$ 1,8 bilh\u00e3o em despesas discricion\u00e1rias anunciado pelo Minist\u00e9rio da Educa\u00e7\u00e3o para 2021. Os parlamentares assinaram o\u00a0<\/span><a href=\"http:\/\/www.jornaldaciencia.org.br\/wp-content\/uploads\/2020\/09\/ManifestoEducacao-1.pdf\"><span data-contrast=\"none\">\u201cmanifesto pelo or\u00e7amento justo da Educa\u00e7\u00e3o\u201d<\/span><\/a><span data-contrast=\"auto\">, endossado por diversas entidades da \u00e1rea, como a Associa\u00e7\u00e3o Nacional dos Dirigentes das Institui\u00e7\u00f5es Federais de Ensino Superior (Andifes) e Uni\u00e3o Nacional dos Estudantes (UNE) e 16 frentes parlamentares do Congresso Nacional.\u00a0<\/span><span data-ccp-props=\"{&quot;201341983&quot;:0,&quot;335559739&quot;:160,&quot;335559740&quot;:259}\">\u00a0<\/span><\/p>\n<p><span data-ccp-props=\"{&quot;201341983&quot;:0,&quot;335559739&quot;:160,&quot;335559740&quot;:259}\">\u00a0<\/span><span data-contrast=\"auto\">S\u00e3o consideradas despesas discricion\u00e1rias do Minist\u00e9rio da Educa\u00e7\u00e3o, por exemplo, a concess\u00e3o de bolsas de pesquisas no ensino superior, exames como o Prova Brasil e o Enem, investimentos no Programa Nacional de Acesso ao Ensino T\u00e9cnico e Emprego (Pronatec).\u00a0<\/span><span data-ccp-props=\"{&quot;201341983&quot;:0,&quot;335559739&quot;:160,&quot;335559740&quot;:259}\">\u00a0<\/span><\/p>\n<p><span data-contrast=\"auto\">Pol\u00edticos e membros de entidades participaram de um ato virtual em defesa de or\u00e7amento que atenda mais as necessidades da educa\u00e7\u00e3o brasileira. O deputado federal Pedro Cunha Lima (PSDB-PB), presidente da Comiss\u00e3o de Educa\u00e7\u00e3o na C\u00e2mara, diz que, ao longo do tempo, as despesas obrigat\u00f3rias t\u00eam crescido de forma substancial, o que acarreta\u00a0na\u00a0diminui\u00e7\u00e3o de outros investimentos na \u00e1rea.\u00a0<\/span><span data-ccp-props=\"{&quot;201341983&quot;:0,&quot;335559739&quot;:160,&quot;335559740&quot;:259}\">\u00a0<\/span><\/p>\n<p><span data-contrast=\"auto\">\u201cO crescimento das despesas obrigat\u00f3rias faz com que se diminua os investimentos da verba discricion\u00e1ria. Considero importante refletirmos sobre isso. Dessa forma, poderemos estabelecer um entendimento maior sobre a Educa\u00e7\u00e3o.\u201d<\/span><span data-ccp-props=\"{&quot;201341983&quot;:0,&quot;335559739&quot;:160,&quot;335559740&quot;:259}\">\u00a0<\/span><\/p>\n<p><span data-contrast=\"auto\">No \u00e2mbito das universidades e institui\u00e7\u00f5es federais, as despesas discricion\u00e1rias englobam gastos com o funcionamento, obras, contrata\u00e7\u00e3o de servi\u00e7os de terceiriza\u00e7\u00e3o da m\u00e3o de obra e custos com assist\u00eancia estudantil.\u00a0<\/span><span data-ccp-props=\"{&quot;201341983&quot;:0,&quot;335559739&quot;:160,&quot;335559740&quot;:259}\">\u00a0<\/span><\/p>\n<p><span data-contrast=\"auto\">Rosana Cavalcante, vice-presidente de Rela\u00e7\u00f5es Parlamentares do Conselho Nacional das Institui\u00e7\u00f5es da Rede Federal (Conif) e reitora do Instituto Federal do Acre (Ifac), diz que o Governo Federal n\u00e3o aumenta os investimentos para o ensino federal h\u00e1 seis anos. Por outro lado, segundo ela, a oferta de vagas nessas institui\u00e7\u00f5es tem crescido ao longo dos anos.\u00a0<\/span><span data-ccp-props=\"{&quot;201341983&quot;:0,&quot;335559739&quot;:160,&quot;335559740&quot;:259}\">\u00a0<\/span><\/p>\n<p><span data-contrast=\"auto\">\u201cO or\u00e7amento federal praticamente n\u00e3o tem tido reajustes de 2014 para c\u00e1. Entre 2016 e 2019, trabalhamos com o mesmo or\u00e7amento. No entanto, a rede federal tem crescido em m\u00e9dia 6,8%. Significa que, apesar do or\u00e7amento reduzido, a oferta de vagas tem crescido\u201d, explica.<\/span><span data-ccp-props=\"{&quot;201341983&quot;:0,&quot;335559739&quot;:160,&quot;335559740&quot;:259}\">\u00a0<\/span><\/p>\n<p><span data-contrast=\"auto\">Os parlamentares que compareceram no encontro realizado pela internet afirmaram que v\u00e3o tentar reverter o corte de R$ 1,8 bilh\u00e3o na Comiss\u00e3o Mista de Or\u00e7amento (CMO), colegiado formado por deputados federais e senadores que analisa propostas or\u00e7ament\u00e1rias elaboradas pelo Poder Executivo.\u00a0<\/span><span data-ccp-props=\"{&quot;201341983&quot;:0,&quot;335559739&quot;:160,&quot;335559740&quot;:259}\">\u00a0<\/span><\/p>\n<h4 aria-level=\"2\"><span data-contrast=\"none\">Atualidade<\/span><span data-ccp-props=\"{&quot;201341983&quot;:0,&quot;335559738&quot;:40,&quot;335559739&quot;:0,&quot;335559740&quot;:259}\">\u00a0<\/span><\/h4>\n<p><span data-contrast=\"auto\">Na \u00faltima semana, o ministro da Educa\u00e7\u00e3o, Milton Ribeiro, afirmou que cerca de R$ 1,6 bilh\u00e3o foi cortado do or\u00e7amento da pasta neste ano. O titular da pasta disse que o corte\u00a0ocorreu pois\u00a0a equipe econ\u00f4mica argumentou que o dinheiro n\u00e3o tinha uma clara finalidade de utiliza\u00e7\u00e3o. De acordo com ele, o corte pode prejudicar principalmente os investimentos na educa\u00e7\u00e3o b\u00e1sica.<\/span><span data-ccp-props=\"{&quot;201341983&quot;:0,&quot;335559739&quot;:160,&quot;335559740&quot;:259}\">\u00a0<\/span><\/p>\n","protected":false},"excerpt":{"rendered":"<p>Mais de 100 deputados federais de diversos partidos se comprometeram a reverter o corte de R$ 1,8 bilh\u00e3o em despesas discricion\u00e1rias anunciado pelo Minist\u00e9rio da Educa\u00e7\u00e3o para 2021. Os parlamentares assinaram o\u00a0\u201cmanifesto pelo or\u00e7amento justo da Educa\u00e7\u00e3o\u201d, endossado por diversas entidades da \u00e1rea, como a Associa\u00e7\u00e3o Nacional dos Dirigentes das Institui\u00e7\u00f5es Federais de Ensino Superior [&hellip;]<\/p>\n","protected":false},"author":1,"featured_media":94007,"comment_status":"closed","ping_status":"closed","sticky":false,"template":"","format":"standard","meta":[],"categories":[1,28],"tags":[],"_links":{"self":[{"href":"https:\/\/blitzconquista.com.br\/index.php?rest_route=\/wp\/v2\/posts\/94005"}],"collection":[{"href":"https:\/\/blitzconquista.com.br\/index.php?rest_route=\/wp\/v2\/posts"}],"about":[{"href":"https:\/\/blitzconquista.com.br\/index.php?rest_route=\/wp\/v2\/types\/post"}],"author":[{"embeddable":true,"href":"https:\/\/blitzconquista.com.br\/index.php?rest_route=\/wp\/v2\/users\/1"}],"replies":[{"embeddable":true,"href":"https:\/\/blitzconquista.com.br\/index.php?rest_route=%2Fwp%2Fv2%2Fcomments&post=94005"}],"version-history":[{"count":1,"href":"https:\/\/blitzconquista.com.br\/index.php?rest_route=\/wp\/v2\/posts\/94005\/revisions"}],"predecessor-version":[{"id":94008,"href":"https:\/\/blitzconquista.com.br\/index.php?rest_route=\/wp\/v2\/posts\/94005\/revisions\/94008"}],"wp:featuredmedia":[{"embeddable":true,"href":"https:\/\/blitzconquista.com.br\/index.php?rest_route=\/wp\/v2\/media\/94007"}],"wp:attachment":[{"href":"https:\/\/blitzconquista.com.br\/index.php?rest_route=%2Fwp%2Fv2%2Fmedia&parent=94005"}],"wp:term":[{"taxonomy":"category","embeddable":true,"href":"https:\/\/blitzconquista.com.br\/index.php?rest_route=%2Fwp%2Fv2%2Fcategories&post=94005"},{"taxonomy":"post_tag","embeddable":true,"href":"https:\/\/blitzconquista.com.br\/index.php?rest_route=%2Fwp%2Fv2%2Ftags&post=94005"}],"curies":[{"name":"wp","href":"https:\/\/api.w.org\/{rel}","templated":true}]}}