{"id":94017,"date":"2020-09-24T05:06:27","date_gmt":"2020-09-24T08:06:27","guid":{"rendered":"http:\/\/blitzconquista.com.br\/?p=94017"},"modified":"2020-09-24T05:09:23","modified_gmt":"2020-09-24T08:09:23","slug":"prf-na-bahia-inicia-capacitacao-dos-agentes-de-pronta-resposta-federal","status":"publish","type":"post","link":"https:\/\/blitzconquista.com.br\/?p=94017","title":{"rendered":"PRF na Bahia inicia capacita\u00e7\u00e3o dos agentes de Pronta Resposta Federal"},"content":{"rendered":"<header class=\"entry-header\"><\/header>\n<div class=\"entry-content clearfix\">\n<p align=\"right\"><em><strong>O treinamento contemplou a capacita\u00e7\u00e3o do fuzil M15, de calibre 5.56mm, adquirida recentemente pela PRF para ser a arma longa de uso nas rondas.<\/strong><\/em><\/p>\n<p align=\"justify\">A Pol\u00edcia Rodovi\u00e1ria Federal na Bahia deu in\u00edcio ao Ciclo de Capacita\u00e7\u00e3o Profissional 2020\/21, com vistas a capacita\u00e7\u00e3o e atualiza\u00e7\u00e3o anual obrigat\u00f3ria de todo efetivo policial.<\/p>\n<p align=\"justify\"><img decoding=\"async\" loading=\"lazy\" class=\"size-medium wp-image-137983 alignleft\" src=\"https:\/\/www.prf.gov.br\/agencia\/wp-content\/uploads\/2020\/09\/WhatsApp-Image-2020-09-23-at-10.18.33-300x200.jpeg\" sizes=\"(max-width: 300px) 100vw, 300px\" srcset=\"https:\/\/www.prf.gov.br\/agencia\/wp-content\/uploads\/2020\/09\/WhatsApp-Image-2020-09-23-at-10.18.33-300x200.jpeg 300w, https:\/\/www.prf.gov.br\/agencia\/wp-content\/uploads\/2020\/09\/WhatsApp-Image-2020-09-23-at-10.18.33-768x512.jpeg 768w, https:\/\/www.prf.gov.br\/agencia\/wp-content\/uploads\/2020\/09\/WhatsApp-Image-2020-09-23-at-10.18.33-800x533.jpeg 800w, https:\/\/www.prf.gov.br\/agencia\/wp-content\/uploads\/2020\/09\/WhatsApp-Image-2020-09-23-at-10.18.33.jpeg 1280w\" alt=\"\" width=\"300\" height=\"200\" \/>Organizado pelo Setor de Educa\u00e7\u00e3o Corporativa da BA, o CAP \u00e9 um programa institucional que acontece anualmente e visa manter o policial rodovi\u00e1rio federal apto para exercer suas atividades operacionais e contempla o treinamento e aperfei\u00e7oamento em t\u00e9cnicas que garantam a seguran\u00e7a, efici\u00eancia e legalidade das a\u00e7\u00f5es policiais, aplicando-as nas diversas situa\u00e7\u00f5es cotidianas enfrentadas pelo policial no seu dia-a-dia.<\/p>\n<p align=\"justify\">Nesta ter\u00e7a-feira (22), o treinamento da disciplina Armamento, Muni\u00e7\u00f5es e Tiro (AMT), contemplou a capacita\u00e7\u00e3o no uso das novas carabinas Armalite de plataforma M15 (cal. 5.56mm), adquiridas recentemente pela institui\u00e7\u00e3o.<\/p>\n<p align=\"justify\">Durante a aula, os policiais puderam aperfei\u00e7oar o manuseio do fuzil e praticar o tiro em treinamento. Os instrutores ressaltaram a import\u00e2ncia da seguran\u00e7a no manuseio do armamento, principalmente, em situa\u00e7\u00f5es de conflitos que seja necess\u00e1ria sua utiliza\u00e7\u00e3o para manuten\u00e7\u00e3o da ordem p\u00fablica.<\/p>\n<p align=\"justify\"><img decoding=\"async\" loading=\"lazy\" class=\" wp-image-137980 alignright\" src=\"https:\/\/www.prf.gov.br\/agencia\/wp-content\/uploads\/2020\/09\/WhatsApp-Image-2020-09-23-at-10.18.33-3-300x200.jpeg\" sizes=\"(max-width: 287px) 100vw, 287px\" srcset=\"https:\/\/www.prf.gov.br\/agencia\/wp-content\/uploads\/2020\/09\/WhatsApp-Image-2020-09-23-at-10.18.33-3-300x200.jpeg 300w, https:\/\/www.prf.gov.br\/agencia\/wp-content\/uploads\/2020\/09\/WhatsApp-Image-2020-09-23-at-10.18.33-3-768x512.jpeg 768w, https:\/\/www.prf.gov.br\/agencia\/wp-content\/uploads\/2020\/09\/WhatsApp-Image-2020-09-23-at-10.18.33-3-800x533.jpeg 800w, https:\/\/www.prf.gov.br\/agencia\/wp-content\/uploads\/2020\/09\/WhatsApp-Image-2020-09-23-at-10.18.33-3.jpeg 1280w\" alt=\"\" width=\"287\" height=\"191\" \/>Vale destacar que o CAP 2020\/21 estava previsto para iniciar no primeiro semestre deste ano. Contudo, em raz\u00e3o das restri\u00e7\u00f5es impostas pela pandemia da COVID-19, as instru\u00e7\u00f5es come\u00e7aram nesse m\u00eas de agosto e foram adotadas as medidas preventivas como o uso de m\u00e1scara por todos os participantes, disponibilidade de \u00e1lcool em gel, instru\u00e7\u00e3o em local aberto, al\u00e9m da redu\u00e7\u00e3o do n\u00famero de policiais por turma para resguardar o distanciamento.<\/p>\n<p align=\"justify\">Est\u00e3o previstas ainda este ano as capacita\u00e7\u00f5es em T\u00e9cnicas de Abordagem (TAB), do Uso Diferenciado da For\u00e7a (UDF), de Condu\u00e7\u00e3o Veicular Policial (CVP), bem como na renova\u00e7\u00e3o da habilita\u00e7\u00e3o nas pistolas Glock 9mm.<\/p>\n<p align=\"justify\"><img decoding=\"async\" loading=\"lazy\" class=\"aligncenter size-full wp-image-94019\" src=\"http:\/\/blitzconquista.com.br\/wp-content\/uploads\/2020\/09\/WhatsApp-Image-2020-09-23-at-10.19.51-2.jpeg\" alt=\"\" width=\"1280\" height=\"853\" srcset=\"https:\/\/blitzconquista.com.br\/wp-content\/uploads\/2020\/09\/WhatsApp-Image-2020-09-23-at-10.19.51-2.jpeg 1280w, https:\/\/blitzconquista.com.br\/wp-content\/uploads\/2020\/09\/WhatsApp-Image-2020-09-23-at-10.19.51-2-300x200.jpeg 300w, https:\/\/blitzconquista.com.br\/wp-content\/uploads\/2020\/09\/WhatsApp-Image-2020-09-23-at-10.19.51-2-695x463.jpeg 695w, https:\/\/blitzconquista.com.br\/wp-content\/uploads\/2020\/09\/WhatsApp-Image-2020-09-23-at-10.19.51-2-768x512.jpeg 768w, https:\/\/blitzconquista.com.br\/wp-content\/uploads\/2020\/09\/WhatsApp-Image-2020-09-23-at-10.19.51-2-414x276.jpeg 414w, https:\/\/blitzconquista.com.br\/wp-content\/uploads\/2020\/09\/WhatsApp-Image-2020-09-23-at-10.19.51-2-470x313.jpeg 470w, https:\/\/blitzconquista.com.br\/wp-content\/uploads\/2020\/09\/WhatsApp-Image-2020-09-23-at-10.19.51-2-640x426.jpeg 640w, https:\/\/blitzconquista.com.br\/wp-content\/uploads\/2020\/09\/WhatsApp-Image-2020-09-23-at-10.19.51-2-130x86.jpeg 130w, https:\/\/blitzconquista.com.br\/wp-content\/uploads\/2020\/09\/WhatsApp-Image-2020-09-23-at-10.19.51-2-187x124.jpeg 187w, https:\/\/blitzconquista.com.br\/wp-content\/uploads\/2020\/09\/WhatsApp-Image-2020-09-23-at-10.19.51-2-990x660.jpeg 990w\" sizes=\"(max-width: 1280px) 100vw, 1280px\" \/><\/p>\n<p align=\"justify\">Fonte: Setor de Comunica\u00e7\u00e3o: PRF-BA<\/p>\n<\/div>\n","protected":false},"excerpt":{"rendered":"<p>O treinamento contemplou a capacita\u00e7\u00e3o do fuzil M15, de calibre 5.56mm, adquirida recentemente pela PRF para ser a arma longa de uso nas rondas. A Pol\u00edcia Rodovi\u00e1ria Federal na Bahia deu in\u00edcio ao Ciclo de Capacita\u00e7\u00e3o Profissional 2020\/21, com vistas a capacita\u00e7\u00e3o e atualiza\u00e7\u00e3o anual obrigat\u00f3ria de todo efetivo policial. Organizado pelo Setor de Educa\u00e7\u00e3o [&hellip;]<\/p>\n","protected":false},"author":1,"featured_media":94020,"comment_status":"closed","ping_status":"closed","sticky":false,"template":"","format":"standard","meta":[],"categories":[1,3],"tags":[],"_links":{"self":[{"href":"https:\/\/blitzconquista.com.br\/index.php?rest_route=\/wp\/v2\/posts\/94017"}],"collection":[{"href":"https:\/\/blitzconquista.com.br\/index.php?rest_route=\/wp\/v2\/posts"}],"about":[{"href":"https:\/\/blitzconquista.com.br\/index.php?rest_route=\/wp\/v2\/types\/post"}],"author":[{"embeddable":true,"href":"https:\/\/blitzconquista.com.br\/index.php?rest_route=\/wp\/v2\/users\/1"}],"replies":[{"embeddable":true,"href":"https:\/\/blitzconquista.com.br\/index.php?rest_route=%2Fwp%2Fv2%2Fcomments&post=94017"}],"version-history":[{"count":1,"href":"https:\/\/blitzconquista.com.br\/index.php?rest_route=\/wp\/v2\/posts\/94017\/revisions"}],"predecessor-version":[{"id":94021,"href":"https:\/\/blitzconquista.com.br\/index.php?rest_route=\/wp\/v2\/posts\/94017\/revisions\/94021"}],"wp:featuredmedia":[{"embeddable":true,"href":"https:\/\/blitzconquista.com.br\/index.php?rest_route=\/wp\/v2\/media\/94020"}],"wp:attachment":[{"href":"https:\/\/blitzconquista.com.br\/index.php?rest_route=%2Fwp%2Fv2%2Fmedia&parent=94017"}],"wp:term":[{"taxonomy":"category","embeddable":true,"href":"https:\/\/blitzconquista.com.br\/index.php?rest_route=%2Fwp%2Fv2%2Fcategories&post=94017"},{"taxonomy":"post_tag","embeddable":true,"href":"https:\/\/blitzconquista.com.br\/index.php?rest_route=%2Fwp%2Fv2%2Ftags&post=94017"}],"curies":[{"name":"wp","href":"https:\/\/api.w.org\/{rel}","templated":true}]}}