{"id":94041,"date":"2020-09-25T16:54:37","date_gmt":"2020-09-25T19:54:37","guid":{"rendered":"http:\/\/blitzconquista.com.br\/?p=94041"},"modified":"2020-09-25T16:54:37","modified_gmt":"2020-09-25T19:54:37","slug":"governador-anuncia-liberacao-do-transporte-coletivo-intermunicipal-em-todo-o-estado","status":"publish","type":"post","link":"https:\/\/blitzconquista.com.br\/?p=94041","title":{"rendered":"Governador anuncia libera\u00e7\u00e3o do transporte coletivo intermunicipal em todo o estado"},"content":{"rendered":"<p>Durante agenda em Porto Seguro na manh\u00e3 desta sexta-feira (25), o governador Rui Costa anunciou que vai autorizar a retomada do transporte coletivo intermunicipal, a partir da pr\u00f3xima segunda-feira (28), em 114 cidades do Sul, Extremo Sul e parte do Sudoeste. Com esta decis\u00e3o, que ser\u00e1 publicada na edi\u00e7\u00e3o de s\u00e1bado (26) do Di\u00e1rio Oficial, todos os 417 munic\u00edpios baianos poder\u00e3o reabrir os terminais rodovi\u00e1rios.<\/p>\n<p>Apesar da autoriza\u00e7\u00e3o, concedida devido \u00e0 redu\u00e7\u00e3o dos casos de contamina\u00e7\u00e3o da Covid-19 e desocupa\u00e7\u00e3o dos leitos nas regi\u00f5es, o governador salientou a import\u00e2ncia de preservar as medidas de seguran\u00e7a necess\u00e1rias, tais como uso de m\u00e1scaras, medi\u00e7\u00e3o de temperatura dos funcion\u00e1rios e passageiros, ocupa\u00e7\u00e3o de at\u00e9 50% da capacidade, entre outras provid\u00eancias. \u201cEu, infelizmente, tenho percebido que, com o decr\u00e9scimo dos n\u00fameros, muita gente vem relaxando. Um m\u00eas, dois meses atr\u00e1s, n\u00f3s, praticamente, n\u00e3o v\u00edamos ningu\u00e9m na rua sem m\u00e1scara. Hoje j\u00e1 vemos em algumas cidades da Bahia\u201d, alerta o governador.<\/p>\n<p>De acordo com o secret\u00e1rio de infraestrutura do Estado, Marcus Cavalcanti, os protocolos s\u00e3o imprescind\u00edveis para a libera\u00e7\u00e3o gradativa do servi\u00e7o at\u00e9 sua totalidade. \u201cN\u00f3s avaliamos semanalmente, junto com o secret\u00e1rio da Sa\u00fade, como se comporta a dissemina\u00e7\u00e3o do coronav\u00edrus em fun\u00e7\u00e3o da libera\u00e7\u00e3o do transporte. N\u00e3o tendo um impacto negativo, vamos ampliar, inicialmente, para 70% a capacidade, mas isso ainda ser\u00e1 no m\u00eas de outubro\u201d.<\/p>\n<p>Os outros 303 munic\u00edpios, pertencentes a seis das nove macrorregi\u00f5es de sa\u00fade do estado da Bahia, tiveram o transporte coletivo intermunicipal liberado desde o dia 14 deste m\u00eas.<\/p>\n<p>Agendas em Porto Seguro e Eun\u00e1polis<br \/>\nEm Porto Seguro, o governador entregou, nesta sexta (25), obras de pavimenta\u00e7\u00e3o, inaugurou uma creche e assinou ordem de servi\u00e7o para constru\u00e7\u00e3o e reforma de pra\u00e7as p\u00fablicas. Em seguida, Rui Costa seguiu para Eun\u00e1polis onde visitou obras da Policl\u00ednica Regional de Sa\u00fade e participou da inaugura\u00e7\u00e3o de uma creche, do Complexo Esportivo Itamar Seixas e da Pra\u00e7a do Esporte e Cultura.<\/p>\n<p>Fonte: SECOM-BA<\/p>\n","protected":false},"excerpt":{"rendered":"<p>Durante agenda em Porto Seguro na manh\u00e3 desta sexta-feira (25), o governador Rui Costa anunciou que vai autorizar a retomada do transporte coletivo intermunicipal, a partir da pr\u00f3xima segunda-feira (28), em 114 cidades do Sul, Extremo Sul e parte do Sudoeste. Com esta decis\u00e3o, que ser\u00e1 publicada na edi\u00e7\u00e3o de s\u00e1bado (26) do Di\u00e1rio Oficial, [&hellip;]<\/p>\n","protected":false},"author":1,"featured_media":94043,"comment_status":"closed","ping_status":"closed","sticky":false,"template":"","format":"standard","meta":[],"categories":[1,5],"tags":[],"_links":{"self":[{"href":"https:\/\/blitzconquista.com.br\/index.php?rest_route=\/wp\/v2\/posts\/94041"}],"collection":[{"href":"https:\/\/blitzconquista.com.br\/index.php?rest_route=\/wp\/v2\/posts"}],"about":[{"href":"https:\/\/blitzconquista.com.br\/index.php?rest_route=\/wp\/v2\/types\/post"}],"author":[{"embeddable":true,"href":"https:\/\/blitzconquista.com.br\/index.php?rest_route=\/wp\/v2\/users\/1"}],"replies":[{"embeddable":true,"href":"https:\/\/blitzconquista.com.br\/index.php?rest_route=%2Fwp%2Fv2%2Fcomments&post=94041"}],"version-history":[{"count":1,"href":"https:\/\/blitzconquista.com.br\/index.php?rest_route=\/wp\/v2\/posts\/94041\/revisions"}],"predecessor-version":[{"id":94044,"href":"https:\/\/blitzconquista.com.br\/index.php?rest_route=\/wp\/v2\/posts\/94041\/revisions\/94044"}],"wp:featuredmedia":[{"embeddable":true,"href":"https:\/\/blitzconquista.com.br\/index.php?rest_route=\/wp\/v2\/media\/94043"}],"wp:attachment":[{"href":"https:\/\/blitzconquista.com.br\/index.php?rest_route=%2Fwp%2Fv2%2Fmedia&parent=94041"}],"wp:term":[{"taxonomy":"category","embeddable":true,"href":"https:\/\/blitzconquista.com.br\/index.php?rest_route=%2Fwp%2Fv2%2Fcategories&post=94041"},{"taxonomy":"post_tag","embeddable":true,"href":"https:\/\/blitzconquista.com.br\/index.php?rest_route=%2Fwp%2Fv2%2Ftags&post=94041"}],"curies":[{"name":"wp","href":"https:\/\/api.w.org\/{rel}","templated":true}]}}