{"id":94203,"date":"2020-10-01T08:52:39","date_gmt":"2020-10-01T11:52:39","guid":{"rendered":"http:\/\/blitzconquista.com.br\/?p=94203"},"modified":"2020-10-01T08:52:39","modified_gmt":"2020-10-01T11:52:39","slug":"governo-federal-anuncia-nova-proposta-para-substituir-o-auxilio-emergencial","status":"publish","type":"post","link":"https:\/\/blitzconquista.com.br\/?p=94203","title":{"rendered":"Governo Federal anuncia nova proposta para substituir o Aux\u00edlio Emergencial"},"content":{"rendered":"<p>Nesta semana o Governo Federal anunciou uma nova proposta para substituir o Aux\u00edlio Emergencial a partir de janeiro de 2021, com a cria\u00e7\u00e3o do programa Renda Cidad\u00e3. De acordo com a proposta, que at\u00e9 o fechamento desta reportagem n\u00e3o foi oficializada como uma Emenda Parlamentar no Congresso Nacional, os recursos que podem sustentar o programa devem sair do novo Fundo de Manuten\u00e7\u00e3o e Desenvolvimento da Educa\u00e7\u00e3o B\u00e1sica e de Valoriza\u00e7\u00e3o dos Profissionais da Educa\u00e7\u00e3o (Fundeb).<\/p>\n<p><img decoding=\"async\" class=\"aligncenter\" src=\"\/\/s3-sa-east-1.amazonaws.com\/agencia-radio-arb\/2963\/content_WhatsApp_Image_2020-09-30_at_16.39.32.jpeg\" alt=\"\" \/><\/p>\n<p>O senador Marcio Bittar (MDB\/AC) \u00e9 relator do Or\u00e7amento para 2021 no Congresso Nacional e, tamb\u00e9m, da proposta emergencial PEC 186\/2019 &#8211; na qual deve ficar atrelado o programa Renda Cidad\u00e3. O parlamentar tem participado de todos os debates financeiros junto ao Minist\u00e9rio da Economia para viabilizar o programa e explicou ao portal Brasil61.com que uma das fontes de onde devem vir os recursos para o projeto \u00e9 do Fundeb, que r<strong><a href=\"https:\/\/www12.senado.leg.br\/noticias\/materias\/2020\/08\/25\/novo-fundeb-sera-maior-e-tera-carater-permanente\">ecebeu um incremento de recursos que ser\u00e3o enviados pela Uni\u00e3o<\/a><\/strong>. Segundo o senador, a proposta vai ajudar as fam\u00edlias a serem inclu\u00eddas no Renda Cidad\u00e3 e ao mesmo tempo em manter os filhos na escola.<\/p>\n<p>\u201cA educa\u00e7\u00e3o no Brasil tem problemas grav\u00edssimos, mas se tem um problema que a educa\u00e7\u00e3o n\u00e3o tem \u00e9 a falta de dinheiro. O que adianta termos um volume imenso [de recursos] para a educa\u00e7\u00e3o se temos cinco milh\u00f5es de fam\u00edlias, no Brasil, em que os filhos n\u00e3o est\u00e3o na escola. E porque n\u00e3o est\u00e3o na escola? Porque est\u00e3o ajudando o pai e a m\u00e3e [no trabalho]. Estamos propondo autorizar o Executivo que, daquele a mais que n\u00f3s autorizamos para o Fundeb, em at\u00e9 5%, o governo possa usar para fazer com que essas crian\u00e7as das fam\u00edlias que estejam no programa, estejam na sala de aula\u201d, detalhou o parlamentar.<\/p>\n<p>De acordo com o professor de Economia da Universidade de Bras\u00edlia, Jos\u00e9 Luis\u00a0Oreiro, uma op\u00e7\u00e3o mais relevante para resolver a quest\u00e3o de onde podem vir os recursos para o Renda Cidad\u00e3, \u00e9 a derrubada do teto de gastos, que \u00e9 uma regra anacr\u00f4nica e existente apenas no Brasil, o que acaba causando dilemas artificiais na economia do pa\u00eds. O professor ainda criticou a solu\u00e7\u00e3o apontada at\u00e9 agora como fontes de onde gerar os recursos para o programa social.<\/p>\n<p>\u201cO governo est\u00e1 propondo um desvio de fun\u00e7\u00e3o do Fundeb. Ent\u00e3o isso eu vejo com uma grande preocupa\u00e7\u00e3o esse tipo de manobra que envolve, at\u00e9 mesmo, coisas que considero ilegais. O desvio de fun\u00e7\u00e3o do Fundeb \u00e9 muito\u201d, explicou Luis\u00a0Oreiro.<\/p>\n<p>Segundo levantamento realizado pela organiza\u00e7\u00e3o <strong><a href=\"https:\/\/www.todospelaeducacao.org.br\/\">Todos pela Educa\u00e7\u00e3o<\/a><\/strong>, a retirada de 5% do Fundeb representa cerca de R$8 bilh\u00f5es de reais e deve causar impacto nos munic\u00edpios mais pobres do pa\u00eds, uma vez que o complemento de renda feito pela Uni\u00e3o \u00e9 direcionada exatamente para as redes de ensino mais vulner\u00e1veis. Desta forma, quase tr\u00eas mil munic\u00edpios e 17 milh\u00f5es de estudantes poder\u00e3o ser afetados com a medida, principalmente aqueles das creches e pr\u00e9-escolas.<\/p>\n<p>O Todos pela Educa\u00e7\u00e3o \u00e9 uma organiza\u00e7\u00e3o sem fins lucrativos suprapartid\u00e1ria e independente, composta por diversos setores da sociedade brasileira com o objetivo de assegurar o direito \u00e0 educa\u00e7\u00e3o b\u00e1sica de qualidade para todos os cidad\u00e3os at\u00e9 2022 &#8211; ano que se comemora o bicenten\u00e1rio da independ\u00eancia do Brasil.<\/p>\n<p>Na noite desta quarta-feira (30), ap\u00f3s a repercuss\u00e3o negativa sobre a possibilidade de limitar o pagamento de precat\u00f3rios, o ministro da Economia, Paulo Guedes, afirmou que o uso de dinheiro destinado ao pagamento de d\u00edvidas judicializadas n\u00e3o ser\u00e1 para financiar o novo programa social, mas para manter as despesas sob controle.<\/p>\n","protected":false},"excerpt":{"rendered":"<p>Nesta semana o Governo Federal anunciou uma nova proposta para substituir o Aux\u00edlio Emergencial a partir de janeiro de 2021, com a cria\u00e7\u00e3o do programa Renda Cidad\u00e3. De acordo com a proposta, que at\u00e9 o fechamento desta reportagem n\u00e3o foi oficializada como uma Emenda Parlamentar no Congresso Nacional, os recursos que podem sustentar o programa [&hellip;]<\/p>\n","protected":false},"author":1,"featured_media":94205,"comment_status":"closed","ping_status":"closed","sticky":false,"template":"","format":"standard","meta":[],"categories":[212,5],"tags":[],"_links":{"self":[{"href":"https:\/\/blitzconquista.com.br\/index.php?rest_route=\/wp\/v2\/posts\/94203"}],"collection":[{"href":"https:\/\/blitzconquista.com.br\/index.php?rest_route=\/wp\/v2\/posts"}],"about":[{"href":"https:\/\/blitzconquista.com.br\/index.php?rest_route=\/wp\/v2\/types\/post"}],"author":[{"embeddable":true,"href":"https:\/\/blitzconquista.com.br\/index.php?rest_route=\/wp\/v2\/users\/1"}],"replies":[{"embeddable":true,"href":"https:\/\/blitzconquista.com.br\/index.php?rest_route=%2Fwp%2Fv2%2Fcomments&post=94203"}],"version-history":[{"count":1,"href":"https:\/\/blitzconquista.com.br\/index.php?rest_route=\/wp\/v2\/posts\/94203\/revisions"}],"predecessor-version":[{"id":94206,"href":"https:\/\/blitzconquista.com.br\/index.php?rest_route=\/wp\/v2\/posts\/94203\/revisions\/94206"}],"wp:featuredmedia":[{"embeddable":true,"href":"https:\/\/blitzconquista.com.br\/index.php?rest_route=\/wp\/v2\/media\/94205"}],"wp:attachment":[{"href":"https:\/\/blitzconquista.com.br\/index.php?rest_route=%2Fwp%2Fv2%2Fmedia&parent=94203"}],"wp:term":[{"taxonomy":"category","embeddable":true,"href":"https:\/\/blitzconquista.com.br\/index.php?rest_route=%2Fwp%2Fv2%2Fcategories&post=94203"},{"taxonomy":"post_tag","embeddable":true,"href":"https:\/\/blitzconquista.com.br\/index.php?rest_route=%2Fwp%2Fv2%2Ftags&post=94203"}],"curies":[{"name":"wp","href":"https:\/\/api.w.org\/{rel}","templated":true}]}}