{"id":94212,"date":"2020-10-01T13:21:53","date_gmt":"2020-10-01T16:21:53","guid":{"rendered":"http:\/\/blitzconquista.com.br\/?p=94212"},"modified":"2020-10-01T13:22:48","modified_gmt":"2020-10-01T16:22:48","slug":"desemprego-bate-recorde","status":"publish","type":"post","link":"https:\/\/blitzconquista.com.br\/?p=94212","title":{"rendered":"Desemprego bate recorde"},"content":{"rendered":"<p><span class=\"TextRun SCXW12460767 BCX8\" lang=\"PT-BR\" xml:lang=\"PT-BR\" data-contrast=\"none\"><span class=\"NormalTextRun SCXW12460767 BCX8\"><img decoding=\"async\" loading=\"lazy\" class=\"aligncenter size-full wp-image-94214\" src=\"http:\/\/blitzconquista.com.br\/wp-content\/uploads\/2020\/10\/Desemprego.jpg\" alt=\"\" width=\"800\" height=\"400\" srcset=\"https:\/\/blitzconquista.com.br\/wp-content\/uploads\/2020\/10\/Desemprego.jpg 800w, https:\/\/blitzconquista.com.br\/wp-content\/uploads\/2020\/10\/Desemprego-300x150.jpg 300w, https:\/\/blitzconquista.com.br\/wp-content\/uploads\/2020\/10\/Desemprego-695x348.jpg 695w, https:\/\/blitzconquista.com.br\/wp-content\/uploads\/2020\/10\/Desemprego-768x384.jpg 768w\" sizes=\"(max-width: 800px) 100vw, 800px\" \/><\/span><\/span><\/p>\n<p><span class=\"TextRun SCXW12460767 BCX8\" lang=\"PT-BR\" xml:lang=\"PT-BR\" data-contrast=\"none\"><span class=\"NormalTextRun SCXW12460767 BCX8\">Em apenas tr\u00eas meses o Brasil fechou mais de sete milh\u00f5es de postos de trabalho. O desemprego no pa\u00eds atingiu a marca de 13,8 por cento no segundo trimestre do ano. \u00c9 a maior taxa de desemprego registrada desde 2012. De acordo com dados do IBGE, a alta em rela\u00e7\u00e3o aos primeiros tr\u00eas meses do ano foi de 1,2 por cento. Segundo a pesquisa, a alta no desemprego est\u00e1 ligada aos impactos econ\u00f4micos causados pela pandemia no pa\u00eds. Outro dado preocupante \u00e9 o aumento de pessoas fora<\/span><\/span><span class=\"TextRun SCXW12460767 BCX8\" lang=\"PT-BR\" xml:lang=\"PT-BR\" data-contrast=\"none\"><span class=\"NormalTextRun SCXW12460767 BCX8\">\u00a0da for\u00e7a de trabalho, que chegou a 79 milh\u00f5es, uma alta de oito milh\u00f5es de pessoas em compara\u00e7\u00e3o com o trimestre anterior. O setor do com\u00e9rcio foi o que mais demitiu, seguido pelos setores de alojamentos e alimenta\u00e7\u00e3o. A ind\u00fastria e os servi\u00e7os dom\u00e9sticos tamb\u00e9m est\u00e3o no topo da lista de demiss\u00f5es.<\/span><\/span><span class=\"EOP SCXW12460767 BCX8\" data-ccp-props=\"{&quot;335559740&quot;:276}\">\u00a0<\/span><\/p>\n","protected":false},"excerpt":{"rendered":"<p>Em apenas tr\u00eas meses o Brasil fechou mais de sete milh\u00f5es de postos de trabalho. O desemprego no pa\u00eds atingiu a marca de 13,8 por cento no segundo trimestre do ano. \u00c9 a maior taxa de desemprego registrada desde 2012. De acordo com dados do IBGE, a alta em rela\u00e7\u00e3o aos primeiros tr\u00eas meses do [&hellip;]<\/p>\n","protected":false},"author":1,"featured_media":94214,"comment_status":"closed","ping_status":"closed","sticky":false,"template":"","format":"standard","meta":[],"categories":[478,212],"tags":[],"_links":{"self":[{"href":"https:\/\/blitzconquista.com.br\/index.php?rest_route=\/wp\/v2\/posts\/94212"}],"collection":[{"href":"https:\/\/blitzconquista.com.br\/index.php?rest_route=\/wp\/v2\/posts"}],"about":[{"href":"https:\/\/blitzconquista.com.br\/index.php?rest_route=\/wp\/v2\/types\/post"}],"author":[{"embeddable":true,"href":"https:\/\/blitzconquista.com.br\/index.php?rest_route=\/wp\/v2\/users\/1"}],"replies":[{"embeddable":true,"href":"https:\/\/blitzconquista.com.br\/index.php?rest_route=%2Fwp%2Fv2%2Fcomments&post=94212"}],"version-history":[{"count":2,"href":"https:\/\/blitzconquista.com.br\/index.php?rest_route=\/wp\/v2\/posts\/94212\/revisions"}],"predecessor-version":[{"id":94216,"href":"https:\/\/blitzconquista.com.br\/index.php?rest_route=\/wp\/v2\/posts\/94212\/revisions\/94216"}],"wp:featuredmedia":[{"embeddable":true,"href":"https:\/\/blitzconquista.com.br\/index.php?rest_route=\/wp\/v2\/media\/94214"}],"wp:attachment":[{"href":"https:\/\/blitzconquista.com.br\/index.php?rest_route=%2Fwp%2Fv2%2Fmedia&parent=94212"}],"wp:term":[{"taxonomy":"category","embeddable":true,"href":"https:\/\/blitzconquista.com.br\/index.php?rest_route=%2Fwp%2Fv2%2Fcategories&post=94212"},{"taxonomy":"post_tag","embeddable":true,"href":"https:\/\/blitzconquista.com.br\/index.php?rest_route=%2Fwp%2Fv2%2Ftags&post=94212"}],"curies":[{"name":"wp","href":"https:\/\/api.w.org\/{rel}","templated":true}]}}