{"id":94301,"date":"2020-10-05T18:37:42","date_gmt":"2020-10-05T21:37:42","guid":{"rendered":"http:\/\/blitzconquista.com.br\/?p=94301"},"modified":"2020-10-05T20:18:07","modified_gmt":"2020-10-05T23:18:07","slug":"%c2%a8novidade-%c2%a8-com-ampla-trajetoria-na-musica-crista-rachel-novaes-agora-e-musile","status":"publish","type":"post","link":"https:\/\/blitzconquista.com.br\/?p=94301","title":{"rendered":"\u00a8Novidade \u00a8: Com ampla trajet\u00f3ria na m\u00fasica crist\u00e3, Rachel Novaes agora \u00e9  Musile"},"content":{"rendered":"<p>Quem acompanha a m\u00fasica gospel h\u00e1 muitos anos, sem d\u00favidas, vai se lembrar do projeto \u201cComunh\u00e3o e Adora\u00e7\u00e3o\u201d, que contou com seis edi\u00e7\u00f5es e teve a participa\u00e7\u00e3o especial de grandes nomes como Nivea Soares, Soraya Moraes, David Quinlan, Fernandinho, Pregador Luo, entre outros. N\u00e3o h\u00e1 como deixar de mencionar grandes sucessos que at\u00e9 hoje comp\u00f5em orepert\u00f3rio das igrejas, como \u201cGrande \u00e9 o Senhor\u201d, \u201cAmigo de Deus\u201d, \u201cNosso General\u201d e \u201cEle Vem Pra Te Salvar\u201d, sendo este \u00faltimo, de grande import\u00e2ncia para Rachel Novaes, a mais nova integrante do cast Musile.<\/p>\n<p><img decoding=\"async\" loading=\"lazy\" class=\" wp-image-94303 aligncenter\" src=\"http:\/\/blitzconquista.com.br\/wp-content\/uploads\/2020\/10\/maxresdefault-300x169.jpg\" alt=\"\" width=\"483\" height=\"272\" srcset=\"https:\/\/blitzconquista.com.br\/wp-content\/uploads\/2020\/10\/maxresdefault-300x168.jpg 300w, https:\/\/blitzconquista.com.br\/wp-content\/uploads\/2020\/10\/maxresdefault-695x391.jpg 695w, https:\/\/blitzconquista.com.br\/wp-content\/uploads\/2020\/10\/maxresdefault-768x432.jpg 768w, https:\/\/blitzconquista.com.br\/wp-content\/uploads\/2020\/10\/maxresdefault-990x557.jpg 990w, https:\/\/blitzconquista.com.br\/wp-content\/uploads\/2020\/10\/maxresdefault-470x264.jpg 470w, https:\/\/blitzconquista.com.br\/wp-content\/uploads\/2020\/10\/maxresdefault-640x360.jpg 640w, https:\/\/blitzconquista.com.br\/wp-content\/uploads\/2020\/10\/maxresdefault-215x120.jpg 215w, https:\/\/blitzconquista.com.br\/wp-content\/uploads\/2020\/10\/maxresdefault-414x232.jpg 414w, https:\/\/blitzconquista.com.br\/wp-content\/uploads\/2020\/10\/maxresdefault.jpg 1280w\" sizes=\"(max-width: 483px) 100vw, 483px\" \/><br \/>\nAo lado de Adhemar de Campos, na sexta edi\u00e7\u00e3o do projeto, Rachel participou da vers\u00e3o de \u201cHe Will Come and Save You\u201d e ganhou grande repercuss\u00e3o. Em todos estes anos de minist\u00e9rio, ela gravou 3 \u00e1lbuns pela Comunidade da Gra\u00e7a em Ubatuba \u2013 que incluiu o sucesso \u201cTua \u00e9 a Gl\u00f3ria\u201d \u2013 al\u00e9m de outros 4 \u00e1lbuns solo, 7 singles e outras participa\u00e7\u00f5es especiais.\u00a0 Agora, ela celebra uma nova etapa em sua carreira: Gravar um projeto com can\u00e7\u00f5es autorais pelo selo Musile Records.<br \/>\n\u201cJ\u00e1 conhec\u00edamos o Ricardo Carreras \u2013 CEO da gravadora \u2013 tendo participado de alguns projetos desde a antiga \u2018Alian\u00e7a Produ\u00e7\u00f5es\u2019 e sempre admiramos a excel\u00eancia com que os trabalhos s\u00e3o feitos. Fomos recentemente procurados por ele e nos alegramos muito com o contato. Depois de algumas conversas boas, a parceria<br \/>\naconteceu! Deus ouviu nossas ora\u00e7\u00f5es\u201d, explica Rachel, que est\u00e1 bem animada para o que vem por a\u00ed. Vale destacar que desde crian\u00e7a, ela fez aula de piano e \u00e9 formada em Canto Popular pela Universidade Livre de M\u00fasica Tom Jobim, em S\u00e3o Paulo. Semanalmente, ela e seu marido fazem lives cantadas e tem atra\u00eddo um p\u00fablico expressivo nas redes sociais, que inclusive, aguardam ansiosamente pelas can\u00e7\u00f5es autorais nas plataformas de streaming. \u201cAs faixas \u2018Logo Eu\u2019 e \u2018Comigo Est\u00e1s\u2019 \u2013 que foram inclu\u00eddas nas transmiss\u00f5es ao vivo e s\u00e3o bem requisitadas \u2013 j\u00e1 est\u00e3o escolhidas para o repert\u00f3rio, mas tamb\u00e9m teremos outras surpresas\u201d, comemora a cantora.<\/p>\n<p><img decoding=\"async\" loading=\"lazy\" class=\" wp-image-94302 aligncenter\" src=\"http:\/\/blitzconquista.com.br\/wp-content\/uploads\/2020\/10\/03-Foto-para-Press-Kit-300x169.png\" alt=\"\" width=\"412\" height=\"232\" srcset=\"https:\/\/blitzconquista.com.br\/wp-content\/uploads\/2020\/10\/03-Foto-para-Press-Kit-300x168.png 300w, https:\/\/blitzconquista.com.br\/wp-content\/uploads\/2020\/10\/03-Foto-para-Press-Kit-695x391.png 695w, https:\/\/blitzconquista.com.br\/wp-content\/uploads\/2020\/10\/03-Foto-para-Press-Kit-768x432.png 768w, https:\/\/blitzconquista.com.br\/wp-content\/uploads\/2020\/10\/03-Foto-para-Press-Kit-1536x864.png 1536w, https:\/\/blitzconquista.com.br\/wp-content\/uploads\/2020\/10\/03-Foto-para-Press-Kit-2048x1152.png 2048w, https:\/\/blitzconquista.com.br\/wp-content\/uploads\/2020\/10\/03-Foto-para-Press-Kit-990x557.png 990w, https:\/\/blitzconquista.com.br\/wp-content\/uploads\/2020\/10\/03-Foto-para-Press-Kit-1320x743.png 1320w, https:\/\/blitzconquista.com.br\/wp-content\/uploads\/2020\/10\/03-Foto-para-Press-Kit-470x264.png 470w, https:\/\/blitzconquista.com.br\/wp-content\/uploads\/2020\/10\/03-Foto-para-Press-Kit-640x360.png 640w, https:\/\/blitzconquista.com.br\/wp-content\/uploads\/2020\/10\/03-Foto-para-Press-Kit-215x120.png 215w, https:\/\/blitzconquista.com.br\/wp-content\/uploads\/2020\/10\/03-Foto-para-Press-Kit-414x232.png 414w\" sizes=\"(max-width: 412px) 100vw, 412px\" \/><br \/>\nNa semana passada, ela esteve em S\u00e3o Paulo juntamente com seu esposo, Marcelo,al\u00e9m do produtor Hananiel Eduardo e o CEO da gravadora para conversar um pouco mais sobre o que vem por a\u00ed. \u201cPelo que j\u00e1 vimos e alinhamos, teremos um projeto coma nossa ess\u00eancia, produzido de forma contempor\u00e2nea com a excel\u00eancia que \u00e9 marca da Musile Records! Estamos preparando m\u00fasicas in\u00e9ditas que exaltam a Jesus acimade tudo! Que essa parceria alcance ainda mais cora\u00e7\u00f5es rendidos a Cristo\u201d, ressalta Rachel.<\/p>\n<p>Para ficar por dentro de todas as novidades envolvendo esta parceria, basta seguir a<br \/>\nRachel Novaes e a gravadora nas redes sociais.<\/p>\n<p>Fonte: Assessoria de Imprensa Musile Records<\/p>\n<figure id=\"attachment_92863\" class=\"wp-caption alignnone\" aria-describedby=\"caption-attachment-92863\"><a href=\"https:\/\/portalconquistagospel.com.br\/\"><img decoding=\"async\" loading=\"lazy\" class=\" wp-image-92863\" src=\"http:\/\/i0.wp.com\/blitzconquista.com.br\/wp-content\/uploads\/2020\/08\/RADIO-WEB-ART-1-300x66.png\" alt=\"SUA R\u00c1DIO WEB\" width=\"523\" height=\"115\" srcset=\"https:\/\/blitzconquista.com.br\/wp-content\/uploads\/2020\/08\/RADIO-WEB-ART-1-300x66.png 300w, https:\/\/blitzconquista.com.br\/wp-content\/uploads\/2020\/08\/RADIO-WEB-ART-1-695x152.png 695w, https:\/\/blitzconquista.com.br\/wp-content\/uploads\/2020\/08\/RADIO-WEB-ART-1-768x168.png 768w, https:\/\/blitzconquista.com.br\/wp-content\/uploads\/2020\/08\/RADIO-WEB-ART-1-990x217.png 990w, https:\/\/blitzconquista.com.br\/wp-content\/uploads\/2020\/08\/RADIO-WEB-ART-1.png 1140w\" sizes=\"(max-width: 523px) 100vw, 523px\" \/><\/a><figcaption id=\"caption-attachment-92863\" class=\"wp-caption-text\">77 991060483<\/figcaption><\/figure>\n<div class=\"herald-ad\"><\/div>\n","protected":false},"excerpt":{"rendered":"<p>Quem acompanha a m\u00fasica gospel h\u00e1 muitos anos, sem d\u00favidas, vai se lembrar do projeto \u201cComunh\u00e3o e Adora\u00e7\u00e3o\u201d, que contou com seis edi\u00e7\u00f5es e teve a participa\u00e7\u00e3o especial de grandes nomes como Nivea Soares, Soraya Moraes, David Quinlan, Fernandinho, Pregador Luo, entre outros. N\u00e3o h\u00e1 como deixar de mencionar grandes sucessos que at\u00e9 hoje comp\u00f5em [&hellip;]<\/p>\n","protected":false},"author":1,"featured_media":94304,"comment_status":"closed","ping_status":"closed","sticky":false,"template":"","format":"standard","meta":[],"categories":[410],"tags":[522],"_links":{"self":[{"href":"https:\/\/blitzconquista.com.br\/index.php?rest_route=\/wp\/v2\/posts\/94301"}],"collection":[{"href":"https:\/\/blitzconquista.com.br\/index.php?rest_route=\/wp\/v2\/posts"}],"about":[{"href":"https:\/\/blitzconquista.com.br\/index.php?rest_route=\/wp\/v2\/types\/post"}],"author":[{"embeddable":true,"href":"https:\/\/blitzconquista.com.br\/index.php?rest_route=\/wp\/v2\/users\/1"}],"replies":[{"embeddable":true,"href":"https:\/\/blitzconquista.com.br\/index.php?rest_route=%2Fwp%2Fv2%2Fcomments&post=94301"}],"version-history":[{"count":1,"href":"https:\/\/blitzconquista.com.br\/index.php?rest_route=\/wp\/v2\/posts\/94301\/revisions"}],"predecessor-version":[{"id":94305,"href":"https:\/\/blitzconquista.com.br\/index.php?rest_route=\/wp\/v2\/posts\/94301\/revisions\/94305"}],"wp:featuredmedia":[{"embeddable":true,"href":"https:\/\/blitzconquista.com.br\/index.php?rest_route=\/wp\/v2\/media\/94304"}],"wp:attachment":[{"href":"https:\/\/blitzconquista.com.br\/index.php?rest_route=%2Fwp%2Fv2%2Fmedia&parent=94301"}],"wp:term":[{"taxonomy":"category","embeddable":true,"href":"https:\/\/blitzconquista.com.br\/index.php?rest_route=%2Fwp%2Fv2%2Fcategories&post=94301"},{"taxonomy":"post_tag","embeddable":true,"href":"https:\/\/blitzconquista.com.br\/index.php?rest_route=%2Fwp%2Fv2%2Ftags&post=94301"}],"curies":[{"name":"wp","href":"https:\/\/api.w.org\/{rel}","templated":true}]}}