{"id":95722,"date":"2020-11-27T12:33:04","date_gmt":"2020-11-27T15:33:04","guid":{"rendered":"http:\/\/blitzconquista.com.br\/?p=95722"},"modified":"2020-11-27T13:18:16","modified_gmt":"2020-11-27T16:18:16","slug":"grupo-articulou-provocar-caos-no-transito-de-conquista-para-criar-fato-politico-e-prejudicar-campanha-politica-do-adversario-do-prefeito","status":"publish","type":"post","link":"https:\/\/blitzconquista.com.br\/?p=95722","title":{"rendered":"Grupo articulou provocar caos no tr\u00e2nsito de Conquista para criar fato pol\u00edtico e prejudicar campanha pol\u00edtica do advers\u00e1rio do prefeito"},"content":{"rendered":"<figure id=\"attachment_95724\" aria-describedby=\"caption-attachment-95724\" style=\"width: 579px\" class=\"wp-caption aligncenter\"><img decoding=\"async\" loading=\"lazy\" class=\" wp-image-95724\" src=\"http:\/\/blitzconquista.com.br\/wp-content\/uploads\/2020\/11\/C\u00e9u-nublado-Conquista.jpg\" alt=\"\" width=\"579\" height=\"434\" srcset=\"https:\/\/blitzconquista.com.br\/wp-content\/uploads\/2020\/11\/C\u00e9u-nublado-Conquista.jpg 259w, https:\/\/blitzconquista.com.br\/wp-content\/uploads\/2020\/11\/C\u00e9u-nublado-Conquista-74x55.jpg 74w, https:\/\/blitzconquista.com.br\/wp-content\/uploads\/2020\/11\/C\u00e9u-nublado-Conquista-111x83.jpg 111w, https:\/\/blitzconquista.com.br\/wp-content\/uploads\/2020\/11\/C\u00e9u-nublado-Conquista-215x161.jpg 215w\" sizes=\"(max-width: 579px) 100vw, 579px\" \/><figcaption id=\"caption-attachment-95724\" class=\"wp-caption-text\">Imagem: Blog do Paulo Nunes<\/figcaption><\/figure>\n<p style=\"text-align: right;\"><strong><em>Nebulosidade no c\u00e9u da pol\u00edtica conquistense<\/em><\/strong><\/p>\n<p><span data-contrast=\"auto\">Programa Reda\u00e7\u00e3o Brasil, apresentado pelos radialistas\u00a0<\/span><span data-contrast=\"auto\">Deusdete<\/span><span data-contrast=\"auto\"> Dias e Maciel Jr., noticiou na manh\u00e3 desta sexta-feira (27), uma mobiliza\u00e7\u00e3o com inten\u00e7\u00f5es de interferir nos rumos das elei\u00e7\u00f5es do pr\u00f3ximo domingo. Um \u00e1udio em que o indiv\u00edduo, suposto sindicalista da categoria dos rodovi\u00e1rios, sugere o fechamento do tr\u00e1fego de ve\u00edculos no centro comercial de Vit\u00f3ria da Conquista<\/span><span data-ccp-props=\"{&quot;201341983&quot;:0,&quot;335559739&quot;:160,&quot;335559740&quot;:259}\">.<\/span><\/p>\n<p><span data-contrast=\"auto\">No trecho divulgado da grava\u00e7\u00e3o vazada, o indiv\u00edduo diz: <\/span><i><span data-contrast=\"auto\">\u201c<\/span><\/i><b><i><span data-contrast=\"auto\">Oh, pessoal.\u00a0<\/span><\/i><\/b><b><i><span data-contrast=\"auto\">N\u00f3is<\/span><\/i><\/b><b><i><span data-contrast=\"auto\">\u00a0tem que fechar no maior, na hora de maior movimento, entendeu, que \u00e9 na hora de onze e meia at\u00e9 uma e meia que o pessoal t\u00e1 saindo para ir almo\u00e7ar. Reunir a galera toda. Fechar aquele terminal ali n\u00e3o deixar ningu\u00e9m almo\u00e7ar. A\u00ed todo mundo vai ficar revoltado, entendeu. Tanto\u00a0<\/span><\/i><\/b><b><i><span data-contrast=\"auto\">os passageiro<\/span><\/i><\/b><b><i><span data-contrast=\"auto\">\u00a0como os colega que est\u00e3o trabalhando na outra empresa\u201d<\/span><\/i><\/b><span data-ccp-props=\"{&quot;201341983&quot;:0,&quot;335559739&quot;:160,&quot;335559740&quot;:259}\"> .<\/span><\/p>\n<!--[if lt IE 9]><script>document.createElement('audio');<\/script><![endif]-->\n<audio class=\"wp-audio-shortcode\" id=\"audio-95722-1\" preload=\"none\" style=\"width: 100%;\" controls=\"controls\"><source type=\"audio\/mpeg\" src=\"http:\/\/blitzconquista.com.br\/wp-content\/uploads\/2020\/11\/\u00c1udio-rodovi\u00e1rio1-E.mp3?_=1\" \/><a href=\"http:\/\/blitzconquista.com.br\/wp-content\/uploads\/2020\/11\/\u00c1udio-rodovi\u00e1rio1-E.mp3\">http:\/\/blitzconquista.com.br\/wp-content\/uploads\/2020\/11\/\u00c1udio-rodovi\u00e1rio1-E.mp3<\/a><\/audio>\n<p><span data-contrast=\"auto\">Fica claro neste momento que o objetivo \u00e9 causar transtorno aos usu\u00e1rios e aos colegas rodovi\u00e1rios para que se revoltem. Em um outro \u00e1udio, o indiv\u00edduo diz que o objetivo \u00e9 parar o centro inviabilizar o movimento de ve\u00edculos no dia de maior movimento da Black\u00a0<\/span><span data-contrast=\"auto\">Friday<\/span><span data-contrast=\"auto\">. Com isso, o segmento que ser\u00e1 prejudicado \u00e9 o com\u00e9rcio. Isso tudo para, sob o pretexto de protestar contra uma empresa de \u00f4nibus, causar tumulto e prejudicar o candidato da oposi\u00e7\u00e3o.\u00a0<\/span><span data-ccp-props=\"{&quot;201341983&quot;:0,&quot;335559739&quot;:160,&quot;335559740&quot;:259}\">\u00a0<\/span><\/p>\n<p><span data-contrast=\"auto\">A verdade \u00e9 que um grupo\u00a0articulou a realiza\u00e7\u00e3o de um movimento com o objetivo claro de provocar o caos no centro comercial da cidade com objetivos pol\u00edticos de favorecer certo candidato a prefeito. Pelos di\u00e1logos entre os articuladores da a\u00e7\u00e3o, sabe-se que conseguiram apoio para usarem carro de som e acompanhamento de advogado, caso ocorra algum problema com a pol\u00edcia.<\/span><span data-ccp-props=\"{&quot;201341983&quot;:0,&quot;335551550&quot;:1,&quot;335551620&quot;:1,&quot;335559739&quot;:160,&quot;335559740&quot;:259}\">\u00a0<\/span><\/p>\n<p><span data-contrast=\"auto\">Em um outro trecho, outro integrante do grupo diz:<\/span><b><i><span data-contrast=\"auto\">\u00a0\u201c<\/span><\/i><\/b><b><i><span data-contrast=\"auto\">Mosso<\/span><\/i><\/b><b><i><span data-contrast=\"auto\">, a ideia \u00e9 fechar a porra desse terminal, ou esse resto de terminal, bigode de Pedral, seja o que for, depois de amanh\u00e3, dia da Black\u00a0<\/span><\/i><\/b><b><i><span data-contrast=\"auto\">Fraidem<\/span><\/i><\/b><b><i><span data-contrast=\"auto\">. O centro vai t\u00e1 lotado de gente\u00a0<\/span><\/i><\/b><b><i><span data-contrast=\"auto\">quereno<\/span><\/i><\/b><b><i><span data-contrast=\"auto\">\u00a0\u00f4nibus,\u00a0<\/span><\/i><\/b><b><i><span data-contrast=\"auto\">quereno<\/span><\/i><\/b><b><i><span data-contrast=\"auto\">\u00a0<\/span><\/i><\/b><b><i><span data-contrast=\"auto\">uber<\/span><\/i><\/b><b><i><span data-contrast=\"auto\">,\u00a0<\/span><\/i><\/b><b><i><span data-contrast=\"auto\">quereno<\/span><\/i><\/b><b><i><span data-contrast=\"auto\">\u00a0trafegar. Com tv na m\u00e3o querendo ir pra l\u00e1 e pra c\u00e1. Ent\u00e3o o dia de tumultuar essa\u00a0<\/span><\/i><\/b><b><i><span data-contrast=\"auto\">baga\u00e7a<\/span><\/i><\/b><b><i><span data-contrast=\"auto\">\u00a0\u00e9 depois de amanh\u00e3, dia 27 de novembro, dia da Black\u00a0<\/span><\/i><\/b><b><i><span data-contrast=\"auto\">Fraidem<\/span><\/i><\/b><b><i><span data-contrast=\"auto\">.\u201d<\/span><\/i><\/b><span data-ccp-props=\"{&quot;201341983&quot;:0,&quot;335559739&quot;:160,&quot;335559740&quot;:259}\">\u00a0<\/span><\/p>\n<audio class=\"wp-audio-shortcode\" id=\"audio-95722-2\" preload=\"none\" style=\"width: 100%;\" controls=\"controls\"><source type=\"audio\/mpeg\" src=\"http:\/\/blitzconquista.com.br\/wp-content\/uploads\/2020\/11\/\u00c1udio-rodovi\u00e1rio2-E.mp3?_=2\" \/><a href=\"http:\/\/blitzconquista.com.br\/wp-content\/uploads\/2020\/11\/\u00c1udio-rodovi\u00e1rio2-E.mp3\">http:\/\/blitzconquista.com.br\/wp-content\/uploads\/2020\/11\/\u00c1udio-rodovi\u00e1rio2-E.mp3<\/a><\/audio>\n<p><span data-contrast=\"auto\">Para o apresentador do programa a a\u00e7\u00e3o \u00e9 criminosa e dever\u00e1 ser denunciada para a Justi\u00e7a Eleitoral.<\/span><span data-ccp-props=\"{&quot;201341983&quot;:0,&quot;335559739&quot;:160,&quot;335559740&quot;:259}\">\u00a0<\/span><\/p>\n<p><span data-contrast=\"auto\">A den\u00fancia est\u00e1 feita, resta \u00e0s autoridades competentes impedir tais atos, investigar e punir seus articuladores.<\/span><span data-ccp-props=\"{&quot;201341983&quot;:0,&quot;335559739&quot;:160,&quot;335559740&quot;:259}\">\u00a0<\/span><\/p>\n","protected":false},"excerpt":{"rendered":"<p>Nebulosidade no c\u00e9u da pol\u00edtica conquistense Programa Reda\u00e7\u00e3o Brasil, apresentado pelos radialistas\u00a0Deusdete Dias e Maciel Jr., noticiou na manh\u00e3 desta sexta-feira (27), uma mobiliza\u00e7\u00e3o com inten\u00e7\u00f5es de interferir nos rumos das elei\u00e7\u00f5es do pr\u00f3ximo domingo. Um \u00e1udio em que o indiv\u00edduo, suposto sindicalista da categoria dos rodovi\u00e1rios, sugere o fechamento do tr\u00e1fego de ve\u00edculos no [&hellip;]<\/p>\n","protected":false},"author":1,"featured_media":95724,"comment_status":"closed","ping_status":"closed","sticky":false,"template":"","format":"standard","meta":[],"categories":[212,521,5],"tags":[],"_links":{"self":[{"href":"https:\/\/blitzconquista.com.br\/index.php?rest_route=\/wp\/v2\/posts\/95722"}],"collection":[{"href":"https:\/\/blitzconquista.com.br\/index.php?rest_route=\/wp\/v2\/posts"}],"about":[{"href":"https:\/\/blitzconquista.com.br\/index.php?rest_route=\/wp\/v2\/types\/post"}],"author":[{"embeddable":true,"href":"https:\/\/blitzconquista.com.br\/index.php?rest_route=\/wp\/v2\/users\/1"}],"replies":[{"embeddable":true,"href":"https:\/\/blitzconquista.com.br\/index.php?rest_route=%2Fwp%2Fv2%2Fcomments&post=95722"}],"version-history":[{"count":3,"href":"https:\/\/blitzconquista.com.br\/index.php?rest_route=\/wp\/v2\/posts\/95722\/revisions"}],"predecessor-version":[{"id":95730,"href":"https:\/\/blitzconquista.com.br\/index.php?rest_route=\/wp\/v2\/posts\/95722\/revisions\/95730"}],"wp:featuredmedia":[{"embeddable":true,"href":"https:\/\/blitzconquista.com.br\/index.php?rest_route=\/wp\/v2\/media\/95724"}],"wp:attachment":[{"href":"https:\/\/blitzconquista.com.br\/index.php?rest_route=%2Fwp%2Fv2%2Fmedia&parent=95722"}],"wp:term":[{"taxonomy":"category","embeddable":true,"href":"https:\/\/blitzconquista.com.br\/index.php?rest_route=%2Fwp%2Fv2%2Fcategories&post=95722"},{"taxonomy":"post_tag","embeddable":true,"href":"https:\/\/blitzconquista.com.br\/index.php?rest_route=%2Fwp%2Fv2%2Ftags&post=95722"}],"curies":[{"name":"wp","href":"https:\/\/api.w.org\/{rel}","templated":true}]}}