{"id":95744,"date":"2020-11-27T14:52:27","date_gmt":"2020-11-27T17:52:27","guid":{"rendered":"http:\/\/blitzconquista.com.br\/?p=95744"},"modified":"2020-11-27T14:53:39","modified_gmt":"2020-11-27T17:53:39","slug":"transporte-coletivo-conquistense-fraude-ou-nao-fraude-a-cidade-voltou-ao-livro-1-e-livro-2","status":"publish","type":"post","link":"https:\/\/blitzconquista.com.br\/?p=95744","title":{"rendered":"Transporte Coletivo conquistense: Fraude ou n\u00e3o fraude \u2013 a cidade voltou ao livro 1 e livro 2"},"content":{"rendered":"<div class=\"entry-content\">\n<p>Por Blog do Paulo Nunes<\/p>\n<p>Vit\u00f3ria da Conquista \u00e9 um munic\u00edpio importante no Brasil, todavia a hist\u00f3ria nos mostra que os ares provincianos dos anos 50 e 60, voltaram a assombrar nas decis\u00f5es pol\u00edticas e jur\u00eddicas: No passado apontado, nosso munic\u00edpio tinha em sua delegacia de Pol\u00edcia, dois livros: Livro 1, se fazia as anota\u00e7\u00f5es de atos supostamente il\u00edcitos, cometidos por pretos, pardos, pobres e putas, desde que as \u00faltimas n\u00e3o fossem amantes dos figur\u00f5es e, o livro 2, onde eram anotados os\u00a0 supostos delitos cometidos por figuras\u00a0 das fam\u00edlias tradicionais que mandavam no munic\u00edpio. Essa distin\u00e7\u00e3o de classe, visava punir sempre os indiciados no livro 1 e libertar os delituosos do livro 2. Houve dois casos iguais que eu tive acesso, mas o desfecho foi totalmente diferente: houve um caso de defloramento, praticado por um\u00a0 homem pobre anotado no livro 1, esse padeceu na cadeia por seis meses, apanhava dia sim e dia n\u00e3o, tomava banho frio duas vezes por semana, at\u00e9 ser condenado pela Justi\u00e7a;\u00a0 caso igual ocorreu com um filho do chamado figur\u00e3o da cidade \u00e1 \u00e9poca,\u00a0 o desfecho como esperado, foi completamente diferente: o rapaz, estudante universit\u00e1rio, a mo\u00e7a apenas uma empregada de sua resid\u00eancia, foi estuprada com\u00a0 crueldade, mas na delegacia mesmo, o ent\u00e3o delegado que agia como juiz, liberou o meliante e chamou o seu\u00a0 pai, que concordou a pedido do delegado, em conceder uma pequena indeniza\u00e7\u00e3o pela virgindade da jovem,\u00a0 a indeniza\u00e7\u00e3o, consistiu em 200 metros de fazenda (tecido) uma m\u00e1quina de costura Singer, consultas m\u00e9dicas em raz\u00e3o dos ferimentos e ponto final.\u00a0 Nos\u00a0 parece que para o mesmo suposto delito, o prefeito de Vit\u00f3ria da Conquista utiliza a r\u00e9gua narrada retro.\u00a0 FRAUDE,\u00a0 EM QUAL LIVRO? LIVRO 1 PUNUI\u00c7\u00c3O, LIVRO 2 ACEITA\u00c7\u00c3O. Leia a mat\u00e9ria at\u00e9 o final e escolha em qual livro colocar.<\/p>\n<p>&nbsp;<\/p>\n<p><img decoding=\"async\" loading=\"lazy\" class=\"size-full wp-image-34156 aligncenter\" src=\"http:\/\/www.blogdopaulonunes.com\/v4\/wp-content\/uploads\/2019\/04\/CIDADE-VERDE.jpg\" alt=\"\" width=\"768\" height=\"512\" \/><\/p>\n<p><img decoding=\"async\" loading=\"lazy\" class=\"size-full wp-image-44578 aligncenter\" src=\"http:\/\/www.blogdopaulonunes.com\/v4\/wp-content\/uploads\/2020\/11\/Atl\u00e2ntico-norte.png\" alt=\"\" width=\"417\" height=\"248\" \/><\/p>\n<p>Se comparamos os balan\u00e7os cont\u00e1beis da via\u00e7\u00e3o Atl\u00e2ntico com o balan\u00e7o da via\u00e7\u00e3o Cidade Verde fica evidente que ambos seguiram um padr\u00e3o cont\u00e1bil ou ambas fraudaram.<\/p>\n<h3>Onde est\u00e1 a fraude ?<\/h3>\n<p>Se as opera\u00e7\u00f5es cont\u00e1beis seguiram a mesma movimenta\u00e7\u00e3o poderia a via\u00e7\u00e3o Atl\u00e2ntico estar seguindo uma conven\u00e7\u00e3o cont\u00e1bil ? Tal qual a via\u00e7\u00e3o Cidade Verde fez, por\u00e9m insistem em caracterizar como fraude\u00a0 para uma empresa e para outra n\u00e3o.<\/p>\n<p>N\u00e3o h\u00e1 diferen\u00e7a entre a via\u00e7\u00e3o cidade verde e via\u00e7\u00e3o Atl\u00e2ntico quanto a conven\u00e7\u00e3o cont\u00e1bil. O que se constata gritante diferen\u00e7a \u00e9 que a Cidade Verde pagou, colocou nos cofres p\u00fablicos uma outorga de mais de seis milh\u00f5es, investiu em 90 \u00f4nibus zero km. Enquanto a Via\u00e7\u00e3o Atl\u00e2ntico retira dos cofres p\u00fablicos milh\u00f5es ao m\u00eas. Principalmente porque n\u00e3o se obriga\u00a0 a conduzir\u00a0 os usu\u00e1rios de \u00f4nibus na quantidade correspondente ao valor pago mensalmente, h\u00e1 not\u00edcia que n\u00e3o consegue conduzir a metade, sendo assim, a passagem passa a var\u00a0 7,60 (sete reais e sessenta centavos) metade paga pelo usu\u00e1rio real, a outra metade pelo restante da popula\u00e7\u00e3o conquistense compulsoriamente.<\/p>\n<p><iframe loading=\"lazy\" src=\"https:\/\/www.youtube.com\/embed\/iuU_kti_C6U\" width=\"560\" height=\"315\" frameborder=\"0\" allowfullscreen=\"allowfullscreen\" data-mce-fragment=\"1\"><\/iframe><\/p>\n<h3><strong>Entenda o caso<\/strong><\/h3>\n<p>N\u00e3o consta no sistema de consulta do Tribunal de Contas da Bahia (https:\/\/www.tcm.ba.gov.br\/consulta-processual\/ \u2013 processo n\u00ba 16555e20), registro da informa\u00e7\u00e3o de que Herzem Gusm\u00e3o Pereira teria cumprido a determina\u00e7\u00e3o do Conselheiro Raimundo Moreira, de apresenta\u00e7\u00e3o dos documentos relativos \u00e0 contrata\u00e7\u00e3o da Atl\u00e2ntico em 10 dias, prazo que venceu em 23\/11\/2020.<\/p>\n<p><iframe loading=\"lazy\" src=\"https:\/\/www.youtube.com\/embed\/b93wY4JYBk0\" width=\"560\" height=\"315\" frameborder=\"0\" allowfullscreen=\"allowfullscreen\" data-mce-fragment=\"1\"><\/iframe><\/p>\n<h3><strong>O que o Candidato est\u00e1 pretendendo esconder?<\/strong><\/h3>\n<p>Pode estar escondendo a fic\u00e7\u00e3o de um processo de sele\u00e7\u00e3o das empresas que pudessem se interessar na opera\u00e7\u00e3o do emergencial, porque, desafiando as leis da f\u00edsica, os carros vieram antes dos bois, uma vez que no \u201cTERMO DE REFER\u00caNCIA BOLA DE CRISTAL\u201d\u00a0 ou o \u201cTERMO DE REFER\u00caNCIA PARA INGL\u00caS VER\u201d do Prefeito Herzem consta no processo, o nome da Atl\u00e2ntico j\u00e1 constou como escolhida do Prefeito, enquanto os \u201cTERMOS DE REFER\u00caNCIAS S\u00c9RIOS\u201d em procedimentos de contrata\u00e7\u00f5es p\u00fablicas s\u00e9rias, s\u00e3o documentos que d\u00e3o in\u00edcio ao processo de escolha do melhor fornecedor, e, portanto, n\u00e3o podem, por raz\u00f5es l\u00f3gicas, conter o nome do fornecedor que ainda ser\u00e1 escolhido em procedimento s\u00e9rio, transparente e imparcial. Vejam no Termo que deveria guiar a escolha futura e n\u00e3o antecipar a futura escolha:<\/p>\n<p><iframe loading=\"lazy\" src=\"https:\/\/www.youtube.com\/embed\/Af4Mpalc6E4\" width=\"560\" height=\"315\" frameborder=\"0\" allowfullscreen=\"allowfullscreen\" data-mce-fragment=\"1\"><\/iframe><\/p>\n<p><img decoding=\"async\" loading=\"lazy\" class=\"size-full wp-image-44572 aligncenter\" src=\"http:\/\/www.blogdopaulonunes.com\/v4\/wp-content\/uploads\/2020\/11\/verde-1.png\" alt=\"\" width=\"497\" height=\"158\" \/><\/p>\n<p>Pode tamb\u00e9m estar escondendo o Balan\u00e7o Cont\u00e1bil da Atl\u00e2ntico, que cont\u00e9m o mesmo lan\u00e7amento de Cr\u00e9ditos de Pessoas Jur\u00eddicas Ligadas no Ativo Circulante, o lan\u00e7amento que o Prefeito Herzem exp\u00f5e com alarde que foi uma fraude do PT na licita\u00e7\u00e3o de 2013, trazendo grande d\u00favida: O Prefeito Herzem deseja esconder a mesma fraude pela sua escolhida Atl\u00e2ntico? OU\u2026n\u00e3o existe fraude alguma?<\/p>\n<p><img decoding=\"async\" loading=\"lazy\" class=\"size-full wp-image-44573 aligncenter\" src=\"http:\/\/www.blogdopaulonunes.com\/v4\/wp-content\/uploads\/2020\/11\/verde-2.png\" alt=\"\" width=\"625\" height=\"600\" \/><\/p>\n<h3>\u2013 Outra op\u00e7\u00e3o para explicar a n\u00e3o apresenta\u00e7\u00e3o do processo de contrata\u00e7\u00e3o ao Tribunal de Contas:<\/h3>\n<p>As propostas apresentadas por duas empresas que podem ter entrado numa M\u00c1QUINA DO TEMPO para apresentar suas propostas, pois s\u00f3 isso explicaria o fato de j\u00e1 haver o nome da Atl\u00e2ntico no TERMO DE REFER\u00caNCIA que \u00e9 documento que d\u00e1 o pontap\u00e9 no processo de contrata\u00e7\u00e3o, e por isso, n\u00e3o deveria ter nome de empresa alguma como contratada, enfim, as duas empresas apresentaram or\u00e7amentos como textos muito semelhantes, com letras, fontes, formata\u00e7\u00e3o muito parecida, como se na m\u00e1quina do tempo tivesse um modelo de proposta usado por ambas, que, provavelmente, n\u00e3o pertencem ao mesmo grupo e n\u00e3o tiveram as propostas digitadas pela mesma pessoa, mas s\u00e3o MUITO SEMELHANTES, PRATICAMENTE ID\u00caNTICAS (fontes de digita\u00e7\u00e3o, formata\u00e7\u00e3o\u2026)<\/p>\n<p><iframe loading=\"lazy\" src=\"https:\/\/www.youtube.com\/embed\/YbckO1MDdVg\" width=\"560\" height=\"315\" frameborder=\"0\" allowfullscreen=\"allowfullscreen\" data-mce-fragment=\"1\"><\/iframe><\/p>\n<p><img decoding=\"async\" loading=\"lazy\" class=\"size-full wp-image-44574 aligncenter\" src=\"http:\/\/www.blogdopaulonunes.com\/v4\/wp-content\/uploads\/2020\/11\/verde-3.png\" alt=\"\" width=\"450\" height=\"481\" \/><\/p>\n<p>O Candidato pode estar tamb\u00e9m tentando esconder que n\u00e3o houve avalia\u00e7\u00e3o cr\u00edtica das propostas com inusitada semelhan\u00e7a de formata\u00e7\u00e3o, e que o valor pago equivale a lan\u00e7ar dinheiro p\u00fablico ao vento, porque, no processo de contrata\u00e7\u00e3o emergencial, o mercado de transporte coletivo com in\u00fameras empresas n\u00e3o foi consultado em busca que quem pudesse operar mediante contrato de concess\u00e3o emergencial, recebendo somente a tarifa.<\/p>\n<p><img decoding=\"async\" loading=\"lazy\" class=\"size-full wp-image-44575 aligncenter\" src=\"http:\/\/www.blogdopaulonunes.com\/v4\/wp-content\/uploads\/2020\/11\/verde-4.png\" alt=\"\" width=\"626\" height=\"484\" \/><\/p>\n<p>O Candidato faz alarde da fraude em 2013 e contratou empresa por milh\u00f5es, desnecessariamente, com o mesmo lan\u00e7amento cont\u00e1bil, agindo como um legalismo de ocasi\u00e3o, como quem diz \u201cAOS AMIGOS TUDO, AOS INIMIGOS A LEI\u201d, e\u2026que lei \u00e9 essa? E ser\u00e1 que foi bem interpretada para considerar fraude algo que parece normal no mundo empresarial e cont\u00e1bil?<\/p>\n<p>O moralismo ou legalismo do candidato n\u00e3o ganha o mesmo alcance ao contratar a empresa Atl\u00e2ntico que n\u00e3o tem mais certid\u00e3o negativa porque \u00e9 devedora do Fisco Federal, com a \u00faltimo certid\u00e3o vencida no dia 21\/10\/2020:<\/p>\n<p><img decoding=\"async\" loading=\"lazy\" class=\"size-full wp-image-44576 aligncenter\" src=\"http:\/\/www.blogdopaulonunes.com\/v4\/wp-content\/uploads\/2020\/11\/verde-5.png\" alt=\"\" width=\"590\" height=\"171\" \/><\/p>\n<p>&nbsp;<\/p>\n<p>E a vontade de esconder informa\u00e7\u00f5es \u00e9 verificada tamb\u00e9m no Portal da Transpar\u00eancia da Prefeitura, que n\u00e3o mostra o contrato assinado com a Atl\u00e2ntico, disponibilizando todos os contratos do mundo, menos o contrato da Atl\u00e2ntico! O que o candidato tem a esconder num documento que deveria ser p\u00fablico?<\/p>\n<p><img decoding=\"async\" loading=\"lazy\" class=\"size-full wp-image-44577 aligncenter\" src=\"http:\/\/www.blogdopaulonunes.com\/v4\/wp-content\/uploads\/2020\/11\/verde-6.png\" alt=\"\" width=\"635\" height=\"244\" \/><\/p>\n<p>&nbsp;<\/p>\n<p>&nbsp;<\/p>\n<\/div>\n","protected":false},"excerpt":{"rendered":"<p>Por Blog do Paulo Nunes Vit\u00f3ria da Conquista \u00e9 um munic\u00edpio importante no Brasil, todavia a hist\u00f3ria nos mostra que os ares provincianos dos anos 50 e 60, voltaram a assombrar nas decis\u00f5es pol\u00edticas e jur\u00eddicas: No passado apontado, nosso munic\u00edpio tinha em sua delegacia de Pol\u00edcia, dois livros: Livro 1, se fazia as anota\u00e7\u00f5es [&hellip;]<\/p>\n","protected":false},"author":1,"featured_media":95746,"comment_status":"closed","ping_status":"closed","sticky":false,"template":"","format":"standard","meta":[],"categories":[1,5],"tags":[],"_links":{"self":[{"href":"https:\/\/blitzconquista.com.br\/index.php?rest_route=\/wp\/v2\/posts\/95744"}],"collection":[{"href":"https:\/\/blitzconquista.com.br\/index.php?rest_route=\/wp\/v2\/posts"}],"about":[{"href":"https:\/\/blitzconquista.com.br\/index.php?rest_route=\/wp\/v2\/types\/post"}],"author":[{"embeddable":true,"href":"https:\/\/blitzconquista.com.br\/index.php?rest_route=\/wp\/v2\/users\/1"}],"replies":[{"embeddable":true,"href":"https:\/\/blitzconquista.com.br\/index.php?rest_route=%2Fwp%2Fv2%2Fcomments&post=95744"}],"version-history":[{"count":1,"href":"https:\/\/blitzconquista.com.br\/index.php?rest_route=\/wp\/v2\/posts\/95744\/revisions"}],"predecessor-version":[{"id":95747,"href":"https:\/\/blitzconquista.com.br\/index.php?rest_route=\/wp\/v2\/posts\/95744\/revisions\/95747"}],"wp:featuredmedia":[{"embeddable":true,"href":"https:\/\/blitzconquista.com.br\/index.php?rest_route=\/wp\/v2\/media\/95746"}],"wp:attachment":[{"href":"https:\/\/blitzconquista.com.br\/index.php?rest_route=%2Fwp%2Fv2%2Fmedia&parent=95744"}],"wp:term":[{"taxonomy":"category","embeddable":true,"href":"https:\/\/blitzconquista.com.br\/index.php?rest_route=%2Fwp%2Fv2%2Fcategories&post=95744"},{"taxonomy":"post_tag","embeddable":true,"href":"https:\/\/blitzconquista.com.br\/index.php?rest_route=%2Fwp%2Fv2%2Ftags&post=95744"}],"curies":[{"name":"wp","href":"https:\/\/api.w.org\/{rel}","templated":true}]}}