{"id":95769,"date":"2020-11-30T04:10:17","date_gmt":"2020-11-30T07:10:17","guid":{"rendered":"http:\/\/blitzconquista.com.br\/?p=95769"},"modified":"2020-11-30T04:10:17","modified_gmt":"2020-11-30T07:10:17","slug":"herzem-reeleito","status":"publish","type":"post","link":"https:\/\/blitzconquista.com.br\/?p=95769","title":{"rendered":"Herzem\u00a0reeleito!\u00a0"},"content":{"rendered":"<figure id=\"attachment_95771\" aria-describedby=\"caption-attachment-95771\" style=\"width: 459px\" class=\"wp-caption aligncenter\"><img decoding=\"async\" loading=\"lazy\" class=\" wp-image-95771\" src=\"http:\/\/blitzconquista.com.br\/wp-content\/uploads\/2020\/11\/Herzem-Sheila-Blog-do-Reda\u00e7\u00e3o.jpeg\" alt=\"\" width=\"459\" height=\"291\" \/><figcaption id=\"caption-attachment-95771\" class=\"wp-caption-text\">Imagem: Blog do Reda\u00e7\u00e3o<\/figcaption><\/figure>\n<p><span data-ccp-props=\"{&quot;201341983&quot;:0,&quot;335559739&quot;:160,&quot;335559740&quot;:259}\">\u00a0<\/span><\/p>\n<p><span data-contrast=\"auto\">Com maioria incontest\u00e1vel dos votos v\u00e1lidos, o atual prefeito foi reeleito neste domingo (29), de forma surpreendente. A sua coliga\u00e7\u00e3o obteve tamanho sucesso com a quantidade de votos alcan\u00e7ados que (acredito) nem eles esperavam tanto.<\/span><span data-ccp-props=\"{&quot;201341983&quot;:0,&quot;335551550&quot;:1,&quot;335551620&quot;:1,&quot;335559739&quot;:160,&quot;335559740&quot;:259}\">\u00a0<\/span><\/p>\n<p><span data-contrast=\"auto\">Ouvi um ex-vereador da ala centro esquerda explicar com um breve hist\u00f3rico\u00a0como foi constru\u00edda a vit\u00f3ria do MDB na cidade:\u00a0<\/span><span data-ccp-props=\"{&quot;201341983&quot;:0,&quot;335559739&quot;:160,&quot;335559740&quot;:259}\">\u00a0<\/span><\/p>\n<p><span data-contrast=\"auto\">Herzem<\/span><span data-contrast=\"auto\">\u00a0teve espa\u00e7o e construiu a reelei\u00e7\u00e3o, baseando-se nesses argumentos:<\/span><span data-ccp-props=\"{&quot;201341983&quot;:0,&quot;335559739&quot;:160,&quot;335559740&quot;:259}\">\u00a0<\/span><\/p>\n<p><span data-contrast=\"auto\">1\u00ba. Atribuiu ao ex-prefeito Guilherme culpa porque comprou uma usina de asfalto nova e n\u00e3o a usou imediatamente para fazer a campanha anterior de Z\u00e9 Raimundo; deixou a prefeitura com as contas sanadas, em condi\u00e7\u00f5es de contrair empr\u00e9stimos, como aconteceu quando captaram os recursos do\u00a0<\/span><span data-contrast=\"auto\">Finisa<\/span><span data-contrast=\"auto\">\u00a0I e II; entregou projetos prontos e recursos de obras a serem feitas e\/ou terminadas sem usar antes daquele pleito (Ol\u00edvia Flores,\u00a0Perimetral, terminal de \u00f4nibus\u00a0etc);\u00a0<\/span><span data-ccp-props=\"{&quot;201341983&quot;:0,&quot;335559739&quot;:160,&quot;335559740&quot;:259}\">\u00a0<\/span><\/p>\n<p><span data-contrast=\"auto\">2\u00ba. Os vereadores de oposi\u00e7\u00e3o presentearam o prefeito com a aprova\u00e7\u00e3o do\u00a0<\/span><span data-contrast=\"auto\">Finisa<\/span><span data-contrast=\"auto\">\u00a0I e II; fizeram vistas grossas a desmandos do prefeito; n\u00e3o fiscalizaram a invas\u00e3o das v\u00e3s, permitindo a destrui\u00e7\u00e3o do sistema de\u00a0<\/span><span data-contrast=\"auto\">transporte<\/span><span data-contrast=\"auto\">\u00a0coletivo;<\/span><span data-ccp-props=\"{&quot;201341983&quot;:0,&quot;335551550&quot;:1,&quot;335551620&quot;:1,&quot;335559739&quot;:160,&quot;335559740&quot;:259}\">\u00a0<\/span><\/p>\n<p><span data-contrast=\"auto\">3\u00ba. As lideran\u00e7as do PT n\u00e3o atentaram para o crescimento do conservadorismo (<\/span><span data-contrast=\"auto\">bolsonariano<\/span><span data-contrast=\"auto\">), quando a vota\u00e7\u00e3o do presidente Bolsonaro foi de 70 mil votos na cidade; demandaram muito mais esfor\u00e7o em fazer vereadores do que trabalhar para alcan\u00e7ar o executivo municipal; e erraram na estrat\u00e9gia do debate;<\/span><span data-ccp-props=\"{&quot;201341983&quot;:0,&quot;335551550&quot;:1,&quot;335551620&quot;:1,&quot;335559739&quot;:160,&quot;335559740&quot;:259}\">\u00a0<\/span><\/p>\n<p><span data-contrast=\"auto\">Considerando a atitude \u00e9tica de preservar o uso da m\u00e1quina para se manter no poder como ingenuidade, todos esses argumentos est\u00e3o corretos.<\/span><span data-ccp-props=\"{&quot;201341983&quot;:0,&quot;335551550&quot;:1,&quot;335551620&quot;:1,&quot;335559739&quot;:160,&quot;335559740&quot;:259}\">\u00a0<\/span><\/p>\n<p><span data-contrast=\"auto\">Poderia concluir, ent\u00e3o, que assistimos a um pleito eleitoral justo.\u00a0<\/span><span data-ccp-props=\"{&quot;201341983&quot;:0,&quot;335551550&quot;:1,&quot;335551620&quot;:1,&quot;335559739&quot;:160,&quot;335559740&quot;:259}\">\u00a0<\/span><\/p>\n<p><span data-contrast=\"auto\">Mas n\u00e3o \u00e9 assim que penso. Vivemos em uma sociedade cuja ordem deve ser mantida pela obedi\u00eancia a regras, e penso que\u00a0<\/span><span data-contrast=\"auto\">segui-las<\/span><span data-contrast=\"auto\"> \u00e9 o melhor. Se h\u00e1 necessidade de mudan\u00e7a no ordenamento, ent\u00e3o h\u00e1 que se lutar pela mudan\u00e7a na via democr\u00e1tica. Tamb\u00e9m entendo que chegar ao poder sem passar por atalhos <\/span><span data-contrast=\"auto\">nos<\/span><span data-contrast=\"auto\">\u00a0traz dignidade. Vit\u00f3ria na pol\u00edtica \u00e9 quando se obt\u00e9m benef\u00edcio para o povo (ESSE<\/span><b><span data-contrast=\"auto\">\u00a0\u00c9<\/span><\/b><span data-contrast=\"auto\">\u00a0O OBJETIVO). A esquerda em Conquista poder\u00e1 demonstrar isso se fizer oposi\u00e7\u00e3o respons\u00e1vel e \u00e9tica, fiscalizando, sem que um ou outro se venda pela esmola da realiza\u00e7\u00e3o de emendas obrigat\u00f3rias ou n\u00e3o.<\/span><span data-ccp-props=\"{&quot;201341983&quot;:0,&quot;335551550&quot;:1,&quot;335551620&quot;:1,&quot;335559739&quot;:160,&quot;335559740&quot;:259}\">\u00a0<\/span><\/p>\n","protected":false},"excerpt":{"rendered":"<p>\u00a0 Com maioria incontest\u00e1vel dos votos v\u00e1lidos, o atual prefeito foi reeleito neste domingo (29), de forma surpreendente. A sua coliga\u00e7\u00e3o obteve tamanho sucesso com a quantidade de votos alcan\u00e7ados que (acredito) nem eles esperavam tanto.\u00a0 Ouvi um ex-vereador da ala centro esquerda explicar com um breve hist\u00f3rico\u00a0como foi constru\u00edda a vit\u00f3ria do MDB na [&hellip;]<\/p>\n","protected":false},"author":1,"featured_media":95771,"comment_status":"closed","ping_status":"closed","sticky":false,"template":"","format":"standard","meta":[],"categories":[212,521,29],"tags":[],"_links":{"self":[{"href":"https:\/\/blitzconquista.com.br\/index.php?rest_route=\/wp\/v2\/posts\/95769"}],"collection":[{"href":"https:\/\/blitzconquista.com.br\/index.php?rest_route=\/wp\/v2\/posts"}],"about":[{"href":"https:\/\/blitzconquista.com.br\/index.php?rest_route=\/wp\/v2\/types\/post"}],"author":[{"embeddable":true,"href":"https:\/\/blitzconquista.com.br\/index.php?rest_route=\/wp\/v2\/users\/1"}],"replies":[{"embeddable":true,"href":"https:\/\/blitzconquista.com.br\/index.php?rest_route=%2Fwp%2Fv2%2Fcomments&post=95769"}],"version-history":[{"count":1,"href":"https:\/\/blitzconquista.com.br\/index.php?rest_route=\/wp\/v2\/posts\/95769\/revisions"}],"predecessor-version":[{"id":95772,"href":"https:\/\/blitzconquista.com.br\/index.php?rest_route=\/wp\/v2\/posts\/95769\/revisions\/95772"}],"wp:featuredmedia":[{"embeddable":true,"href":"https:\/\/blitzconquista.com.br\/index.php?rest_route=\/wp\/v2\/media\/95771"}],"wp:attachment":[{"href":"https:\/\/blitzconquista.com.br\/index.php?rest_route=%2Fwp%2Fv2%2Fmedia&parent=95769"}],"wp:term":[{"taxonomy":"category","embeddable":true,"href":"https:\/\/blitzconquista.com.br\/index.php?rest_route=%2Fwp%2Fv2%2Fcategories&post=95769"},{"taxonomy":"post_tag","embeddable":true,"href":"https:\/\/blitzconquista.com.br\/index.php?rest_route=%2Fwp%2Fv2%2Ftags&post=95769"}],"curies":[{"name":"wp","href":"https:\/\/api.w.org\/{rel}","templated":true}]}}